{"id":2964,"date":"2010-01-16T12:42:02","date_gmt":"2010-01-16T10:42:02","guid":{"rendered":"http:\/\/terragina.de\/blog\/2010\/01\/16\/umdekoriert\/"},"modified":"2011-07-09T10:15:13","modified_gmt":"2011-07-09T08:15:13","slug":"umdekoriert","status":"publish","type":"post","link":"https:\/\/terragina.de\/blog\/2010\/01\/16\/umdekoriert\/","title":{"rendered":"Umdekoriert"},"content":{"rendered":"<p>Inspiriert vom lieben <a href=\"http:\/\/fraeuleinfrieda.wordpress.com\/2010\/01\/11\/ende-der-eiszeit\/\" title=\"Frl. Friedas Tisch-Deko\">Frl. Frieda<\/a> sah ich mich dazu veranlasst, meinen Kerzenst\u00c3\u00a4nder auch endlich umzudekorieren. Wobei, so ganz stimmt das nicht, denn mein \u00e2\u20ac\u017eAdvents-Kerzenst\u00c3\u00a4nder\u00e2\u20ac\u009d ist ein silberfarbener. Von der Art her diesem hier sehr \u00c3\u00a4hnlich, aber ein wenig kleiner als mein \u00e2\u20ac\u017eGanzjahres-Kerzenst\u00c3\u00a4nder\u00e2\u20ac\u009d. Dieser zog unmittelbar vor unserem Skiurlaub schon in den Keller um, um dort wieder &#8211; gut in einer T\u00c3\u00bcte verstaut &#8211; bis zu seinem n\u00c3\u00a4chsten Einsatz in ein kleines Abstell-Dingens unter unserer Treppe zu wandern.<\/p>\n<p>Gar nicht so einfach, die Ideen vor meinem geistigen Auge umzusetzen. :roll: Vorgestern zog ich los (w\u00c3\u00a4hrend das Tochterkind beim Friseur sa\u00c3\u0178) und schaute <a href=\"http:\/\/www.depot-online.com\/\" title=\"Das Depot\">hier<\/a> (im Ladengesch\u00c3\u00a4ft im hiesigen Einkaufszentrum) nach Deko-Ideen. Wei\u00c3\u0178-Gr\u00c3\u00bcn sollte der Kerzenst\u00c3\u00a4nder werden, denn die Schneeballkerzen hatte ich noch im Schrank gebunkert vom Winter 2008\/2009 (das ist kein Schreibfehler, ich hatte sie damals sehr g\u00c3\u00bcnstig in einem gro\u00c3\u0178en M\u00c3\u00b6belladen zwischen den Jahren erstanden). Gr\u00c3\u00bcn schaut schon ganz leicht nach Fr\u00c3\u00bchling aus, aber noch nicht zu viel. Und so hatte ich mir Deko-Moos als Untergrund in den Kopf gesetzt. Ich sah auch welches &#8211; sch\u00c3\u00b6n dekoriert vom Ladenpersonal. In Reagenzgl\u00c3\u00a4sern, in Vasen, Schalen &#8211; \u00c3\u00bcberall &#8211; aber nirgendwo fand ich es abgepackt, um es mit nach Hause zu nehmen. Es kam, wie es kommen musste &#8211; die Verk\u00c3\u00a4uferin sagte nur lapidar: \u00e2\u20ac\u017eAusverkauft &#8211; kommt n\u00c3\u00a4chste Woche wieder\u00e2\u20ac\u009d. Wie schade&#8230;<\/p>\n<p>Gestern dann ein erneuter Versuch. Mit dem Tochterkind bin ich in die Innenstadt gefahren. Eigentlich hatte ich ja keine Lust, im Dienste der Tochter meinen Geldbeutel spazieren zu tragen. Andererseits wusste ich ja ganz genau, dass es auch dort noch einen &#8211; noch ein wenig gr\u00c3\u00b6\u00c3\u0178eren &#8211; Laden dieser Kette gibt. Also ab in die Stra\u00c3\u0178enbahn und rein ins Innenstadtget\u00c3\u00bcmmel. Wobei es ging &#8211; merkw\u00c3\u00bcrdigerweise war es gar nicht so voll in der City. Aber wahrscheinlich liegt es einfach nur daran, dass die gro\u00c3\u0178en Weihnachts- und Umtausch-Aktionen hinter uns liegen.<\/p>\n<p>Nachdem die Tochter die gew\u00c3\u00bcnschten Klamotten also gl\u00c3\u00bccklich in der T\u00c3\u00bcte hin und her schwang, st\u00c3\u00bcrmten wir den Deko-Laden. Schlie\u00c3\u0178lich wusste ich sehr genau, wonach ich suchte und schnappte mir direkt die n\u00c3\u00a4chste verf\u00c3\u00bcgbare Verk\u00c3\u00a4uferin. Und nat\u00c3\u00bcrlich bekam ich &#8211; fast &#8211; die gleiche Antwort: \u00e2\u20ac\u017eAusverkauft &#8211; derzeit nicht lieferbar\u00e2\u20ac\u009d. Aha! Das ist ja interessant&#8230; kommt es jetzt nochmal oder nicht? In diesem Moment beschloss ich f\u00c3\u00bcr mich, meine Pl\u00c3\u00a4ne ein wenig zu \u00c3\u00a4ndern und befragte mein Kind, ob sie nicht eine sch\u00c3\u00b6ne Idee f\u00c3\u00bcr unseren ach so kahlen St\u00c3\u00a4nder mit den dicken wei\u00c3\u0178en Kerzen h\u00c3\u00a4tte&#8230; und sie hatte eine. :sing: Also flitzen wir fix durch die G\u00c3\u00a4nge und suchten uns ein paar sch\u00c3\u00b6ne Dinge zusammen.<\/p>\n<p>Gr\u00c3\u00bcner Organza als Untergrund ist`s nun geworden. :dance: Dazu konnte ich mir meine sch\u00c3\u00b6nen Herzsteine und die wei\u00c3\u0178en Kugeln mit den h\u00c3\u00bcbschen braunen Ornamenten (mal zu Frl. Frieda schiele&#8230;), die ich mir mal von einem Besuch bei <a href=\"http:\/\/www.poetschke.de\/\" title=\"Onlineshop G\u00c3\u00a4rtner P\u00c3\u00b6tschke\">P\u00c3\u00b6tschke<\/a> mitgenommen hatte, sehr gut vorstellen. :yes1:<\/p>\n<p>Im De*pot fand ich passend dazu noch h\u00c3\u00bcbsche, braun gef\u00c3\u00a4rbte <span style=\"text-decoration: line-through\">und leider auch relativ teure<\/span> Bambusstangen, ein paar gr\u00c3\u00bcne \u00e2\u20ac\u009dSchiffchen-Bl\u00c3\u00a4tter\u00e2\u20ac\u009d, wei\u00c3\u0178e Stoff-Tulpen, zwei B\u00c3\u00bcschel Gr\u00c3\u00a4ser und eine Stoff-Hyazinthe. :)<\/p>\n<p>Und so schaut\u00c2\u00b4s jetzt auf unserem Esstisch aus:<\/p>\n<p style=\"text-align: center;\"><img loading=\"lazy\" decoding=\"async\" src=\"http:\/\/terragina.de\/blog\/wp-content\/uploads\/2010\/01\/winter_kerzendeko_01.jpg\" width=\"580\" height=\"435\" alt=\"winter_kerzendeko_01.jpg\" \/><\/p>\n<div style=\"text-align: center;\">\n  \n<\/div>\n<div style=\"text-align: center;\">\n  <img loading=\"lazy\" decoding=\"async\" src=\"http:\/\/terragina.de\/blog\/wp-content\/uploads\/2010\/01\/winter_kerzendeko_02.jpg\" width=\"580\" height=\"435\" alt=\"winter_kerzendeko_02.jpg\" \/>\n<\/div>\n<p>Und bei Euch so? Ist bei Euch das Fr\u00c3\u00bchling schon eingezogen? Oder habt Ihr Euch noch nicht von der Weihnachtsdeko trennen k\u00c3\u00b6nnen?<\/p>\n","protected":false},"excerpt":{"rendered":"<p>Inspiriert vom lieben Frl. Frieda sah ich mich dazu veranlasst, meinen Kerzenst\u00c3\u00a4nder auch endlich umzudekorieren. Wobei, so ganz stimmt das nicht, denn mein \u00e2\u20ac\u017eAdvents-Kerzenst\u00c3\u00a4nder\u00e2\u20ac\u009d ist ein silberfarbener. Von der Art her diesem hier sehr \u00c3\u00a4hnlich, aber ein wenig kleiner als mein \u00e2\u20ac\u017eGanzjahres-Kerzenst\u00c3\u00a4nder\u00e2\u20ac\u009d. Dieser zog unmittelbar vor unserem Skiurlaub schon in den Keller um, um dort wieder &#8211; gut in einer T\u00c3\u00bcte verstaut &#8211; bis zu seinem n\u00c3\u00a4chsten Einsatz in ein kleines Abstell-Dingens unter unserer Treppe zu wandern. Gar nicht so einfach, die Ideen vor meinem geistigen Auge umzusetzen. :roll: Vorgestern zog ich los (w\u00c3\u00a4hrend das Tochterkind beim Friseur sa\u00c3\u0178) und schaute hier (im Ladengesch\u00c3\u00a4ft im hiesigen Einkaufszentrum) nach Deko-Ideen. Wei\u00c3\u0178-Gr\u00c3\u00bcn sollte der Kerzenst\u00c3\u00a4nder werden, denn die Schneeballkerzen hatte ich noch im Schrank gebunkert vom Winter 2008\/2009 (das ist kein Schreibfehler, ich hatte sie damals sehr g\u00c3\u00bcnstig in einem gro\u00c3\u0178en M\u00c3\u00b6belladen zwischen den Jahren erstanden). Gr\u00c3\u00bcn schaut schon ganz leicht nach Fr\u00c3\u00bchling aus, aber noch nicht zu viel. Und so hatte ich mir Deko-Moos als Untergrund in den Kopf gesetzt. Ich sah auch welches &#8211; sch\u00c3\u00b6n &hellip;<\/p>\n","protected":false},"author":1,"featured_media":0,"comment_status":"open","ping_status":"open","sticky":false,"template":"","format":"standard","meta":{"_jetpack_newsletter_access":"","_jetpack_dont_email_post_to_subs":false,"_jetpack_newsletter_tier_id":0,"_jetpack_memberships_contains_paywalled_content":false,"_jetpack_memberships_contains_paid_content":false,"footnotes":""},"categories":[98],"tags":[97,362,66],"class_list":["post-2964","post","type-post","status-publish","format-standard","hentry","category-dekoratives","tag-dekoration","tag-kerzen","tag-winter"],"jetpack_sharing_enabled":true,"jetpack_shortlink":"https:\/\/wp.me\/pq7aY-LO","jetpack_likes_enabled":true,"jetpack-related-posts":[],"jetpack_featured_media_url":"","_links":{"self":[{"href":"https:\/\/terragina.de\/blog\/wp-json\/wp\/v2\/posts\/2964","targetHints":{"allow":["GET"]}}],"collection":[{"href":"https:\/\/terragina.de\/blog\/wp-json\/wp\/v2\/posts"}],"about":[{"href":"https:\/\/terragina.de\/blog\/wp-json\/wp\/v2\/types\/post"}],"author":[{"embeddable":true,"href":"https:\/\/terragina.de\/blog\/wp-json\/wp\/v2\/users\/1"}],"replies":[{"embeddable":true,"href":"https:\/\/terragina.de\/blog\/wp-json\/wp\/v2\/comments?post=2964"}],"version-history":[{"count":0,"href":"https:\/\/terragina.de\/blog\/wp-json\/wp\/v2\/posts\/2964\/revisions"}],"wp:attachment":[{"href":"https:\/\/terragina.de\/blog\/wp-json\/wp\/v2\/media?parent=2964"}],"wp:term":[{"taxonomy":"category","embeddable":true,"href":"https:\/\/terragina.de\/blog\/wp-json\/wp\/v2\/categories?post=2964"},{"taxonomy":"post_tag","embeddable":true,"href":"https:\/\/terragina.de\/blog\/wp-json\/wp\/v2\/tags?post=2964"}],"curies":[{"name":"wp","href":"https:\/\/api.w.org\/{rel}","templated":true}]}}