{"id":2988,"date":"2010-01-19T17:03:03","date_gmt":"2010-01-19T15:03:03","guid":{"rendered":"http:\/\/terragina.de\/blog\/2010\/01\/19\/habt-ihr-schon-gehoert\/"},"modified":"2011-07-09T10:14:59","modified_gmt":"2011-07-09T08:14:59","slug":"habt-ihr-schon-gehoert","status":"publish","type":"post","link":"https:\/\/terragina.de\/blog\/2010\/01\/19\/habt-ihr-schon-gehoert\/","title":{"rendered":"Habt Ihr schon geh\u00c3\u00b6rt&#8230;"},"content":{"rendered":"<p>&#8230; das <strong>Unwort des Jahres 2009<\/strong> hei\u00c3\u0178t<\/p>\n<p><span style=\"color: #810a81;\">BETRIEBSRATSVERSEUCHT<\/span><\/p>\n<p>Aaah ja! :pfeif:<\/p>\n<p>Dieses wurde heute in Frankfurt gek\u00c3\u00bcrt.<\/p>\n<p>Die Jury hatte die Qual der Wahl unter 2018 Vorschl\u00c3\u00a4gen. Sie ist der Ansicht, dass man eine Arbeitnehmervereinigung nicht als \u00e2\u20ac\u017eSeuche\u00e2\u20ac\u009d bezeichnen d\u00c3\u00bcrfe. Es sei zumindest ein sprachlicher Tiefpunkt im Umgang mit Lohnabh\u00c3\u00a4ngigen&#8230; :yes: Wohl wahr&#8230;<\/p>\n<p><a title=\"Das Unwort und die Tagesschau\" href=\"http:\/\/www.tagesschau.de\/inland\/unwort106.html\">Hier<\/a> gibt`s \u00c3\u00bcbrigens noch ein paar mehr Informationen dazu. :yes:<\/p>\n<p>Und das <strong>Wort des Jahres<\/strong>?<\/p>\n<p>Ja genau &#8211; das war ja die<\/p>\n<p><span style=\"color: #810a81;\">ABWRACKPR\u00c3\u201eMIE<\/span><\/p>\n<p><span style=\"color: #810a81;\"><br \/>\n<\/span><\/p>\n<p>Nun frage ich mich nur noch, was mir das bringt, wenn ich dieses Unwort kenne, welches ich wohl sowieso eher selten bis gar nicht in den Mund nehmen werde&#8230; wozu auch?<\/p>\n<p><span style=\"color: #810a81;\"><br \/>\n<\/span><\/p>\n<p><span style=\"color: #810a81;\"><br \/>\n<\/span><\/p>\n","protected":false},"excerpt":{"rendered":"<p>&#8230; das Unwort des Jahres 2009 hei\u00c3\u0178t BETRIEBSRATSVERSEUCHT Aaah ja! :pfeif: Dieses wurde heute in Frankfurt gek\u00c3\u00bcrt. Die Jury hatte die Qual der Wahl unter 2018 Vorschl\u00c3\u00a4gen. Sie ist der Ansicht, dass man eine Arbeitnehmervereinigung nicht als \u00e2\u20ac\u017eSeuche\u00e2\u20ac\u009d bezeichnen d\u00c3\u00bcrfe. Es sei zumindest ein sprachlicher Tiefpunkt im Umgang mit Lohnabh\u00c3\u00a4ngigen&#8230; :yes: Wohl wahr&#8230; Hier gibt`s \u00c3\u00bcbrigens noch ein paar mehr Informationen dazu. :yes: Und das Wort des Jahres? Ja genau &#8211; das war ja die ABWRACKPR\u00c3\u201eMIE Nun frage ich mich nur noch, was mir das bringt, wenn ich dieses Unwort kenne, welches ich wohl sowieso eher selten bis gar nicht in den Mund nehmen werde&#8230; wozu auch?<\/p>\n","protected":false},"author":1,"featured_media":0,"comment_status":"open","ping_status":"open","sticky":false,"template":"","format":"standard","meta":{"_jetpack_newsletter_access":"","_jetpack_dont_email_post_to_subs":false,"_jetpack_newsletter_tier_id":0,"_jetpack_memberships_contains_paywalled_content":false,"_jetpack_memberships_contains_paid_content":false,"footnotes":""},"categories":[73,114],"tags":[968,319,973],"class_list":["post-2988","post","type-post","status-publish","format-standard","hentry","category-aktuell","category-plauderecke","tag-aktuell","tag-nur-so","tag-plauderecke"],"jetpack_sharing_enabled":true,"jetpack_shortlink":"https:\/\/wp.me\/pq7aY-Mc","jetpack_likes_enabled":true,"jetpack-related-posts":[],"jetpack_featured_media_url":"","_links":{"self":[{"href":"https:\/\/terragina.de\/blog\/wp-json\/wp\/v2\/posts\/2988","targetHints":{"allow":["GET"]}}],"collection":[{"href":"https:\/\/terragina.de\/blog\/wp-json\/wp\/v2\/posts"}],"about":[{"href":"https:\/\/terragina.de\/blog\/wp-json\/wp\/v2\/types\/post"}],"author":[{"embeddable":true,"href":"https:\/\/terragina.de\/blog\/wp-json\/wp\/v2\/users\/1"}],"replies":[{"embeddable":true,"href":"https:\/\/terragina.de\/blog\/wp-json\/wp\/v2\/comments?post=2988"}],"version-history":[{"count":0,"href":"https:\/\/terragina.de\/blog\/wp-json\/wp\/v2\/posts\/2988\/revisions"}],"wp:attachment":[{"href":"https:\/\/terragina.de\/blog\/wp-json\/wp\/v2\/media?parent=2988"}],"wp:term":[{"taxonomy":"category","embeddable":true,"href":"https:\/\/terragina.de\/blog\/wp-json\/wp\/v2\/categories?post=2988"},{"taxonomy":"post_tag","embeddable":true,"href":"https:\/\/terragina.de\/blog\/wp-json\/wp\/v2\/tags?post=2988"}],"curies":[{"name":"wp","href":"https:\/\/api.w.org\/{rel}","templated":true}]}}