{"id":3043,"date":"2010-01-28T16:01:42","date_gmt":"2010-01-28T14:01:42","guid":{"rendered":"http:\/\/terragina.de\/blog\/2010\/01\/28\/eingefangen-und-erinnerungen\/"},"modified":"2011-07-09T10:14:33","modified_gmt":"2011-07-09T08:14:33","slug":"eingefangen-und-erinnerungen","status":"publish","type":"post","link":"https:\/\/terragina.de\/blog\/2010\/01\/28\/eingefangen-und-erinnerungen\/","title":{"rendered":"Eingefangen und Erinnerungen"},"content":{"rendered":"<p>Von allen Seiten h\u00c3\u00b6re ich es &#8211; diese Miss-Stimmung bez\u00c3\u00bcglich des Winters. \u00c3\u0153berall h\u00c3\u00b6re ich nur \u00e2\u20ac\u017eIch mag keinen Schnee mehr sehen\u00e2\u20ac\u009d, \u00e2\u20ac\u017eIch habe keine Lust mehr, Schnee zu schippen und die Scheibe frei zu kratzen\u00e2\u20ac\u009d und letztenendes \u00e2\u20ac\u017eIch will endlich Fr\u00c3\u00bchling\u00e2\u20ac\u009d.<\/p>\n<p>Ich kann`s auch verstehen! Auf der anderen Seite haben wir nunmal vier Jahreszeiten und jede einzelne hat ihren Reiz. Auch kann ich mich nicht mehr daran erinnern, dass wir mal so einen Winter hatten. Der mu\u00c3\u0178 schon so weit zur\u00c3\u00bcck liegen in meiner Kindheit &#8211; ein paar einzelne Fotos erinnern noch daran. Und deswegen stelle ich mich auf die andere Seite. Auch, wenn ich morgens <span style=\"text-decoration: line-through\">Eis kratzen mu\u00c3\u0178<\/span> auf schneebedeckten Stra\u00c3\u0178en auf die Arbeit zuckeln mu\u00c3\u0178, hinter mir ein nerv\u00c3\u00b6ser LKW-Fahrer, der meinte, er m\u00c3\u00bcsste meinem kleinen Snoopy (Modell Renault Twingo) auf die Pelle r\u00c3\u00bccken. :irre: Von Rennsemmel konnte heute morgen keine Rede sein &#8211; ich bin aber immerhin 90 km\/h gefahren bei starkem Schneefall.<\/p>\n<p>Gut, ich gebe zu &#8211; ich neige in solchen Situationen sehr dazu, nerv\u00c3\u00b6s zu werden. :noidea: Wie ich jenen LKW dann aber (auf der an dieser Stelle vierspurigen Autobahn) rechts neben mir \u00c3\u00bcberholen sah (ich befand mich auf der 2. Spur von rechts, weil ich noch ein St\u00c3\u00bcckchen weiter gerade aus bis zur n\u00c3\u00a4chsten Ausfahrt mu\u00c3\u0178te), eine Spur weiter links auch ein LKW und ganz links noch ein weiterer, der meinte, er m\u00c3\u00bcsse so richtig Gas geben, wurde mir ganz anders. :( Und dabei hatte ich eh schon Kopfschmerzen &#8211; was ja auch kein Wunder ist bei einem Temperaturunterschied von 18\u00c2\u00b0C&#8230;!<\/p>\n<p>Lange Rede, kurzer Sinn &#8211; das war heute nicht mein <span style=\"text-decoration: line-through\">Tag<\/span> Vormittag. Ich war heilfroh, als ich auf der Arbeit ankam.<\/p>\n<p>Warum ich so nerv\u00c3\u00b6s werde? Das will ich gerne &#8211; in einer Kurzfassung &#8211; erz\u00c3\u00a4hlen.<\/p>\n<p>17 Jahre jung war ich, als ich einen schweren Autounfall hatte. Ich sa\u00c3\u0178 damals im Fond eines Golf GTI in der Mitte. Ein Modell ohne Sicherheitsgurte hinten. Der Fahrer verriss in einer Kurve das Lenkrad und ich wurde hinausbef\u00c3\u00b6rdert, w\u00c3\u00a4hrend sich das Auto mit weiteren vier Insassen noch zweimal \u00c3\u00bcberschlug (es ist keinem etwas passiert, ausser einem Schleudertrauma des Fahrers und einem gebrochenen Arm). Mich hat\u00c2\u00b4s da leider etwas \u00c3\u00a4rger erwischt. Dabei hatte ich noch Gl\u00c3\u00bcck im Ungl\u00c3\u00bcck, denn die Scheibe flog vor mir raus, sonst h\u00c3\u00a4tte die Gesichts-Chirurgie vermutlich auch gut an mir verdient. So lautete die Diagnose nur: 2 Wirbelbr\u00c3\u00bcche, komplett ausgeschlagene Frontz\u00c3\u00a4hne, Radiusfraktur im Handgelenk und ein gebrochenes Brustbein + etliche Sch\u00c3\u00bcrfwunden. Trotzdem kann ich auch heute meinem damaligen Schutzengel nur danken!<\/p>\n<p>Das bescherte mir dann einen 6-w\u00c3\u00b6chigen Krankenhausaufenthalt, wovon ich glaube ich vier Wochen ausschlie\u00c3\u0178lich auf dem R\u00c3\u00bccken liegen durfte. :roll:<\/p>\n<p>Nun aber genug davon! Ich wollte nur erz\u00c3\u00a4hlen, warum ich wohl die grauenhafteste Mitfahrerin bin, die man sich nur vorstellen kann. Und wenn jemand da drau\u00c3\u0178en einen Tipp hat, wie ich das abstellen kann, dann bittesch\u00c3\u00b6n immer her damit ;-)<\/p>\n<p>Und nun zur\u00c3\u00bcck zum Thema, denn eigentlich wollte ich hier ja etwas zeigen, was viele von uns schon lange nicht mehr gesehen haben &#8211; schaut mal hier:<\/p>\n<div style=\"text-align: center;\">\n  <img loading=\"lazy\" decoding=\"async\" src=\"http:\/\/terragina.de\/blog\/wp-content\/uploads\/2010\/01\/sonne_im_grau_01.jpg\" width=\"580\" height=\"435\" alt=\"sonne_im_grau_01.jpg\" \/>\n<\/div>\n<p>Sie war da &#8211; die Sonne!! F\u00c3\u00bcr immerhin 5-10 Minuten. In Nachbars Garten. Es gibt sie noch und sie hat mir gesagt, dass wir uns bitte noch ein wenig gedulden sollen. Die Schneewolken sind einfach m\u00c3\u00a4chtiger als sie und sie kommt &#8211; noch &#8211; nicht dagegen an. Aber sie hat noch etwas gesagt:<\/p>\n<p><i><font color=\"#6A3114\">\u00e2\u20ac\u009dMeine Zeit kommt auch noch, Ihr m\u00c3\u00bcsst nur noch ein wenig Geduld haben. Genie\u00c3\u0178t den Schnee und schimpft nicht immer, das ist nicht gut f\u00c3\u00bcr`s Gem\u00c3\u00bct. Ich bin nicht weg, ich habe nur Urlaub. Und den brauche ich auch um mich zu sammeln. Damit ich im Fr\u00c3\u00bchling den Pflanzen und \u00c3\u00bcberhaupt der Natur und Euch Menschen mit meiner Kraft viel Energie zuf\u00c3\u00bchren kann! Es wird noch ein Weilchen dauern, aber ich komme &#8211; ich verspreche es Euch!\u00e2\u20ac\u009d<\/font><\/i><\/p>\n<p>Und bevor die Wolkendecke sich wieder schlie\u00c3\u0178en konnte, habe ich nochmal den Blick nach oben gewagt und tats\u00c3\u00a4chlich gesehen, dass es doch noch den sch\u00c3\u00b6nen blauen Himmel gibt&#8230;.<\/p>\n<div style=\"text-align: center;\">\n  <img loading=\"lazy\" decoding=\"async\" src=\"http:\/\/terragina.de\/blog\/wp-content\/uploads\/2010\/01\/sonne_im_grau_02.jpg\" width=\"580\" height=\"435\" alt=\"sonne_im_grau_02.jpg\" \/>\n<\/div>\n<div style=\"text-align: left;\">\n  \n<\/div>\n<div style=\"text-align: left;\">\n  Ich freue mich, denn ich habe jetzt Wochenende. Ich mu\u00c3\u0178 nicht mehr Auto fahren und von mir aus k\u00c3\u00b6nnen wir jetzt einschneien. Nee, nicht ganz, weil der Hobbykoch ja morgen auch noch mal arbeiten mu\u00c3\u0178. Aber ich werde den Schnee noch ein wenig genie\u00c3\u0178en und bin gespannt, ob`s morgen wirklich so arg wird wie sie es im Radio angek\u00c3\u00bcndigt haben. Wir werden sehen&#8230;.\n<\/div>\n<p><\/p>\n<div style=\"text-align: left;\">\n  \n<\/div>\n<div style=\"text-align: left;\">\n  \n<\/div>\n<div style=\"text-align: left;\">\n  Jenen, die vom Winter das N\u00c3\u00a4schen geh\u00c3\u00b6rig voll haben schicke ich eine Portion Durchhalteverm\u00c3\u00b6gen. Und denjenigen, die sich an der wei\u00c3\u0178en Pracht noch immer erfreuen k\u00c3\u00b6nnen, kann ich nur <span style=\"text-decoration: line-through\">sagen<\/span> schreiben:\n<\/div>\n<div style=\"text-align: left;\">\n  \n<\/div>\n<div style=\"text-align: left;\">\n  :sing: Genie\u00c3\u0178t es &#8211; ich glaube, es wird sch\u00c3\u00b6n :dance: &#8230; ein solcher Winter wird bestimmt so schnell nicht wieder kommen&#8230;.\n<\/div>\n<p><\/p>\n","protected":false},"excerpt":{"rendered":"<p>Von allen Seiten h\u00c3\u00b6re ich es &#8211; diese Miss-Stimmung bez\u00c3\u00bcglich des Winters. \u00c3\u0153berall h\u00c3\u00b6re ich nur \u00e2\u20ac\u017eIch mag keinen Schnee mehr sehen\u00e2\u20ac\u009d, \u00e2\u20ac\u017eIch habe keine Lust mehr, Schnee zu schippen und die Scheibe frei zu kratzen\u00e2\u20ac\u009d und letztenendes \u00e2\u20ac\u017eIch will endlich Fr\u00c3\u00bchling\u00e2\u20ac\u009d. Ich kann`s auch verstehen! Auf der anderen Seite haben wir nunmal vier Jahreszeiten und jede einzelne hat ihren Reiz. Auch kann ich mich nicht mehr daran erinnern, dass wir mal so einen Winter hatten. Der mu\u00c3\u0178 schon so weit zur\u00c3\u00bcck liegen in meiner Kindheit &#8211; ein paar einzelne Fotos erinnern noch daran. Und deswegen stelle ich mich auf die andere Seite. Auch, wenn ich morgens Eis kratzen mu\u00c3\u0178 auf schneebedeckten Stra\u00c3\u0178en auf die Arbeit zuckeln mu\u00c3\u0178, hinter mir ein nerv\u00c3\u00b6ser LKW-Fahrer, der meinte, er m\u00c3\u00bcsste meinem kleinen Snoopy (Modell Renault Twingo) auf die Pelle r\u00c3\u00bccken. :irre: Von Rennsemmel konnte heute morgen keine Rede sein &#8211; ich bin aber immerhin 90 km\/h gefahren bei starkem Schneefall. Gut, ich gebe zu &#8211; ich neige in solchen Situationen sehr dazu, nerv\u00c3\u00b6s zu werden. :noidea: Wie ich &hellip;<\/p>\n","protected":false},"author":1,"featured_media":0,"comment_status":"open","ping_status":"open","sticky":false,"template":"","format":"standard","meta":{"_jetpack_newsletter_access":"","_jetpack_dont_email_post_to_subs":false,"_jetpack_newsletter_tier_id":0,"_jetpack_memberships_contains_paywalled_content":false,"_jetpack_memberships_contains_paid_content":false,"footnotes":""},"categories":[114],"tags":[421,964,422,973,66],"class_list":["post-3043","post","type-post","status-publish","format-standard","hentry","category-plauderecke","tag-fotoalbum","tag-fotografie","tag-fotos","tag-plauderecke","tag-winter"],"jetpack_sharing_enabled":true,"jetpack_shortlink":"https:\/\/wp.me\/pq7aY-N5","jetpack_likes_enabled":true,"jetpack-related-posts":[],"jetpack_featured_media_url":"","_links":{"self":[{"href":"https:\/\/terragina.de\/blog\/wp-json\/wp\/v2\/posts\/3043","targetHints":{"allow":["GET"]}}],"collection":[{"href":"https:\/\/terragina.de\/blog\/wp-json\/wp\/v2\/posts"}],"about":[{"href":"https:\/\/terragina.de\/blog\/wp-json\/wp\/v2\/types\/post"}],"author":[{"embeddable":true,"href":"https:\/\/terragina.de\/blog\/wp-json\/wp\/v2\/users\/1"}],"replies":[{"embeddable":true,"href":"https:\/\/terragina.de\/blog\/wp-json\/wp\/v2\/comments?post=3043"}],"version-history":[{"count":0,"href":"https:\/\/terragina.de\/blog\/wp-json\/wp\/v2\/posts\/3043\/revisions"}],"wp:attachment":[{"href":"https:\/\/terragina.de\/blog\/wp-json\/wp\/v2\/media?parent=3043"}],"wp:term":[{"taxonomy":"category","embeddable":true,"href":"https:\/\/terragina.de\/blog\/wp-json\/wp\/v2\/categories?post=3043"},{"taxonomy":"post_tag","embeddable":true,"href":"https:\/\/terragina.de\/blog\/wp-json\/wp\/v2\/tags?post=3043"}],"curies":[{"name":"wp","href":"https:\/\/api.w.org\/{rel}","templated":true}]}}