{"id":3095,"date":"2010-02-05T08:47:49","date_gmt":"2010-02-05T06:47:49","guid":{"rendered":"http:\/\/terragina.de\/blog\/2010\/02\/05\/freitags-fueller-45\/"},"modified":"2011-07-09T10:14:04","modified_gmt":"2011-07-09T08:14:04","slug":"freitags-fueller-45","status":"publish","type":"post","link":"https:\/\/terragina.de\/blog\/2010\/02\/05\/freitags-fueller-45\/","title":{"rendered":"Freitags-F\u00c3\u00bcller #45"},"content":{"rendered":"<p>Eine weitere Woche ist bald rum und schon wieder ist Freitag. :dance:<\/p>\n<p>Das Wochenende steht vor der T\u00c3\u00bcr und die Laune steigt. Nun ist es schon das dritte Mal, dass ich mir <a href=\"http:\/\/scrap-impulse.typepad.com\/scrapimpulse\/\" title=\"Barbaras Scrap-Impulse besuchen\">hier<\/a> den L\u00c3\u00bcckentext abgeholt habe. Einfach war`s heute nicht, ich musste schon hier und da ein wenig in mich gehen. Teiweise bin ich auch mit meinen F\u00c3\u00bcllungen nur bedingt zu frieden &#8211; optimal ist\u00c2\u00b4s nicht geworden. :noidea:<\/p>\n<p>Ein dickes Dankesch\u00c3\u00b6n an dieser Stelle auch an Barbara, die sich mit dem Freitags-F\u00c3\u00bcller immer so viel Arbeit macht. :hearts:<\/p>\n<p><\/p>\n<p>Nun aber zum<\/p>\n<div style=\"text-align: center;\">\n  <img loading=\"lazy\" decoding=\"async\" src=\"http:\/\/terragina.de\/blog\/images\/freitags_fueller.jpg\" alt=\"freitags_fueller.jpg\" width=\"400\" height=\"87\" \/>\n<\/div>\n<div style=\"text-align: left;\">\n<p>1. Anscheinend gibt es eine Art <strong>Winterpause, denn hier hat es seit ein paar Tagen nun Plus-Grade. Der Frost soll aber schon n\u00c3\u00a4chste Woche wieder bei uns sein<\/strong>. :roll:<\/p>\n<p>2. <strong>Der Garten m\u00c3\u00bcsste dringend ein wenig auf Vordermann gebracht werden und auch ein Ausflug w\u00c3\u00a4re mal wieder sch\u00c3\u00b6n &#8211;<\/strong> an einem sonnigen Tag.<\/p>\n<p>3. Das Jahr war bis jetzt <strong>kalt, schneereich, trotzdem aber gem\u00c3\u00bctlich und ein paar \u00c3\u0153berraschungen der sch\u00c3\u00b6nen (und auch weniger angenehmen) Art hat es auch schon gegeben<\/strong>.<\/p>\n<p>4. <b>Langsam sind alle Zutaten f\u00c3\u00bcr die Seifen-Siederei bei mir eingtroffen &#8211; es fehlt nur noch weniges. Bald kann ich kreativ werden<\/b> und das gef\u00c3\u00a4llt mir.<\/p>\n<p>5. Zu lange habe ich schon <strong>zugeschaut, auch wenn ich mir viele Gedanken gemacht habe. Jetzt werden N\u00c3\u00a4gel mit K\u00c3\u00b6pfen gemacht<\/strong>.<\/p>\n<p>6. Ich bin nicht verr\u00c3\u00bcckt nach <strong>meinem iPhone und meinem Macci<\/strong> ; nein, das bin ich nicht! :dance:<\/p>\n<p>7. Was das Wochenende angeht, heute Abend freue ich mich auf <strong>einen gem\u00c3\u00bctlichen DVD-Abend<\/strong>, morgen habe ich <b>den Einkauf, eine Blogrunde und meine Premiere im Seifen-Sieden (vielleicht auch schon heute?)<\/b> geplant und Sonntag m\u00c3\u00b6chte ich <strong>einfach nur relaxen und eine sch\u00c3\u00b6ne Zeit mit meiner Familie verbringen.<\/strong><\/p>\n<p><b><br \/><\/b><\/p>\n<p>Ich w\u00c3\u00bcnsche Euch allen ein wundersch\u00c3\u00b6nes Wochenende!<\/p>\n<p>Liebe \u00e2\u2122\u00a5 Gr\u00c3\u00bc\u00c3\u0178e,<\/p>\n<p><b><br \/><\/b><\/p>\n<\/div>\n","protected":false},"excerpt":{"rendered":"<p>Eine weitere Woche ist bald rum und schon wieder ist Freitag. :dance: Das Wochenende steht vor der T\u00c3\u00bcr und die Laune steigt. Nun ist es schon das dritte Mal, dass ich mir hier den L\u00c3\u00bcckentext abgeholt habe. Einfach war`s heute nicht, ich musste schon hier und da ein wenig in mich gehen. Teiweise bin ich auch mit meinen F\u00c3\u00bcllungen nur bedingt zu frieden &#8211; optimal ist\u00c2\u00b4s nicht geworden. :noidea: Ein dickes Dankesch\u00c3\u00b6n an dieser Stelle auch an Barbara, die sich mit dem Freitags-F\u00c3\u00bcller immer so viel Arbeit macht. :hearts: Nun aber zum 1. Anscheinend gibt es eine Art Winterpause, denn hier hat es seit ein paar Tagen nun Plus-Grade. Der Frost soll aber schon n\u00c3\u00a4chste Woche wieder bei uns sein. :roll: 2. Der Garten m\u00c3\u00bcsste dringend ein wenig auf Vordermann gebracht werden und auch ein Ausflug w\u00c3\u00a4re mal wieder sch\u00c3\u00b6n &#8211; an einem sonnigen Tag. 3. Das Jahr war bis jetzt kalt, schneereich, trotzdem aber gem\u00c3\u00bctlich und ein paar \u00c3\u0153berraschungen der sch\u00c3\u00b6nen (und auch weniger angenehmen) Art hat es auch schon gegeben. 4. Langsam sind &hellip;<\/p>\n","protected":false},"author":1,"featured_media":0,"comment_status":"open","ping_status":"open","sticky":false,"template":"","format":"standard","meta":{"_jetpack_newsletter_access":"","_jetpack_dont_email_post_to_subs":false,"_jetpack_newsletter_tier_id":0,"_jetpack_memberships_contains_paywalled_content":false,"_jetpack_memberships_contains_paid_content":false,"footnotes":""},"categories":[114],"tags":[319,973],"class_list":["post-3095","post","type-post","status-publish","format-standard","hentry","category-plauderecke","tag-nur-so","tag-plauderecke"],"jetpack_sharing_enabled":true,"jetpack_shortlink":"https:\/\/wp.me\/pq7aY-NV","jetpack_likes_enabled":true,"jetpack-related-posts":[],"jetpack_featured_media_url":"","_links":{"self":[{"href":"https:\/\/terragina.de\/blog\/wp-json\/wp\/v2\/posts\/3095","targetHints":{"allow":["GET"]}}],"collection":[{"href":"https:\/\/terragina.de\/blog\/wp-json\/wp\/v2\/posts"}],"about":[{"href":"https:\/\/terragina.de\/blog\/wp-json\/wp\/v2\/types\/post"}],"author":[{"embeddable":true,"href":"https:\/\/terragina.de\/blog\/wp-json\/wp\/v2\/users\/1"}],"replies":[{"embeddable":true,"href":"https:\/\/terragina.de\/blog\/wp-json\/wp\/v2\/comments?post=3095"}],"version-history":[{"count":0,"href":"https:\/\/terragina.de\/blog\/wp-json\/wp\/v2\/posts\/3095\/revisions"}],"wp:attachment":[{"href":"https:\/\/terragina.de\/blog\/wp-json\/wp\/v2\/media?parent=3095"}],"wp:term":[{"taxonomy":"category","embeddable":true,"href":"https:\/\/terragina.de\/blog\/wp-json\/wp\/v2\/categories?post=3095"},{"taxonomy":"post_tag","embeddable":true,"href":"https:\/\/terragina.de\/blog\/wp-json\/wp\/v2\/tags?post=3095"}],"curies":[{"name":"wp","href":"https:\/\/api.w.org\/{rel}","templated":true}]}}