{"id":3109,"date":"2010-02-07T16:23:20","date_gmt":"2010-02-07T14:23:20","guid":{"rendered":"http:\/\/terragina.de\/blog\/2010\/02\/07\/tada-da-ist-sie-die-erste-seife\/"},"modified":"2011-07-09T10:13:54","modified_gmt":"2011-07-09T08:13:54","slug":"tada-da-ist-sie-die-erste-seife","status":"publish","type":"post","link":"https:\/\/terragina.de\/blog\/2010\/02\/07\/tada-da-ist-sie-die-erste-seife\/","title":{"rendered":"Tada &#8211; da ist sie, die erste Seife"},"content":{"rendered":"<p>Es gibt ja ein paar Damen, die es kaum erwarten k\u00c3\u00b6nnen, meine allererste selbst-gesiedete Seife anzuschauen. :sing: <span style=\"text-decoration: line-through\">Der weiblichen Neugier<\/span> Der Erweiterung des Horizontes m\u00c3\u00b6chte ich nat\u00c3\u00bcrlich nicht l\u00c3\u00a4nger im Wege stehen. ;-)<\/p>\n<p>Nun ist sie also befreit aus ihrem sch\u00c3\u00b6nen warmen Handtuch-Bettchen und auch schon geschnitten und gestempelt. Hier und da habe ich noch ein wenig korrigiert, von \u00e2\u20ac\u017eperfekt\u00e2\u20ac\u009d bin ich noch weit weg. Eigentlich mag ich es aber, wenn`s nicht ganz so fabrik-m\u00c3\u00a4ssig ausschaut, dadurch bekommen die Seifenst\u00c3\u00bccke doch \u00e2\u20ac\u017ePers\u00c3\u00b6nlichkeit\u00e2\u20ac\u009d, oder seht Ihr das anders?<\/p>\n<p>In die eine H\u00c3\u00a4lfte des Seifenleimes hatte ich gemahlene Lavendelbl\u00c3\u00bcten in Vanill\u00c3\u00b6l gegeben, die zweite H\u00c3\u00a4lfte des Leimes wollte ich &#8211; ohne Duft &#8211; blassrot einf\u00c3\u00a4rben.<\/p>\n<p>Die Lebensmittelfarbe hat sich in der Gelphase besser entwickelt als ich gedacht hatte ( da war noch gar nichts rotes zu sehen ausser ein paar P\u00c3\u00bcnktchen) und ich bin mit der Farbe sehr zufrieden. Mal sehen, wie sie sich im Laufe der n\u00c3\u00a4chsten Wochen noch entwickelt. Toll war auch, wie leicht sie aus den &#8211; mit M\u00c3\u00bclls\u00c3\u00a4cken ausgelegten &#8211; Plastikformen kam. <i>(Liebe Expertinnen, wenn ich Plastikformen benutze, dann kann ich mir den T\u00c3\u00bctenkram eigentlich schenken, oder?)<\/i><\/p>\n<p>Und so schaut sie nun aus &#8211; bitte seid nicht so streng mit mir :blush:<\/p>\n<div style=\"text-align: center;\">\n  <img loading=\"lazy\" decoding=\"async\" src=\"http:\/\/terragina.de\/blog\/wp-content\/uploads\/2010\/02\/erste_seife_03.jpg\" width=\"580\" height=\"435\" alt=\"erste_seife_03.jpg\" \/>\n<\/div>\n<div style=\"text-align: center;\">\n  \n<\/div>\n<div style=\"text-align: center;\">\n  <img loading=\"lazy\" decoding=\"async\" src=\"http:\/\/terragina.de\/blog\/wp-content\/uploads\/2010\/02\/erste_seife_04.jpg\" width=\"580\" height=\"435\" alt=\"erste_seife_04.jpg\" \/>\n<\/div>\n<p>Da ich eine Mascarpone-Form benutzt habe, habe ich nat\u00c3\u00bcrlich total unterschiedliche St\u00c3\u00bccke bekommen. Den verwendeten Lavendel h\u00c3\u00a4tte ich wohl noch ein wenig feiner mahlen sollen, aber wie sagt man so sch\u00c3\u00b6n:<\/p>\n<p>Aus Erfahrung wird man klug!<\/p>\n<p><\/p>\n<p><b><font color=\"#D53C2C\">KERSTINS ERSTE SEIFE (mit 8% \u00c3\u0153berfettung)<\/font><\/b><\/p>\n<p>125 g Kokos\u00c3\u00b6l (Palmin)<\/p>\n<p>125 g Palmfett (Fettstange)<\/p>\n<p>125 g Oliven\u00c3\u00b6l<\/p>\n<p>100 g Raps\u00c3\u00b6l<\/p>\n<p>25 g Erdnu\u00c3\u0178\u00c3\u00b6l<\/p>\n<p>168 g NaOH<\/p>\n<p>166 g Wasser<\/p>\n<p><i><span style=\"text-decoration: underline;\">F\u00c3\u00bcr einen Teil:<\/span><\/i><\/p>\n<p>1 TL Lavendelbl\u00c3\u00bcten <i>(m\u00c3\u00b6glichst fein im M\u00c3\u00b6rser zerstossen)<\/i><\/p>\n<p>10 g Vanille\u00c3\u00b6l<\/p>\n<p><i><span style=\"text-decoration: underline;\">F\u00c3\u00bcr den anderen Teil:<\/span><\/i><\/p>\n<p>Rote Lebensmittelfarbe (Pulver)<\/p>\n<p><\/p>\n<p>Eigentlich sollte ja auch noch ein 1 TL Honig rein, aber den habe ich schlichtweg vergessen und dann war die Lauge schon anger\u00c3\u00bchrt und es somit zu sp\u00c3\u00a4t&#8230;<\/p>\n<p><\/p>\n<p>Und was meinen jetzt die Seifen-Sieder-Fachfrauen dazu? Geht das als erster Versuch so durch?<\/p>\n","protected":false},"excerpt":{"rendered":"<p>Es gibt ja ein paar Damen, die es kaum erwarten k\u00c3\u00b6nnen, meine allererste selbst-gesiedete Seife anzuschauen. :sing: Der weiblichen Neugier Der Erweiterung des Horizontes m\u00c3\u00b6chte ich nat\u00c3\u00bcrlich nicht l\u00c3\u00a4nger im Wege stehen. ;-) Nun ist sie also befreit aus ihrem sch\u00c3\u00b6nen warmen Handtuch-Bettchen und auch schon geschnitten und gestempelt. Hier und da habe ich noch ein wenig korrigiert, von \u00e2\u20ac\u017eperfekt\u00e2\u20ac\u009d bin ich noch weit weg. Eigentlich mag ich es aber, wenn`s nicht ganz so fabrik-m\u00c3\u00a4ssig ausschaut, dadurch bekommen die Seifenst\u00c3\u00bccke doch \u00e2\u20ac\u017ePers\u00c3\u00b6nlichkeit\u00e2\u20ac\u009d, oder seht Ihr das anders? In die eine H\u00c3\u00a4lfte des Seifenleimes hatte ich gemahlene Lavendelbl\u00c3\u00bcten in Vanill\u00c3\u00b6l gegeben, die zweite H\u00c3\u00a4lfte des Leimes wollte ich &#8211; ohne Duft &#8211; blassrot einf\u00c3\u00a4rben. Die Lebensmittelfarbe hat sich in der Gelphase besser entwickelt als ich gedacht hatte ( da war noch gar nichts rotes zu sehen ausser ein paar P\u00c3\u00bcnktchen) und ich bin mit der Farbe sehr zufrieden. Mal sehen, wie sie sich im Laufe der n\u00c3\u00a4chsten Wochen noch entwickelt. Toll war auch, wie leicht sie aus den &#8211; mit M\u00c3\u00bclls\u00c3\u00a4cken ausgelegten &#8211; Plastikformen kam. (Liebe &hellip;<\/p>\n","protected":false},"author":1,"featured_media":0,"comment_status":"open","ping_status":"open","sticky":false,"template":"","format":"standard","meta":{"_jetpack_newsletter_access":"","_jetpack_dont_email_post_to_subs":false,"_jetpack_newsletter_tier_id":0,"_jetpack_memberships_contains_paywalled_content":false,"_jetpack_memberships_contains_paid_content":false,"footnotes":""},"categories":[47],"tags":[966,363],"class_list":["post-3109","post","type-post","status-publish","format-standard","hentry","category-kreativ","tag-kreativ","tag-seife"],"jetpack_sharing_enabled":true,"jetpack_shortlink":"https:\/\/wp.me\/pq7aY-O9","jetpack_likes_enabled":true,"jetpack-related-posts":[],"jetpack_featured_media_url":"","_links":{"self":[{"href":"https:\/\/terragina.de\/blog\/wp-json\/wp\/v2\/posts\/3109","targetHints":{"allow":["GET"]}}],"collection":[{"href":"https:\/\/terragina.de\/blog\/wp-json\/wp\/v2\/posts"}],"about":[{"href":"https:\/\/terragina.de\/blog\/wp-json\/wp\/v2\/types\/post"}],"author":[{"embeddable":true,"href":"https:\/\/terragina.de\/blog\/wp-json\/wp\/v2\/users\/1"}],"replies":[{"embeddable":true,"href":"https:\/\/terragina.de\/blog\/wp-json\/wp\/v2\/comments?post=3109"}],"version-history":[{"count":0,"href":"https:\/\/terragina.de\/blog\/wp-json\/wp\/v2\/posts\/3109\/revisions"}],"wp:attachment":[{"href":"https:\/\/terragina.de\/blog\/wp-json\/wp\/v2\/media?parent=3109"}],"wp:term":[{"taxonomy":"category","embeddable":true,"href":"https:\/\/terragina.de\/blog\/wp-json\/wp\/v2\/categories?post=3109"},{"taxonomy":"post_tag","embeddable":true,"href":"https:\/\/terragina.de\/blog\/wp-json\/wp\/v2\/tags?post=3109"}],"curies":[{"name":"wp","href":"https:\/\/api.w.org\/{rel}","templated":true}]}}