{"id":3121,"date":"2010-02-09T17:12:21","date_gmt":"2010-02-09T15:12:21","guid":{"rendered":"http:\/\/terragina.de\/blog\/2010\/02\/09\/tage-wie-dieser\/"},"modified":"2011-07-09T10:13:48","modified_gmt":"2011-07-09T08:13:48","slug":"tage-wie-dieser","status":"publish","type":"post","link":"https:\/\/terragina.de\/blog\/2010\/02\/09\/tage-wie-dieser\/","title":{"rendered":"Tage wie dieser"},"content":{"rendered":"<p>&#8230; oder sollte ich lieber schreiben \u00e2\u20ac\u017eAbende wie gestern\u00e2\u20ac\u009d? :noidea:<\/p>\n<p>Gem\u00c3\u00bctlich wollte ich es mir machen in meinem Bett (w\u00c3\u00a4hrend der Hobbykoch &#8211; von Berufs wegen &#8211; die vergangene Nacht in einer anderen deutschen Stadt verbracht hat) und in aller Ruhe Herrn Rach im Fernsehen gucken, dann die Augen zu machen und sch\u00c3\u00b6n schlafen bis der Wecker klingelt.<\/p>\n<p>Leider musste ich feststellen, dass ich da die Rechnung ohne unsere kleine Mini-Mieg gemacht hatte. W\u00c3\u00a4hrend Beverly n\u00c3\u00a4mlich sch\u00c3\u00b6n oben auf ihrem Kissen in meinem Arbeitszimmer schlief, meinte diese n\u00c3\u00a4mlich, mich ein wenig drangsalieren zu m\u00c3\u00bcssen. :roll:<\/p>\n<p>Das fing mit Gezuppel an den Haaren an und endete mit einem (gottlob minimalen) Kratzer im Gesicht. Ihre kleine s\u00c3\u00bc\u00c3\u0178e Nala-Maus (zu sehen <a title=\"Nala und ihre Nala-Maus\" href=\"http:\/\/terragina.de\/blog\/2009\/11\/16\/noch-ein-schwung-nala-fotos\/\">hier<\/a> auf den letzten drei Bildern) wurde hin und her gefetzt und ich bin mittlerweile der festen \u00c3\u0153berzeugung, dass das K\u00c3\u00a4tzchen ein Hund h\u00c3\u00a4tte werden sollen. Oder habt Ihr schon mal eine apportierende Katze gesehen? Nala liebt es, wenn ich die Maus durch die Gegend werfe &#8211; zwei Minuten sp\u00c3\u00a4ter liegt sie dann wieder neben mir. Und wenn nicht das, dann hat sie nach meiner Hand gejagt. Fehlte nur noch, dass sie zu mir unter die Decke krabbelt&#8230;.<\/p>\n<p>Es w\u00c3\u00a4re ja alles nicht so schlimm gewesen, wenn ich nicht h\u00c3\u00a4tte schlafen m\u00c3\u00bcssen, weil montags bis donnerstags um 4:15 Uhr der Wecker mich unsanft aus dem Bett schmei\u00c3\u0178t. Gestern war ich wirklich nah dran, die T\u00c3\u00bcr zum Schlafzimmer zu zu machen &#8211; das habe ich aber doch nicht \u00c3\u00bcber mich gebracht. So ertrug ich tapfer <span style=\"text-decoration: line-through;\">unser kleines Monsterchen<\/span> das kleine s\u00c3\u00bc\u00c3\u0178e Temperamentsb\u00c3\u00bcndel. Um 23:15 Uhr habe ich das letzte Mal auf die Uhr gesehen, habe Ihr dann im Wohnzimmer noch ein paar Spielzeuge verstreut und offensichtlich hat sie dann auch von mir abgelassen und sich irgendwo hin verkr\u00c3\u00bcmelt. :roll: Kennt Ihr das? Dieses \u00e2\u20ac\u017eAuf-die-Uhr-gucken\u00e2\u20ac\u009d und Stunden z\u00c3\u00a4hlen, wie lange man noch schlafen kann?<\/p>\n<p>Heute war dem Schlafdefizit entsprechend nicht mein Tag. Ich friere, ich bin m\u00c3\u00bcde, ich habe keine Lust zu gar nichts. Vorhin habe ich mal ein St\u00c3\u00bcndchen auf dem Sessel geschlafen, ausgeschlafener f\u00c3\u00bchle ich mich aber trotzdem nicht. :no: Vielleicht hilft gleich eine Dusche&#8230;.<\/p>\n<p>Das Gute daran: Es kann heute nacht eigentlich nur besser werden und ich habe f\u00c3\u00bcr mich beschlossen: Was ich heute erledigen wollte (seifeln) kann auch noch warten bis morgen oder \u00c3\u00bcbermorgen, dann habe ich wahrscheinlich wesentlich mehr Spa\u00c3\u0178 dran. :yes:<\/p>\n","protected":false},"excerpt":{"rendered":"<p>&#8230; oder sollte ich lieber schreiben \u00e2\u20ac\u017eAbende wie gestern\u00e2\u20ac\u009d? :noidea: Gem\u00c3\u00bctlich wollte ich es mir machen in meinem Bett (w\u00c3\u00a4hrend der Hobbykoch &#8211; von Berufs wegen &#8211; die vergangene Nacht in einer anderen deutschen Stadt verbracht hat) und in aller Ruhe Herrn Rach im Fernsehen gucken, dann die Augen zu machen und sch\u00c3\u00b6n schlafen bis der Wecker klingelt. Leider musste ich feststellen, dass ich da die Rechnung ohne unsere kleine Mini-Mieg gemacht hatte. W\u00c3\u00a4hrend Beverly n\u00c3\u00a4mlich sch\u00c3\u00b6n oben auf ihrem Kissen in meinem Arbeitszimmer schlief, meinte diese n\u00c3\u00a4mlich, mich ein wenig drangsalieren zu m\u00c3\u00bcssen. :roll: Das fing mit Gezuppel an den Haaren an und endete mit einem (gottlob minimalen) Kratzer im Gesicht. Ihre kleine s\u00c3\u00bc\u00c3\u0178e Nala-Maus (zu sehen hier auf den letzten drei Bildern) wurde hin und her gefetzt und ich bin mittlerweile der festen \u00c3\u0153berzeugung, dass das K\u00c3\u00a4tzchen ein Hund h\u00c3\u00a4tte werden sollen. Oder habt Ihr schon mal eine apportierende Katze gesehen? Nala liebt es, wenn ich die Maus durch die Gegend werfe &#8211; zwei Minuten sp\u00c3\u00a4ter liegt sie dann wieder neben mir. Und &hellip;<\/p>\n","protected":false},"author":1,"featured_media":0,"comment_status":"open","ping_status":"open","sticky":false,"template":"","format":"standard","meta":{"_jetpack_newsletter_access":"","_jetpack_dont_email_post_to_subs":false,"_jetpack_newsletter_tier_id":0,"_jetpack_memberships_contains_paywalled_content":false,"_jetpack_memberships_contains_paid_content":false,"footnotes":""},"categories":[114],"tags":[319,973],"class_list":["post-3121","post","type-post","status-publish","format-standard","hentry","category-plauderecke","tag-nur-so","tag-plauderecke"],"jetpack_sharing_enabled":true,"jetpack_shortlink":"https:\/\/wp.me\/pq7aY-Ol","jetpack_likes_enabled":true,"jetpack-related-posts":[],"jetpack_featured_media_url":"","_links":{"self":[{"href":"https:\/\/terragina.de\/blog\/wp-json\/wp\/v2\/posts\/3121","targetHints":{"allow":["GET"]}}],"collection":[{"href":"https:\/\/terragina.de\/blog\/wp-json\/wp\/v2\/posts"}],"about":[{"href":"https:\/\/terragina.de\/blog\/wp-json\/wp\/v2\/types\/post"}],"author":[{"embeddable":true,"href":"https:\/\/terragina.de\/blog\/wp-json\/wp\/v2\/users\/1"}],"replies":[{"embeddable":true,"href":"https:\/\/terragina.de\/blog\/wp-json\/wp\/v2\/comments?post=3121"}],"version-history":[{"count":0,"href":"https:\/\/terragina.de\/blog\/wp-json\/wp\/v2\/posts\/3121\/revisions"}],"wp:attachment":[{"href":"https:\/\/terragina.de\/blog\/wp-json\/wp\/v2\/media?parent=3121"}],"wp:term":[{"taxonomy":"category","embeddable":true,"href":"https:\/\/terragina.de\/blog\/wp-json\/wp\/v2\/categories?post=3121"},{"taxonomy":"post_tag","embeddable":true,"href":"https:\/\/terragina.de\/blog\/wp-json\/wp\/v2\/tags?post=3121"}],"curies":[{"name":"wp","href":"https:\/\/api.w.org\/{rel}","templated":true}]}}