{"id":3126,"date":"2010-02-10T20:26:40","date_gmt":"2010-02-10T18:26:40","guid":{"rendered":"http:\/\/terragina.de\/blog\/2010\/02\/10\/noch-ein-versuch\/"},"modified":"2011-07-09T10:13:46","modified_gmt":"2011-07-09T08:13:46","slug":"noch-ein-versuch","status":"publish","type":"post","link":"https:\/\/terragina.de\/blog\/2010\/02\/10\/noch-ein-versuch\/","title":{"rendered":"Noch ein Versuch"},"content":{"rendered":"<p>Schuld ist meine liebe <a href=\"http:\/\/fabella.de\/blog\" title=\"Fabella besuchen\">Fabella<\/a>! :yes: H\u00c3\u00a4tte ich es n\u00c3\u00a4mlich nicht bei ihr <span style=\"text-decoration: line-through\">gelesen<\/span> gesehen und dann auch noch bei <a href=\"http:\/\/www.nickmalolle.de\/\" title=\"Nicole besuchen\">Nicole<\/a> und <a href=\"http:\/\/blogwiese.de\/basteln\/289\/video-tutorial-mit-polychromos-colorieren\" title=\"Cindys Bastelblog besuchen\">Cindy<\/a> &#8211; ich w\u00c3\u00a4re wohl nie darauf bekommen, auch das mal auzuprobieren. Offensichtlich habe ich derzeit mit dem Seifeln und dem Malen wieder mal einen kreativen Schub, wo ich nur schwer gegen ankomme. :pfeif: Also hilft nur eines: Den Tatsachen ins Auge sehen, ein wenig Zeit finden (was mir nat\u00c3\u00bcrlich heute von meiner Blogrunde abgegangen ist) und loslegen.<\/p>\n<p>Gemein, dass der Boesner auch gerade um die Ecke ist und ich quasi gezwungenermassen auf dem Heimweg von der Arbeit direkt dran vorbei fahre.<\/p>\n<div style=\"text-align: center;\">\n  <a href=\"http:\/\/terragina.de\/blog\/wp-content\/uploads\/2010\/02\/my_first_coloring.jpg\" rel=\"lightbox[3126]\"><img loading=\"lazy\" decoding=\"async\" src=\"http:\/\/terragina.de\/blog\/wp-content\/uploads\/2010\/02\/my_first_coloring-tm.jpg\" width=\"200\" height=\"200\" alt=\"my_first_coloring.jpg\" \/><\/a>\n<\/div>\n<p style=\"text-align: center;\"><i>~ Klick macht gro\u00c3\u0178 ~<\/i><\/p>\n<p><i><br \/><\/i><\/p>\n<p>Viel Spa\u00c3\u0178 hatte ich daran, endlich mal wieder zu malen, auch wenn diese Polychromos und Papierwischer etwas ganz Neues f\u00c3\u00bcr mich sind. Im n\u00c3\u00a4chsten Schritt m\u00c3\u00b6chte ich meine colorierten Bilder nat\u00c3\u00bcrlich auch verbasteln &#8211; aber da mu\u00c3\u0178 ich mich erst noch ein wenig im www umsehen und mich schlau machen.<\/p>\n<p>So richtig gl\u00c3\u00bccklich bin ich mit meinem Werk gar nicht &#8211; ich hatte leider keine Hautfarbe und rosa hat mir auch irgendwie gefehlt. Und die roten B\u00c3\u00a4ckchen &#8211; die habe ich schlichtweg vergessen. Aber ein Anfang ist gemacht<\/p>\n<p>Als n\u00c3\u00a4chstes gibt`s dann wieder was von den Fellnasen von mir &#8211; und dann wird wieder ein Rezept gebloggt und ganz bald auch die n\u00c3\u00a4chste Seife&#8230; ein wenig Abwechslung mu\u00c3\u0178 sein :-)<\/p>\n","protected":false},"excerpt":{"rendered":"<p>Schuld ist meine liebe Fabella! :yes: H\u00c3\u00a4tte ich es n\u00c3\u00a4mlich nicht bei ihr gelesen gesehen und dann auch noch bei Nicole und Cindy &#8211; ich w\u00c3\u00a4re wohl nie darauf bekommen, auch das mal auzuprobieren. Offensichtlich habe ich derzeit mit dem Seifeln und dem Malen wieder mal einen kreativen Schub, wo ich nur schwer gegen ankomme. :pfeif: Also hilft nur eines: Den Tatsachen ins Auge sehen, ein wenig Zeit finden (was mir nat\u00c3\u00bcrlich heute von meiner Blogrunde abgegangen ist) und loslegen. Gemein, dass der Boesner auch gerade um die Ecke ist und ich quasi gezwungenermassen auf dem Heimweg von der Arbeit direkt dran vorbei fahre. ~ Klick macht gro\u00c3\u0178 ~ Viel Spa\u00c3\u0178 hatte ich daran, endlich mal wieder zu malen, auch wenn diese Polychromos und Papierwischer etwas ganz Neues f\u00c3\u00bcr mich sind. Im n\u00c3\u00a4chsten Schritt m\u00c3\u00b6chte ich meine colorierten Bilder nat\u00c3\u00bcrlich auch verbasteln &#8211; aber da mu\u00c3\u0178 ich mich erst noch ein wenig im www umsehen und mich schlau machen. So richtig gl\u00c3\u00bccklich bin ich mit meinem Werk gar nicht &#8211; ich hatte leider keine Hautfarbe &hellip;<\/p>\n","protected":false},"author":1,"featured_media":0,"comment_status":"open","ping_status":"open","sticky":false,"template":"","format":"standard","meta":{"_jetpack_newsletter_access":"","_jetpack_dont_email_post_to_subs":false,"_jetpack_newsletter_tier_id":0,"_jetpack_memberships_contains_paywalled_content":false,"_jetpack_memberships_contains_paid_content":false,"footnotes":""},"categories":[114],"tags":[89,966,90],"class_list":["post-3126","post","type-post","status-publish","format-standard","hentry","category-plauderecke","tag-grafik","tag-kreativ","tag-kunst"],"jetpack_sharing_enabled":true,"jetpack_shortlink":"https:\/\/wp.me\/pq7aY-Oq","jetpack_likes_enabled":true,"jetpack-related-posts":[],"jetpack_featured_media_url":"","_links":{"self":[{"href":"https:\/\/terragina.de\/blog\/wp-json\/wp\/v2\/posts\/3126","targetHints":{"allow":["GET"]}}],"collection":[{"href":"https:\/\/terragina.de\/blog\/wp-json\/wp\/v2\/posts"}],"about":[{"href":"https:\/\/terragina.de\/blog\/wp-json\/wp\/v2\/types\/post"}],"author":[{"embeddable":true,"href":"https:\/\/terragina.de\/blog\/wp-json\/wp\/v2\/users\/1"}],"replies":[{"embeddable":true,"href":"https:\/\/terragina.de\/blog\/wp-json\/wp\/v2\/comments?post=3126"}],"version-history":[{"count":0,"href":"https:\/\/terragina.de\/blog\/wp-json\/wp\/v2\/posts\/3126\/revisions"}],"wp:attachment":[{"href":"https:\/\/terragina.de\/blog\/wp-json\/wp\/v2\/media?parent=3126"}],"wp:term":[{"taxonomy":"category","embeddable":true,"href":"https:\/\/terragina.de\/blog\/wp-json\/wp\/v2\/categories?post=3126"},{"taxonomy":"post_tag","embeddable":true,"href":"https:\/\/terragina.de\/blog\/wp-json\/wp\/v2\/tags?post=3126"}],"curies":[{"name":"wp","href":"https:\/\/api.w.org\/{rel}","templated":true}]}}