{"id":3139,"date":"2010-02-13T19:35:34","date_gmt":"2010-02-13T17:35:34","guid":{"rendered":"http:\/\/terragina.de\/blog\/2010\/02\/13\/projekt-122010-der-februar\/"},"modified":"2011-07-09T10:13:38","modified_gmt":"2011-07-09T08:13:38","slug":"projekt-122010-der-februar","status":"publish","type":"post","link":"https:\/\/terragina.de\/blog\/2010\/02\/13\/projekt-122010-der-februar\/","title":{"rendered":"Projekt 12\/2010 &#8211; Der Februar"},"content":{"rendered":"<p><img loading=\"lazy\" decoding=\"async\" style=\"float: left; margin-right: 10px; margin-bottom: 10px;\" src=\"http:\/\/terragina.de\/blog\/wp-content\/uploads\/2010\/01\/zwoelf2010_klein.png\" alt=\"zwoelf2010_klein.png\" width=\"156\" height=\"28\" \/>Ich bin schon so sp\u00c3\u00a4t dran&#8230; :blush: Heute habe ich mich auf den Weg zur S-Bahn-Haltestelle gemacht &#8211; denn es ist Zeit f\u00c3\u00bcr das Februar-Bild bei <a title=\"Fotoprojekt zw\u00c3\u00b6lf2010 bei Jana\" href=\"http:\/\/www.janasworld.de\/2009\/11\/22\/fotoprojekt-zwoelf2010-2\/\">Janas<\/a> Projekt! Auch den Blumenkasten habe ich wieder aufgesucht und das zweite Bild davon gemacht. Bei uns hat\u00c2\u00b4s die letzten Tage l\u00c3\u00a4ngst nicht so viel geschneit wie anderenorts. Und obwohl es eigentlich nicht tauen d\u00c3\u00bcrfte, so ist doch viel des Schnees verschwunden.<\/p>\n<p>Zu den Teilnehmerlisten des Projektes geht es \u00c3\u00bcbrigens <a href=\"http:\/\/www.janasworld.de\/fotografie\/fotoprojekt-zwoelf2010-2\/\" title=\"Teilnehmerliste 12\/2010 und Regeln\">hier<\/a>. <i>Merksatz f\u00c3\u00bcr mich: Ich bin Nr. 110<\/i> :yes:<\/p>\n<p>Nun aber zu meinem Bild:<\/p>\n<div style=\"text-align: center;\">\n  <a href=\"http:\/\/terragina.de\/blog\/wp-content\/uploads\/2010\/02\/zwoelf2010_02_900x543.jpg\" rel=\"lightbox[3139]\"><img loading=\"lazy\" decoding=\"async\" src=\"http:\/\/terragina.de\/blog\/wp-content\/uploads\/2010\/02\/zwoelf2010_02_900x543-tm.jpg\" width=\"500\" height=\"301\" alt=\"Prjekt zwoelf2010 - Der Februar\" \/><\/a>\n<\/div>\n<p><\/p>\n<p style=\"text-align: center;\"><i>~ klick macht gro\u00c3\u0178 ~<\/i><\/p>\n<p>Zwei Menschlein befanden sich am Samstag mittag auf dem Bahnsteig &#8211; ob alle anderen wohl Karneval bzw., wie es hier bei uns hei\u00c3\u0178t, Fasching feiern?<\/p>\n<p>Auch den Blumenkasten habe ich nat\u00c3\u00bcrlich wieder fotografiert. Dummerweise hatte ich vergessen, dass ich dieses Foto letzten Monat mit meiner 60mm Festbrennweite gemacht hatte. An meinem Tele hatte ich 55mm eingestellt :blush1: Ich mache sowas ja auch zum ersten Mal. Im M\u00c3\u00a4rz werde ich da besser drauf achten&#8230;<\/p>\n<p><\/p>\n<div style=\"text-align: center;\">\n  <img loading=\"lazy\" decoding=\"async\" src=\"http:\/\/terragina.de\/blog\/wp-content\/uploads\/2010\/02\/blumenkasten_02_501x600.jpg\" width=\"501\" height=\"600\" alt=\"blumenkasten_02_501x600.jpg\" \/>\n<\/div>\n<p><\/p>\n<p>Schneemann und Lichterkette sind verschwunden&#8230;. die Pflanzen schauen ja noch recht gut aus und man kann`s wirklich sehen: Heute hat einmal ein bisschen die Sonne geschienen. ;-)<\/p>\n<p>Die beiden Bilder habe ich auch soeben in die <a href=\"http:\/\/www.flickr.com\/groups\/1300582@N23\/\" title=\"Flickr-Gruppe zwoelf2010\">Flickr-Galerie<\/a> hochgeladen, die Jana extra f\u00c3\u00bcr dieses Projekt gegr\u00c3\u00bcndet hat. Wer also mal schauen mag&#8230;<\/p>\n<p><\/p>\n<p>An dieser Stelle nochmal ein ganz ganz gro\u00c3\u0178es Dankesch\u00c3\u00b6n an die liebe Jana, die sich wirklich eine Heidenarbeit mit dem Projekt macht &#8211; vielen vielen Dank :hearts:<\/p>\n<p>Und bevor ich es vergesse: Selbstverst\u00c3\u00a4ndlich habe ich zuguterletzt auch noch meine \u00c3\u0153bersichts-Seite aktualisiert, nur f\u00c3\u00bcr den Fall, dass ihr da mal schauen m\u00c3\u00b6gt&#8230;.<\/p><\/p>\n","protected":false},"excerpt":{"rendered":"<p>Ich bin schon so sp\u00c3\u00a4t dran&#8230; :blush: Heute habe ich mich auf den Weg zur S-Bahn-Haltestelle gemacht &#8211; denn es ist Zeit f\u00c3\u00bcr das Februar-Bild bei Janas Projekt! Auch den Blumenkasten habe ich wieder aufgesucht und das zweite Bild davon gemacht. Bei uns hat\u00c2\u00b4s die letzten Tage l\u00c3\u00a4ngst nicht so viel geschneit wie anderenorts. Und obwohl es eigentlich nicht tauen d\u00c3\u00bcrfte, so ist doch viel des Schnees verschwunden. Zu den Teilnehmerlisten des Projektes geht es \u00c3\u00bcbrigens hier. Merksatz f\u00c3\u00bcr mich: Ich bin Nr. 110 :yes: Nun aber zu meinem Bild: ~ klick macht gro\u00c3\u0178 ~ Zwei Menschlein befanden sich am Samstag mittag auf dem Bahnsteig &#8211; ob alle anderen wohl Karneval bzw., wie es hier bei uns hei\u00c3\u0178t, Fasching feiern? Auch den Blumenkasten habe ich nat\u00c3\u00bcrlich wieder fotografiert. Dummerweise hatte ich vergessen, dass ich dieses Foto letzten Monat mit meiner 60mm Festbrennweite gemacht hatte. An meinem Tele hatte ich 55mm eingestellt :blush1: Ich mache sowas ja auch zum ersten Mal. Im M\u00c3\u00a4rz werde ich da besser drauf achten&#8230; Schneemann und Lichterkette sind verschwunden&#8230;. die Pflanzen &hellip;<\/p>\n","protected":false},"author":1,"featured_media":0,"comment_status":"open","ping_status":"open","sticky":false,"template":"","format":"standard","meta":{"_jetpack_newsletter_access":"","_jetpack_dont_email_post_to_subs":false,"_jetpack_newsletter_tier_id":0,"_jetpack_memberships_contains_paywalled_content":false,"_jetpack_memberships_contains_paid_content":false,"footnotes":""},"categories":[6,358],"tags":[960,957,980],"class_list":["post-3139","post","type-post","status-publish","format-standard","hentry","category-foto-meets-ps","category-zwoelf2010","tag-foto-meets-ps","tag-foto","tag-zwoelf2010"],"jetpack_sharing_enabled":true,"jetpack_shortlink":"https:\/\/wp.me\/pq7aY-OD","jetpack_likes_enabled":true,"jetpack-related-posts":[],"jetpack_featured_media_url":"","_links":{"self":[{"href":"https:\/\/terragina.de\/blog\/wp-json\/wp\/v2\/posts\/3139","targetHints":{"allow":["GET"]}}],"collection":[{"href":"https:\/\/terragina.de\/blog\/wp-json\/wp\/v2\/posts"}],"about":[{"href":"https:\/\/terragina.de\/blog\/wp-json\/wp\/v2\/types\/post"}],"author":[{"embeddable":true,"href":"https:\/\/terragina.de\/blog\/wp-json\/wp\/v2\/users\/1"}],"replies":[{"embeddable":true,"href":"https:\/\/terragina.de\/blog\/wp-json\/wp\/v2\/comments?post=3139"}],"version-history":[{"count":0,"href":"https:\/\/terragina.de\/blog\/wp-json\/wp\/v2\/posts\/3139\/revisions"}],"wp:attachment":[{"href":"https:\/\/terragina.de\/blog\/wp-json\/wp\/v2\/media?parent=3139"}],"wp:term":[{"taxonomy":"category","embeddable":true,"href":"https:\/\/terragina.de\/blog\/wp-json\/wp\/v2\/categories?post=3139"},{"taxonomy":"post_tag","embeddable":true,"href":"https:\/\/terragina.de\/blog\/wp-json\/wp\/v2\/tags?post=3139"}],"curies":[{"name":"wp","href":"https:\/\/api.w.org\/{rel}","templated":true}]}}