{"id":3145,"date":"2010-02-14T17:21:44","date_gmt":"2010-02-14T15:21:44","guid":{"rendered":"http:\/\/terragina.de\/blog\/2010\/02\/14\/valentinstag\/"},"modified":"2011-07-09T10:13:34","modified_gmt":"2011-07-09T08:13:34","slug":"valentinstag","status":"publish","type":"post","link":"https:\/\/terragina.de\/blog\/2010\/02\/14\/valentinstag\/","title":{"rendered":"Valentinstag"},"content":{"rendered":"<p style=\"text-align: center;\">Wie war Euer Tag?<\/p>\n<div style=\"text-align: center;\"><a href=\"http:\/\/terragina.de\/blog\/wp-content\/uploads\/2010\/02\/valentine_ks.jpg\" rel=\"lightbox[3145]\"><img loading=\"lazy\" decoding=\"async\" src=\"http:\/\/terragina.de\/blog\/wp-content\/uploads\/2010\/02\/valentine_ks-tm.jpg\" alt=\"Mein Valentinsgru\u00c3\u0178 f\u00c3\u00bcr Euch!\" width=\"240\" height=\"240\" \/><\/a><\/div>\n<div style=\"text-align: center;\">~ klick macht gro\u00c3\u0178 ~<\/div>\n<p>Mit meinem neuesten colorierten Stempel (gibt`s als <a title=\"Ein h\u00c3\u00bcbsches Love-Freebie\" href=\"http:\/\/stamping.craftgossip.com\/2009\/11\/14\/freebie-digital-love-birds-stamp\/\">Freebie<\/a> hier) m\u00c3\u00b6chte ich Euch noch einen sch\u00c3\u00b6nen <span style=\"text-decoration: line-through;\">restlichen<\/span> Valentinstag w\u00c3\u00bcnschen. Hier war es heute sehr entspannend. Ich habe mir ein paar digitale Stempel mit meinem Grafiktablett und dem sch\u00c3\u00b6nen Programm <a title=\"Was ist Art Rage?\" href=\"http:\/\/www.artrage.com\/\">Art Rage<\/a> erstellt und ein paar auch schon ausgedruckt. Au\u00c3\u0178erdem bin ich durch`s Web geschlendert, um mir noch ein paar Utensilien zum Karten-Basteln zusammen zu suchen. Oh ja, die Kreativit\u00c3\u00a4t hat mich voll in der Hand.<\/p>\n<p>Habe ich Euch schon von meiner neuesten Seife erz\u00c3\u00a4hlt? Ich habe sie vorgestern gesiedet, gestern ausgeformt und geschnitten und nun darf sie wieder wochenlang trocknen. Ganz sch\u00c3\u00b6n fies &#8211; das. :( Es ist eine Patchouli-Vanille-Seife und wie ich heute gesehen habe, wird sie auch schon deutlich dunkler. Am Ende wird sie sicher braun, mit einer tief-altrosa Marmorierung. Kein Wunder, dass ich auch leicht hibbelig werde. Aber nun kann ich ja colorieren und auch ein paar Karten basteln.<\/p>\n<p>Von gestern habe ich noch gar nicht erz\u00c3\u00a4hlt&#8230; Einkaufen stand auf dem Programm &#8211; der Hobbykoch war f\u00c3\u00bcr`s Lebensmittel-technische zust\u00c3\u00a4ndig, w\u00c3\u00a4hrend ich in Sachen Drogeriemarkt und Tierfutter unterwegs war. Sp\u00c3\u00a4ter habe ich mich dann um`s Projekt \u00e2\u20ac\u017e<a title=\"Mein Februar bei zw\u00c3\u00b6lf\/2010\" href=\"http:\/\/terragina.de\/blog\/2010\/02\/13\/projekt-122010-der-februar\/\">zw\u00c3\u00b6lf\/2010<\/a>\u00e2\u20ac\u009d gek\u00c3\u00bcmmert, als wir pl\u00c3\u00b6tzlich einen Anruf bekamen und sich <a title=\"Immer wieder sch\u00c3\u00b6n zu lesen, was Frl. Frieda zu erz\u00c3\u00a4hlen hat.\" href=\"http:\/\/fraeuleinfrieda.wordpress.com\">Frl. Frieda<\/a> nebst Herrn Frieda auf ein K\u00c3\u00a4ffchen ank\u00c3\u00bcndigten. 20 Minuten sp\u00c3\u00a4ter standen die beiden Lieben vor der T\u00c3\u00bcr und wir haben ein bissel geschw\u00c3\u00a4tzt, Latte Macchiato und Sekt getrunken und leckere Mandel- bzw. Heidelbeertarte vom blau-gelben M\u00c3\u00b6belriesen geschlemmt. Hach ja &#8211; meine Waage wird`s mir danken. :noidea: Vielleicht sollte ich doch mal dar\u00c3\u00bcber nachdenken, ob ich mit <a title=\"Frau Landgefl\u00c3\u00bcster einen Besuch abstatten\" href=\"http:\/\/landgefluester.wordpress.com\/\" target=\"_blank\">Frau Landgefl\u00c3\u00bcster<\/a> ab kommenden Mittwoch mitfaste. Aber ich glaube, dazu fehlt mir dann doch ein wenig die Motivation&#8230; :pfeif:<\/p>\n<p>Gestern abend haben wir uns dann gemeinsam Frau Jolie und Herrn Pitt in <a title=\"Mr. &amp; Mrs. Smith\" href=\"http:\/\/www.lovefilm.de\/film\/Mr-&amp;-Mrs-Smith\/53886\/\">diesem Film<\/a> angesehen. Ok, am Ende wurde er doch arg unrealistisch, aber gut zwei Drittel des Filmes haben wir uns doch sehr gut am\u00c3\u00bcsiert.<\/p>\n<p>Was ich gestern gekocht habe, werde ich Euch auch noch verraten &#8211; in meinem n\u00c3\u00a4chsten Artikel :-)<\/p>\n<p>Genie\u00c3\u0178t den <span style=\"text-decoration: line-through;\">Sonntag-<\/span> Valentinstag-Abend und morgen w\u00c3\u00bcnsche ich Euch allen einen guten Start in die neue Woche,<\/p>\n","protected":false},"excerpt":{"rendered":"<p>Wie war Euer Tag? ~ klick macht gro\u00c3\u0178 ~ Mit meinem neuesten colorierten Stempel (gibt`s als Freebie hier) m\u00c3\u00b6chte ich Euch noch einen sch\u00c3\u00b6nen restlichen Valentinstag w\u00c3\u00bcnschen. Hier war es heute sehr entspannend. Ich habe mir ein paar digitale Stempel mit meinem Grafiktablett und dem sch\u00c3\u00b6nen Programm Art Rage erstellt und ein paar auch schon ausgedruckt. Au\u00c3\u0178erdem bin ich durch`s Web geschlendert, um mir noch ein paar Utensilien zum Karten-Basteln zusammen zu suchen. Oh ja, die Kreativit\u00c3\u00a4t hat mich voll in der Hand. Habe ich Euch schon von meiner neuesten Seife erz\u00c3\u00a4hlt? Ich habe sie vorgestern gesiedet, gestern ausgeformt und geschnitten und nun darf sie wieder wochenlang trocknen. Ganz sch\u00c3\u00b6n fies &#8211; das. :( Es ist eine Patchouli-Vanille-Seife und wie ich heute gesehen habe, wird sie auch schon deutlich dunkler. Am Ende wird sie sicher braun, mit einer tief-altrosa Marmorierung. Kein Wunder, dass ich auch leicht hibbelig werde. Aber nun kann ich ja colorieren und auch ein paar Karten basteln. Von gestern habe ich noch gar nicht erz\u00c3\u00a4hlt&#8230; Einkaufen stand auf dem Programm &#8211; der &hellip;<\/p>\n","protected":false},"author":1,"featured_media":0,"comment_status":"open","ping_status":"open","sticky":false,"template":"","format":"standard","meta":{"_jetpack_newsletter_access":"","_jetpack_dont_email_post_to_subs":false,"_jetpack_newsletter_tier_id":0,"_jetpack_memberships_contains_paywalled_content":false,"_jetpack_memberships_contains_paid_content":false,"footnotes":""},"categories":[114],"tags":[966,319,973],"class_list":["post-3145","post","type-post","status-publish","format-standard","hentry","category-plauderecke","tag-kreativ","tag-nur-so","tag-plauderecke"],"jetpack_sharing_enabled":true,"jetpack_shortlink":"https:\/\/wp.me\/pq7aY-OJ","jetpack_likes_enabled":true,"jetpack-related-posts":[],"jetpack_featured_media_url":"","_links":{"self":[{"href":"https:\/\/terragina.de\/blog\/wp-json\/wp\/v2\/posts\/3145","targetHints":{"allow":["GET"]}}],"collection":[{"href":"https:\/\/terragina.de\/blog\/wp-json\/wp\/v2\/posts"}],"about":[{"href":"https:\/\/terragina.de\/blog\/wp-json\/wp\/v2\/types\/post"}],"author":[{"embeddable":true,"href":"https:\/\/terragina.de\/blog\/wp-json\/wp\/v2\/users\/1"}],"replies":[{"embeddable":true,"href":"https:\/\/terragina.de\/blog\/wp-json\/wp\/v2\/comments?post=3145"}],"version-history":[{"count":0,"href":"https:\/\/terragina.de\/blog\/wp-json\/wp\/v2\/posts\/3145\/revisions"}],"wp:attachment":[{"href":"https:\/\/terragina.de\/blog\/wp-json\/wp\/v2\/media?parent=3145"}],"wp:term":[{"taxonomy":"category","embeddable":true,"href":"https:\/\/terragina.de\/blog\/wp-json\/wp\/v2\/categories?post=3145"},{"taxonomy":"post_tag","embeddable":true,"href":"https:\/\/terragina.de\/blog\/wp-json\/wp\/v2\/tags?post=3145"}],"curies":[{"name":"wp","href":"https:\/\/api.w.org\/{rel}","templated":true}]}}