{"id":3153,"date":"2010-02-15T17:19:52","date_gmt":"2010-02-15T15:19:52","guid":{"rendered":"http:\/\/terragina.de\/blog\/2010\/02\/15\/mein-montag-und-seifiges\/"},"modified":"2011-07-09T10:13:30","modified_gmt":"2011-07-09T08:13:30","slug":"mein-montag-und-seifiges","status":"publish","type":"post","link":"https:\/\/terragina.de\/blog\/2010\/02\/15\/mein-montag-und-seifiges\/","title":{"rendered":"Mein Montag und Seifiges"},"content":{"rendered":"<p>W\u00c3\u00a4hrend andere die tollen Tage feiern und es krachen lassen, hat f\u00c3\u00bcr mich die Woche ganz normal begonnen. Das hei\u00c3\u0178t &#8211; das stimmt nicht ganz. Denn es war ziemlich doof heute morgen :roll1: Toll, wenn einem morgens fr\u00c3\u00bch um 5:30 Uhr mitten auf der Autobahn das Scheibenwaschwasser ausgeht&#8230; :angry:. D\u00c3\u00b6\u00c3\u00b6fer geht`s kaum noch und ich gebe zu, ich habe mich wirklich \u00c3\u00a4u\u00c3\u0178erst unwohl gef\u00c3\u00bchlt. Mit jedem Auto, das mich \u00c3\u00bcberholte, wurde die Sicht schlechter und schlechter. :(<\/p>\n<p>Aber ich hatte es wenigstens nicht mehr weit und kam &#8211; zwar etwas langsamer als sonst, aber doch sicher &#8211; auf dem Parkplatz meines Br\u00c3\u00b6tchengebers an. Sofort best\u00c3\u00bcckte ich meine Handtasche mit Glasreiniger, ein paar Einmal-Wischt\u00c3\u00bcchern und einem Paar Gummihandschuhe. Und ich hatte auch noch Gl\u00c3\u00bcck im Ungl\u00c3\u00bcck, denn just heute plante ich, meinen Kanister f\u00c3\u00bcr`s B\u00c3\u00bcgelwasser im Labor aufzuf\u00c3\u00bcllen. So konnte ich nach der Arbeit wenigstens einen Schwapps Fl\u00c3\u00bcssigkeit in den Wischwasser-Beh\u00c3\u00a4lter f\u00c3\u00bcllen und kam sicher nach Hause. Vorher hatte ich die Scheibe gut mit Glasreiniger eingespr\u00c3\u00bcht &#8211; schnell war wieder f\u00c3\u00bcr klare Sicht gesorgt.<\/p>\n<p>In der Zwischenzeit hat heute nachmittag der Hobbykoch meiner kleinen Rennsemmel auch wieder Frostschutz und Wischwasser bis zum Anschlag geg\u00c3\u00b6nnt &#8211; jetzt kann wieder geputzt werden, was das Zeug h\u00c3\u00a4lt!<\/p>\n<p style=\"text-align: center;\">~~~~~~~~~~~~~~~~~~~~~~~~~~~~~~~<\/p>\n<p>Auf Wunsch einer einzelnen Dame m\u00c3\u00b6chte ich Euch ein Bild meiner neuesten Seifenkreation nicht vorenthalten. Wobei ich noch nicht ganz sicher bin, wie sie denn wird, denn ich habe eigentlich &#8211; im Verh\u00c3\u00a4ltnis &#8211; einen recht hohen Anteil an festen Fetten genommen. Riechen tut sie auf jeden Fall ganz fantastisch.<\/p>\n<p>Nach einem Tag war sie noch beige &#8211; da ich aber Vanillin zum Beduften benutzt habe, war fast klar, dass sie braun werden wird. So schaut sie aus:<\/p>\n<div style=\"text-align: center;\">\n  <img loading=\"lazy\" decoding=\"async\" src=\"http:\/\/terragina.de\/blog\/wp-content\/uploads\/2010\/02\/patchouli-vanille-seife.jpg\" width=\"580\" height=\"435\" alt=\"patchouli-vanille-seife.jpg\" \/>\n<\/div>\n<p><\/p>\n<p><i>Hergestellt aus<\/i>:<\/p>\n<p>20% Babassu\u00c3\u00b6l, 20% Kokosnu\u00c3\u0178\u00c3\u00b6l, 20% Palm\u00c3\u00b6l, 20% Oliven\u00c3\u00b6l, 10% Aprikosenkern\u00c3\u00b6l, 5% Sheabutter und 5% Kakaobutter, 1 TL Zucker, 7 ml Patchouli\u00c3\u00b6l und 5 g Vanillin.<\/p>\n<p><i>Eingef\u00c3\u00a4rbt mit<\/i> rosa Tonerde und Seifenfarbe \u00e2\u20ac\u017ePflaume\u00e2\u20ac\u009d<\/p>\n<p><\/p>\n<p>Sie ist jetzt schon recht fest (das war sie auch bereits nach 24 Stunden, direkt nach dem Auformen). Von daher war der Seifenstempel keine so wirklich gute Idee. Rein optisch bin ich mit dem Ergebnis aber trotzdem sehr zufrieden.<\/p>\n<p>Als Form habe ich \u00c3\u00bcbrigens eine alte Eisverpackung genommen, die ich dann kurz vor dem Ausformen f\u00c3\u00bcr 1\/2 Stunde in den Tiefk\u00c3\u00bchlschrank gestellt habe.<\/p>\n<p><\/p>\n<p>Der Duft&#8230; hach, es w\u00c3\u00a4re so sch\u00c3\u00b6n, wenn man Internet auch riechen k\u00c3\u00b6nnte&#8230; ich liebe diese Kombination. Patchouli ist ja nicht jedermanns Sache &#8211; ich mag`s (und Frl. Frieda und eine liebe Freundin von mir auch). Ein Teil der Seifenst\u00c3\u00bccke (14 an der Zahl) werden also in knappen drei Wochen den Besitzer wechseln. :sing:<\/p>\n<p><\/p>\n<p><i>Merksatz f\u00c3\u00bcr mich:<\/i><\/p>\n<p>Der pH-Wert der Seife liegt aktuell bei pH9 &#8211; genau wie bei meiner mittlerweile fast 10 Tage alten ersten Seife&#8230; :yes:<\/p>\n","protected":false},"excerpt":{"rendered":"<p>W\u00c3\u00a4hrend andere die tollen Tage feiern und es krachen lassen, hat f\u00c3\u00bcr mich die Woche ganz normal begonnen. Das hei\u00c3\u0178t &#8211; das stimmt nicht ganz. Denn es war ziemlich doof heute morgen :roll1: Toll, wenn einem morgens fr\u00c3\u00bch um 5:30 Uhr mitten auf der Autobahn das Scheibenwaschwasser ausgeht&#8230; :angry:. D\u00c3\u00b6\u00c3\u00b6fer geht`s kaum noch und ich gebe zu, ich habe mich wirklich \u00c3\u00a4u\u00c3\u0178erst unwohl gef\u00c3\u00bchlt. Mit jedem Auto, das mich \u00c3\u00bcberholte, wurde die Sicht schlechter und schlechter. :( Aber ich hatte es wenigstens nicht mehr weit und kam &#8211; zwar etwas langsamer als sonst, aber doch sicher &#8211; auf dem Parkplatz meines Br\u00c3\u00b6tchengebers an. Sofort best\u00c3\u00bcckte ich meine Handtasche mit Glasreiniger, ein paar Einmal-Wischt\u00c3\u00bcchern und einem Paar Gummihandschuhe. Und ich hatte auch noch Gl\u00c3\u00bcck im Ungl\u00c3\u00bcck, denn just heute plante ich, meinen Kanister f\u00c3\u00bcr`s B\u00c3\u00bcgelwasser im Labor aufzuf\u00c3\u00bcllen. So konnte ich nach der Arbeit wenigstens einen Schwapps Fl\u00c3\u00bcssigkeit in den Wischwasser-Beh\u00c3\u00a4lter f\u00c3\u00bcllen und kam sicher nach Hause. Vorher hatte ich die Scheibe gut mit Glasreiniger eingespr\u00c3\u00bcht &#8211; schnell war wieder f\u00c3\u00bcr klare Sicht gesorgt. In der &hellip;<\/p>\n","protected":false},"author":1,"featured_media":0,"comment_status":"open","ping_status":"open","sticky":false,"template":"","format":"standard","meta":{"_jetpack_newsletter_access":"","_jetpack_dont_email_post_to_subs":false,"_jetpack_newsletter_tier_id":0,"_jetpack_memberships_contains_paywalled_content":false,"_jetpack_memberships_contains_paid_content":false,"footnotes":""},"categories":[114],"tags":[966,973],"class_list":["post-3153","post","type-post","status-publish","format-standard","hentry","category-plauderecke","tag-kreativ","tag-plauderecke"],"jetpack_sharing_enabled":true,"jetpack_shortlink":"https:\/\/wp.me\/pq7aY-OR","jetpack_likes_enabled":true,"jetpack-related-posts":[],"jetpack_featured_media_url":"","_links":{"self":[{"href":"https:\/\/terragina.de\/blog\/wp-json\/wp\/v2\/posts\/3153","targetHints":{"allow":["GET"]}}],"collection":[{"href":"https:\/\/terragina.de\/blog\/wp-json\/wp\/v2\/posts"}],"about":[{"href":"https:\/\/terragina.de\/blog\/wp-json\/wp\/v2\/types\/post"}],"author":[{"embeddable":true,"href":"https:\/\/terragina.de\/blog\/wp-json\/wp\/v2\/users\/1"}],"replies":[{"embeddable":true,"href":"https:\/\/terragina.de\/blog\/wp-json\/wp\/v2\/comments?post=3153"}],"version-history":[{"count":0,"href":"https:\/\/terragina.de\/blog\/wp-json\/wp\/v2\/posts\/3153\/revisions"}],"wp:attachment":[{"href":"https:\/\/terragina.de\/blog\/wp-json\/wp\/v2\/media?parent=3153"}],"wp:term":[{"taxonomy":"category","embeddable":true,"href":"https:\/\/terragina.de\/blog\/wp-json\/wp\/v2\/categories?post=3153"},{"taxonomy":"post_tag","embeddable":true,"href":"https:\/\/terragina.de\/blog\/wp-json\/wp\/v2\/tags?post=3153"}],"curies":[{"name":"wp","href":"https:\/\/api.w.org\/{rel}","templated":true}]}}