{"id":3166,"date":"2010-02-19T08:55:51","date_gmt":"2010-02-19T06:55:51","guid":{"rendered":"http:\/\/terragina.de\/blog\/2010\/02\/19\/freitags-fueller-47\/"},"modified":"2011-07-09T10:13:21","modified_gmt":"2011-07-09T08:13:21","slug":"freitags-fueller-47","status":"publish","type":"post","link":"https:\/\/terragina.de\/blog\/2010\/02\/19\/freitags-fueller-47\/","title":{"rendered":"Freitags-F\u00c3\u00bcller #47"},"content":{"rendered":"<p>Ja ist denn schon wieder Freitag? In der Tat &#8211; die letzte Woche ging rum wie im Fluge. <a title=\"Barbara`s Scrap-Impulse mitnehmen\" href=\"http:\/\/scrap-impulse.typepad.com\/scrapimpulse\/2010\/02\/freitagsf%C3%BCller-47.html\">Barbara<\/a> war wieder fleissig und hat uns ihren<\/p>\n<div style=\"text-align: center;\">\n  <a title=\"Barbara`s Scrap-Impulse mitnehmen\" href=\"http:\/\/scrap-impulse.typepad.com\/scrapimpulse\/2010\/02\/freitagsf%C3%BCller-47.html\"><img loading=\"lazy\" decoding=\"async\" src=\"http:\/\/terragina.de\/blog\/images\/freitags_fueller.jpg\" alt=\"freitags_fueller.jpg\" width=\"400\" height=\"87\" \/><\/a>\n<\/div>\n<div style=\"text-align: left;\">\n  zur Verf\u00c3\u00bcgung gestellt. Mittlerweile freue ich mich da die ganze Woche drauf. Meine \u00e2\u20ac\u017eL\u00c3\u00bcckenf\u00c3\u00bcller\u00e2\u20ac\u009d sind wie immer fett geschrieben.\n<\/div>\n<div style=\"text-align: left;\"><\/div>\n<div style=\"text-align: left;\">\n<p>1. Warum m\u00c3\u00bcssen wir <strong>eigentlich immer wieder \u00c3\u00bcber die selben Themen diskutieren? Es w\u00c3\u00a4re doch viel sch\u00c3\u00b6ner, wenn wir uns einig w\u00c3\u00a4ren, jeder ein wenig gibt und nimmt? Andererseits geh\u00c3\u00b6rt das zum Leben dazu wie das Salz in der Suppe, sonst w\u00c3\u00a4re es sicher schnell langweilig. Und trotzdem bin ich eigentlich harmonie-s\u00c3\u00bcchtig<\/strong>.<\/p>\n<p>2. <strong>Morgens in die K\u00c3\u00bcche gehen, einen Schwapps Milch in die Tasse. Die Tasse f\u00c3\u00bcr 30 Sekunden in die Mikro und anschl. mit dem kleinen Quirl aufsch\u00c3\u00a4umen. Leckeren Kaffee drauf und ein bisschen Aromazucker rein &#8211;<\/strong> das ist inzwischen eine Gewohnheit.<\/p>\n<p>3. Unser <strong>Haufen aus ausrangiertem Krams im Keller<\/strong> erinnert mich daran, dass wir <strong>in K\u00c3\u00bcrze dem Wertstoffhof einen Besuch abstatten m\u00c3\u00bcssen<\/strong>.<\/p>\n<p>4. <strong>Direkt nach dem Aufstehen habe ich erstmal kr\u00c3\u00a4ftig die Betten gesch\u00c3\u00bcttelt,<\/strong> so wie ich es immer mache. <strong>Nat\u00c3\u00bcrlich nur, wenn ich nicht zur Arbeit mu\u00c3\u0178 und der Hobbykoch vor mir aufsteht. Ansonsten ist das n\u00c3\u00a4mlich sein Part&#8230;<\/strong> ;) <em>(nicht direkt nach dem Aufstehen, das dauert dann immer ein bisschen. Schlie\u00c3\u0178lich ist mein Hobbykoch ein kleiner Morgenmuffel, der morgens erstmal ein halbes St\u00c3\u00bcndchen seine Ruhe braucht.)<\/em><\/p>\n<p>5. Wie sollte ich denn wissen, <strong>wie schwierig es ist, beim Karten-Basteln einen Anfang zu finden&#8230; aber es wird bald losgehen, da bin ich mir sicher<\/strong>. :good:<\/p>\n<p>6. <strong>Die beiden neuen h\u00c3\u00bcbschen Stehlampen in unserem Wohnzimmer waren<\/strong> eine preiswerte L\u00c3\u00b6sung.<\/p>\n<p>7. Was das Wochenende angeht, heute Abend freue ich mich auf <strong>\u00e2\u20ac\u017eWillkommen bei den Sch&#8217;tis\u00e2\u20ac\u009d im Kreise der Familie<\/strong>, morgen habe ich <strong>eine Reise nach Baden-W\u00c3\u00bcrttemberg zu einem 50sten Geburtstag mit der ganzen Familie<\/strong> geplant und Sonntag m\u00c3\u00b6chte ich <strong>wieder m\u00c3\u00b6glichst zeitig daheim sein, damit die Fellnasen nicht so lange alleine sind<\/strong>!<\/p>\n<\/div>\n<div style=\"text-align: center;\">\n  <br \/>\n  ~~~~~~~~~~~~~~~~~~~~~~~~~~~\n<\/div>\n<p>Euch allen w\u00c3\u00bcnsche ich einen tollen Start in`s Wochenende. Wie bei dem 7. Satz schon angemerkt, zieht es uns morgen am sp\u00c3\u00a4ten Vormittag Richtung Ulm. :dance: Wir freuen uns schon, ein paar liebe Menschen zu treffen, die wir schon l\u00c3\u00a4nger nicht mehr gesehen haben.<\/p>\n<p>Und Ihr, was macht Ihr so? Ich w\u00c3\u00bcnsche Euch viel Spa\u00c3\u0178 &#8211; bei allem, was Ihr tut!<\/p>\n","protected":false},"excerpt":{"rendered":"<p>Ja ist denn schon wieder Freitag? In der Tat &#8211; die letzte Woche ging rum wie im Fluge. Barbara war wieder fleissig und hat uns ihren zur Verf\u00c3\u00bcgung gestellt. Mittlerweile freue ich mich da die ganze Woche drauf. Meine \u00e2\u20ac\u017eL\u00c3\u00bcckenf\u00c3\u00bcller\u00e2\u20ac\u009d sind wie immer fett geschrieben. 1. Warum m\u00c3\u00bcssen wir eigentlich immer wieder \u00c3\u00bcber die selben Themen diskutieren? Es w\u00c3\u00a4re doch viel sch\u00c3\u00b6ner, wenn wir uns einig w\u00c3\u00a4ren, jeder ein wenig gibt und nimmt? Andererseits geh\u00c3\u00b6rt das zum Leben dazu wie das Salz in der Suppe, sonst w\u00c3\u00a4re es sicher schnell langweilig. Und trotzdem bin ich eigentlich harmonie-s\u00c3\u00bcchtig. 2. Morgens in die K\u00c3\u00bcche gehen, einen Schwapps Milch in die Tasse. Die Tasse f\u00c3\u00bcr 30 Sekunden in die Mikro und anschl. mit dem kleinen Quirl aufsch\u00c3\u00a4umen. Leckeren Kaffee drauf und ein bisschen Aromazucker rein &#8211; das ist inzwischen eine Gewohnheit. 3. Unser Haufen aus ausrangiertem Krams im Keller erinnert mich daran, dass wir in K\u00c3\u00bcrze dem Wertstoffhof einen Besuch abstatten m\u00c3\u00bcssen. 4. Direkt nach dem Aufstehen habe ich erstmal kr\u00c3\u00a4ftig die Betten gesch\u00c3\u00bcttelt, so wie ich es &hellip;<\/p>\n","protected":false},"author":1,"featured_media":0,"comment_status":"open","ping_status":"open","sticky":false,"template":"","format":"standard","meta":{"_jetpack_newsletter_access":"","_jetpack_dont_email_post_to_subs":false,"_jetpack_newsletter_tier_id":0,"_jetpack_memberships_contains_paywalled_content":false,"_jetpack_memberships_contains_paid_content":false,"footnotes":""},"categories":[114],"tags":[319,973],"class_list":["post-3166","post","type-post","status-publish","format-standard","hentry","category-plauderecke","tag-nur-so","tag-plauderecke"],"jetpack_sharing_enabled":true,"jetpack_shortlink":"https:\/\/wp.me\/pq7aY-P4","jetpack_likes_enabled":true,"jetpack-related-posts":[],"jetpack_featured_media_url":"","_links":{"self":[{"href":"https:\/\/terragina.de\/blog\/wp-json\/wp\/v2\/posts\/3166","targetHints":{"allow":["GET"]}}],"collection":[{"href":"https:\/\/terragina.de\/blog\/wp-json\/wp\/v2\/posts"}],"about":[{"href":"https:\/\/terragina.de\/blog\/wp-json\/wp\/v2\/types\/post"}],"author":[{"embeddable":true,"href":"https:\/\/terragina.de\/blog\/wp-json\/wp\/v2\/users\/1"}],"replies":[{"embeddable":true,"href":"https:\/\/terragina.de\/blog\/wp-json\/wp\/v2\/comments?post=3166"}],"version-history":[{"count":0,"href":"https:\/\/terragina.de\/blog\/wp-json\/wp\/v2\/posts\/3166\/revisions"}],"wp:attachment":[{"href":"https:\/\/terragina.de\/blog\/wp-json\/wp\/v2\/media?parent=3166"}],"wp:term":[{"taxonomy":"category","embeddable":true,"href":"https:\/\/terragina.de\/blog\/wp-json\/wp\/v2\/categories?post=3166"},{"taxonomy":"post_tag","embeddable":true,"href":"https:\/\/terragina.de\/blog\/wp-json\/wp\/v2\/tags?post=3166"}],"curies":[{"name":"wp","href":"https:\/\/api.w.org\/{rel}","templated":true}]}}