{"id":3177,"date":"2010-02-21T19:53:37","date_gmt":"2010-02-21T17:53:37","guid":{"rendered":"http:\/\/terragina.de\/blog\/2010\/02\/21\/unser-wochenende-2\/"},"modified":"2011-07-09T10:13:16","modified_gmt":"2011-07-09T08:13:16","slug":"unser-wochenende-2","status":"publish","type":"post","link":"https:\/\/terragina.de\/blog\/2010\/02\/21\/unser-wochenende-2\/","title":{"rendered":"Unser Wochenende"},"content":{"rendered":"<p>Sch\u00c3\u00b6n war die gestrige Fahrt in die N\u00c3\u00a4he von Ulm und je n\u00c3\u00a4her wir unserem Ziel kamen, desto sch\u00c3\u00b6ner wurde das Wetter. :dance: W\u00c3\u00a4hrend bei uns in Hessen der Schnee schon fast wieder ganz weggetaut ist, lag dort in der schw\u00c3\u00a4bischen Alb doch noch einiges Und im strahlenden Sonnenschein sah die Landschaft wundersch\u00c3\u00b6n aus <span style=\"text-decoration: line-through\">so ganz anders als die derzeitige Matschepampe in der Gro\u00c3\u0178stadt<\/span>. Leider hatte ich kaum eine Gelegenheit, ein Foto zu machen. :( Aber der Hobbykoch w\u00c3\u00a4re nicht mein Hobbykoch, wenn er nicht extra f\u00c3\u00bcr dieses Foto kurz am Stra\u00c3\u0178enrand f\u00c3\u00bcr mich angehalten h\u00c3\u00a4tte. :biglove:<\/p>\n<div style=\"text-align: center;\">\n  <img loading=\"lazy\" decoding=\"async\" src=\"http:\/\/terragina.de\/blog\/wp-content\/uploads\/2010\/02\/baden_wuerttemberg.jpg\" width=\"580\" height=\"435\" alt=\"baden_wuerttemberg.jpg\" \/>\n<\/div>\n<p><\/p>\n<p>Die Familie hat sich getroffen und es war sch\u00c3\u00b6n, mal einige liebe Menschen wieder zu sehen, nette Gespr\u00c3\u00a4che zu f\u00c3\u00bchren und es sich bei einem sehr guten italienischen Abendessen gut gehen zu lassen. Dazu noch ein paar sch\u00c3\u00b6ne und witzige \u00e2\u20ac\u017eShow-Einlagen\u00e2\u20ac\u009d &#8211; eben ein rundum gelungener Abend. Dementsprechend war das Schlafpensum auch nicht allzu gro\u00c3\u0178, heute werden wir nicht alt&#8230;<\/p>\n<p>Ich wollte mich aber wenigstens einmal kurz gemeldet haben und Euch dieses sch\u00c3\u00b6ne Foto zeigen &#8211; auch wenn`s von der Qualit\u00c3\u00a4t sicher nicht berauschend ist&#8230;<\/p>\n<p><\/p>\n<p>Euch allen w\u00c3\u00bcnsche ich einen guten Start in die neue Woche und heute noch einen gem\u00c3\u00bctlichen Abend!<\/p>\n","protected":false},"excerpt":{"rendered":"<p>Sch\u00c3\u00b6n war die gestrige Fahrt in die N\u00c3\u00a4he von Ulm und je n\u00c3\u00a4her wir unserem Ziel kamen, desto sch\u00c3\u00b6ner wurde das Wetter. :dance: W\u00c3\u00a4hrend bei uns in Hessen der Schnee schon fast wieder ganz weggetaut ist, lag dort in der schw\u00c3\u00a4bischen Alb doch noch einiges Und im strahlenden Sonnenschein sah die Landschaft wundersch\u00c3\u00b6n aus so ganz anders als die derzeitige Matschepampe in der Gro\u00c3\u0178stadt. Leider hatte ich kaum eine Gelegenheit, ein Foto zu machen. :( Aber der Hobbykoch w\u00c3\u00a4re nicht mein Hobbykoch, wenn er nicht extra f\u00c3\u00bcr dieses Foto kurz am Stra\u00c3\u0178enrand f\u00c3\u00bcr mich angehalten h\u00c3\u00a4tte. :biglove: Die Familie hat sich getroffen und es war sch\u00c3\u00b6n, mal einige liebe Menschen wieder zu sehen, nette Gespr\u00c3\u00a4che zu f\u00c3\u00bchren und es sich bei einem sehr guten italienischen Abendessen gut gehen zu lassen. Dazu noch ein paar sch\u00c3\u00b6ne und witzige \u00e2\u20ac\u017eShow-Einlagen\u00e2\u20ac\u009d &#8211; eben ein rundum gelungener Abend. Dementsprechend war das Schlafpensum auch nicht allzu gro\u00c3\u0178, heute werden wir nicht alt&#8230; Ich wollte mich aber wenigstens einmal kurz gemeldet haben und Euch dieses sch\u00c3\u00b6ne Foto zeigen &#8211; auch wenn`s &hellip;<\/p>\n","protected":false},"author":1,"featured_media":0,"comment_status":"open","ping_status":"open","sticky":false,"template":"","format":"standard","meta":{"_jetpack_newsletter_access":"","_jetpack_dont_email_post_to_subs":false,"_jetpack_newsletter_tier_id":0,"_jetpack_memberships_contains_paywalled_content":false,"_jetpack_memberships_contains_paid_content":false,"footnotes":""},"categories":[114],"tags":[319,973],"class_list":["post-3177","post","type-post","status-publish","format-standard","hentry","category-plauderecke","tag-nur-so","tag-plauderecke"],"jetpack_sharing_enabled":true,"jetpack_shortlink":"https:\/\/wp.me\/pq7aY-Pf","jetpack_likes_enabled":true,"jetpack-related-posts":[],"jetpack_featured_media_url":"","_links":{"self":[{"href":"https:\/\/terragina.de\/blog\/wp-json\/wp\/v2\/posts\/3177","targetHints":{"allow":["GET"]}}],"collection":[{"href":"https:\/\/terragina.de\/blog\/wp-json\/wp\/v2\/posts"}],"about":[{"href":"https:\/\/terragina.de\/blog\/wp-json\/wp\/v2\/types\/post"}],"author":[{"embeddable":true,"href":"https:\/\/terragina.de\/blog\/wp-json\/wp\/v2\/users\/1"}],"replies":[{"embeddable":true,"href":"https:\/\/terragina.de\/blog\/wp-json\/wp\/v2\/comments?post=3177"}],"version-history":[{"count":0,"href":"https:\/\/terragina.de\/blog\/wp-json\/wp\/v2\/posts\/3177\/revisions"}],"wp:attachment":[{"href":"https:\/\/terragina.de\/blog\/wp-json\/wp\/v2\/media?parent=3177"}],"wp:term":[{"taxonomy":"category","embeddable":true,"href":"https:\/\/terragina.de\/blog\/wp-json\/wp\/v2\/categories?post=3177"},{"taxonomy":"post_tag","embeddable":true,"href":"https:\/\/terragina.de\/blog\/wp-json\/wp\/v2\/tags?post=3177"}],"curies":[{"name":"wp","href":"https:\/\/api.w.org\/{rel}","templated":true}]}}