{"id":3183,"date":"2010-02-24T15:31:11","date_gmt":"2010-02-24T13:31:11","guid":{"rendered":"http:\/\/terragina.de\/blog\/2010\/02\/24\/ein-fruehlings-stoeckchen\/"},"modified":"2011-07-09T10:13:10","modified_gmt":"2011-07-09T08:13:10","slug":"ein-fruehlings-stoeckchen","status":"publish","type":"post","link":"https:\/\/terragina.de\/blog\/2010\/02\/24\/ein-fruehlings-stoeckchen\/","title":{"rendered":"Ein Fr\u00c3\u00bchlings-St\u00c3\u00b6ckchen"},"content":{"rendered":"<p>Bei <a href=\"http:\/\/www.kurzbemerkt.de\/startseite\/home....\/\" title=\"Katinka besuchen\">Katinka<\/a> habe ich gerade eben das Fr\u00c3\u00bchlings-St\u00c3\u00b6ckchen gefunden. Da wir alle nun das N\u00c3\u00a4schen ein klein wenig voll haben von dem vielen Schnee und den eisigen Temperaturen in den letzten Wochen und Monaten, habe ich mir gedacht, das f\u00c3\u00bclle ich jetzt mal aus.Frei nach dem Motto: Mein Blog soll ein wenig abwechslungsreicher werden&#8230;.<\/p>\n<p><\/p>\n<p><em><font color=\"#007F00\">Was sind die ersten Gedanken, die dir zum Thema \u00e2\u20ac\u0153Fr\u00c3\u00bchling\u00e2\u20ac\u009d durch den Kopf schiessen?<\/font><br \/><\/em> Schneegl\u00c3\u00b6ckchen, Vogelgezwitscher, Temperaturen deutlich \u00c3\u00bcber 0\u00c2\u00b0C&#8230;<\/p>\n<p><em><font color=\"#007F00\">Wann hast Du den letzten Schritt nach drau\u00c3\u0178en getan?<\/font><br \/><\/em> Heute morgen in aller Herrgottsfr\u00c3\u00bche, als ich zur Arbeit musste.<\/p>\n<p><em><font color=\"#007F00\">Welche Filme verbindest du pers\u00c3\u00b6nlich mit dieser Jahreszeit?<\/font><br \/><\/em> Oh, schwierige Frage &#8211; keine Ahnung?<\/p>\n<p><em><font color=\"#007F00\">Was sind deine Fr\u00c3\u00bchlings-Lieblingsblumen?<\/font><br \/><\/em> Mir gefallen eigentlich viele Blumen&#8230; Tulpen, Krokusse, Hyazinthen und ihr toller Duft, Schneegl\u00c3\u00b6ckchen.. ich mag mich nicht festlegen.<\/p>\n<p><em><font color=\"#007F00\">Dein liebster Fr\u00c3\u00bchlingsmonat?<\/font><br \/><\/em> Mai.<\/p>\n<p><em><font color=\"#007F00\">Ab wann startet f\u00c3\u00bcr dich pers\u00c3\u00b6nlich der Fr\u00c3\u00bchling?<\/font><br \/><\/em>Wenn ich meine Daunenjacke in den \u00e2\u20ac\u017e\u00c3\u0153bersommerungs-Schrank\u00e2\u20ac\u009d packe, dann ist Fr\u00c3\u00bchling und die dicken Pullis und Fleeceteile in die letzte Ecke des Kleiderschrankes r\u00c3\u00a4ume.<\/p>\n<p><em><font color=\"#007F00\">Was gibt dir dieses Jahr das ultimative Fr\u00c3\u00bchlingsgef\u00c3\u00bchl?<\/font><br \/><\/em> Im Moment wei\u00c3\u0178 ich das noch nicht wirklich, noch traue ich den Temperaturen auch nicht und denke, dass dieser Winter sich nochmal aufb\u00c3\u00a4umt. Aber ich freue mich jetzt auch auf den Fr\u00c3\u00bchling.<\/p>\n<p><em><font color=\"#007F00\">Songs, die du mit dieser Jahreszeit in Verbindung bringst?<\/font><br \/><\/em> \u00e2\u20ac\u009dIm M\u00c3\u00a4rzen der Bauer\u00e2\u20ac\u009d, \u00e2\u20ac\u017eEs t\u00c3\u00b6nen die Lieder,\u00e2\u20ac\u009d,<\/p>\n<p><em><font color=\"#007F00\">Leidest du an Heuschnupfen bzw. an irgend welchen Bl\u00c3\u00bcten- oder Pollenallergien?<\/font><br \/><\/em> Ich bin dankbar daf\u00c3\u00bcr, dass bislang alle Allergien einen gro\u00c3\u0178en Bogen um mich herum gemacht haben.<\/p>\n<p><em><font color=\"#007F00\">Gibt es ein Reiseziel wo du schon immer mal im Fr\u00c3\u00bchling hin wolltest?<\/font><br \/><\/em> Besonders sch\u00c3\u00b6n soll Zypern im Fr\u00c3\u00bchling sein. Aber ich denke, es ist \u00c3\u00bcberall sehr reizvoll, wenn die Natur wieder zum Leben erwacht.<\/p>\n<p><em><font color=\"#007F00\">Machst du Fr\u00c3\u00bchlingsputz?<\/font><br \/><\/em> Nein, nicht wirklich. Wenn hier was schmutzig ist, dann wird es geputzt.. fr\u00c3\u00bcher oder sp\u00c3\u00a4ter, Fr\u00c3\u00bchling oder Herbst. Nach Lust und Laune eben.<\/p>\n<p><em><font color=\"#007F00\">Gibt es bestimmt Klamotten von denen du dich einfach nicht trennen kannst und sie jedes Jahr wieder f\u00c3\u00bcr diese Jahreszeit hervorkramst?<\/font><br \/><\/em> Selbstverst\u00c3\u00a4ndlich habe ich ein paar Kleidungsst\u00c3\u00bccke, die den Winter \u00c3\u00bcber schlafen gelegt werden. Das ist aber keine explizite Fr\u00c3\u00bchlings-Garderobe, sondern kann, darf und wird auch im Herbst angezogen.<\/p>\n<p><em><font color=\"#007F00\">Gibt es auch im Fr\u00c3\u00bchling etwas, was Du nicht leiden kannst?<\/font><br \/><\/em>Dauerregen mag ich nicht &#8211; und wenn alles grau in grau ist. Auch im Fr\u00c3\u00bchling.<\/p>\n<p><em><font color=\"#007F00\">Mutierst du selber gerne zum Maulwurf und buddelst im Garten an jeder Ecke herum bzw. verwandelst deinen Balkon in ein Blumeneldorado?<\/font><br \/><\/em> Oje, eine b\u00c3\u00b6se Frage. :blush: Nein, ich werde wohl nie zum Maulwurf werden und f\u00c3\u00bcr mich ist Gartenarbeit mehr eine Pflicht\u00c3\u00bcbung. Trotzdem mag ich nat\u00c3\u00bcrlich, wenn`s um mich herum sch\u00c3\u00b6n bl\u00c3\u00bcht und sprie\u00c3\u0178t und m\u00c3\u00b6chte es vor und hinter dem Haus sch\u00c3\u00b6n haben. Also begebe ich mich auch auf die Knie und buddel in der Erde. Etwas lieber schnippel ich mit der Gartenschere, dem kann ich schon ein wenig mehr abgewinnen. Wie sch\u00c3\u00b6n, dass es noch einen Hobbykoch gibt &#8211; wir meistern das immer irgendwie gemeinsam.<\/p>\n<p><em><font color=\"#007F00\">Machst du mehr Sport?<\/font><br \/><\/em> Wenn ich ja nicht so unglaublich unsportlich w\u00c3\u00a4re&#8230; aber ich werde wohl mein Fahrrad wieder flott machen.<\/p>\n<p><em><font color=\"#007F00\">Gibt es f\u00c3\u00bcr dich Entschlackungstage oder eine Fr\u00c3\u00bchlingsdi\u00c3\u00a4t?<\/font><br \/><\/em> Nein, wenn ich meine, ein paar Kilo m\u00c3\u00bcssen runter, dann mache ich das, wenn`s n\u00c3\u00b6tig ist und ich denke, die Kraft und das Durchhalteverm\u00c3\u00b6gen dazu aufbringen zu k\u00c3\u00b6nnen. Bisher habe ich es ja auch erfolgreich gemacht. Entschlackung? Definitiv nein.<\/p>\n<p><em><font color=\"#007F00\">Gibt es Tiere, die du mit Fr\u00c3\u00bchling in Verbindung bringst?<\/font><br \/><\/em>V\u00c3\u00b6gel und Hasen<\/p>\n<p><\/p>\n<p>Wie immer lege ich das St\u00c3\u00b6ckchen hier ab und jeder, der Lust hat, darf es sich gerne mitnehmen. ;)<\/p>\n","protected":false},"excerpt":{"rendered":"<p>Bei Katinka habe ich gerade eben das Fr\u00c3\u00bchlings-St\u00c3\u00b6ckchen gefunden. Da wir alle nun das N\u00c3\u00a4schen ein klein wenig voll haben von dem vielen Schnee und den eisigen Temperaturen in den letzten Wochen und Monaten, habe ich mir gedacht, das f\u00c3\u00bclle ich jetzt mal aus.Frei nach dem Motto: Mein Blog soll ein wenig abwechslungsreicher werden&#8230;. Was sind die ersten Gedanken, die dir zum Thema \u00e2\u20ac\u0153Fr\u00c3\u00bchling\u00e2\u20ac\u009d durch den Kopf schiessen? Schneegl\u00c3\u00b6ckchen, Vogelgezwitscher, Temperaturen deutlich \u00c3\u00bcber 0\u00c2\u00b0C&#8230; Wann hast Du den letzten Schritt nach drau\u00c3\u0178en getan? Heute morgen in aller Herrgottsfr\u00c3\u00bche, als ich zur Arbeit musste. Welche Filme verbindest du pers\u00c3\u00b6nlich mit dieser Jahreszeit? Oh, schwierige Frage &#8211; keine Ahnung? Was sind deine Fr\u00c3\u00bchlings-Lieblingsblumen? Mir gefallen eigentlich viele Blumen&#8230; Tulpen, Krokusse, Hyazinthen und ihr toller Duft, Schneegl\u00c3\u00b6ckchen.. ich mag mich nicht festlegen. Dein liebster Fr\u00c3\u00bchlingsmonat? Mai. Ab wann startet f\u00c3\u00bcr dich pers\u00c3\u00b6nlich der Fr\u00c3\u00bchling?Wenn ich meine Daunenjacke in den \u00e2\u20ac\u017e\u00c3\u0153bersommerungs-Schrank\u00e2\u20ac\u009d packe, dann ist Fr\u00c3\u00bchling und die dicken Pullis und Fleeceteile in die letzte Ecke des Kleiderschrankes r\u00c3\u00a4ume. Was gibt dir dieses Jahr das ultimative Fr\u00c3\u00bchlingsgef\u00c3\u00bchl? Im Moment wei\u00c3\u0178 &hellip;<\/p>\n","protected":false},"author":1,"featured_media":0,"comment_status":"open","ping_status":"open","sticky":false,"template":"","format":"standard","meta":{"_jetpack_newsletter_access":"","_jetpack_dont_email_post_to_subs":false,"_jetpack_newsletter_tier_id":0,"_jetpack_memberships_contains_paywalled_content":false,"_jetpack_memberships_contains_paid_content":false,"footnotes":""},"categories":[94],"tags":[146,364,969],"class_list":["post-3183","post","type-post","status-publish","format-standard","hentry","category-stoeckchen","tag-fruehling","tag-jahreszeiten","tag-stoeckchen"],"jetpack_sharing_enabled":true,"jetpack_shortlink":"https:\/\/wp.me\/pq7aY-Pl","jetpack_likes_enabled":true,"jetpack-related-posts":[],"jetpack_featured_media_url":"","_links":{"self":[{"href":"https:\/\/terragina.de\/blog\/wp-json\/wp\/v2\/posts\/3183","targetHints":{"allow":["GET"]}}],"collection":[{"href":"https:\/\/terragina.de\/blog\/wp-json\/wp\/v2\/posts"}],"about":[{"href":"https:\/\/terragina.de\/blog\/wp-json\/wp\/v2\/types\/post"}],"author":[{"embeddable":true,"href":"https:\/\/terragina.de\/blog\/wp-json\/wp\/v2\/users\/1"}],"replies":[{"embeddable":true,"href":"https:\/\/terragina.de\/blog\/wp-json\/wp\/v2\/comments?post=3183"}],"version-history":[{"count":0,"href":"https:\/\/terragina.de\/blog\/wp-json\/wp\/v2\/posts\/3183\/revisions"}],"wp:attachment":[{"href":"https:\/\/terragina.de\/blog\/wp-json\/wp\/v2\/media?parent=3183"}],"wp:term":[{"taxonomy":"category","embeddable":true,"href":"https:\/\/terragina.de\/blog\/wp-json\/wp\/v2\/categories?post=3183"},{"taxonomy":"post_tag","embeddable":true,"href":"https:\/\/terragina.de\/blog\/wp-json\/wp\/v2\/tags?post=3183"}],"curies":[{"name":"wp","href":"https:\/\/api.w.org\/{rel}","templated":true}]}}