{"id":3221,"date":"2010-02-26T08:40:54","date_gmt":"2010-02-26T06:40:54","guid":{"rendered":"http:\/\/terragina.de\/blog\/2010\/02\/26\/freitags-fueller-48\/"},"modified":"2011-07-09T10:13:00","modified_gmt":"2011-07-09T08:13:00","slug":"freitags-fueller-48","status":"publish","type":"post","link":"https:\/\/terragina.de\/blog\/2010\/02\/26\/freitags-fueller-48\/","title":{"rendered":"Freitags-F\u00c3\u00bcller #48"},"content":{"rendered":"<p>Und schon wieder ist ein Freitag und ein Wochenende steht vor der T\u00c3\u00bcr. Nun bin ich schon das 5. Mal dabei und es macht wirklich gro\u00c3\u0178en Spa\u00c3\u0178, <a href=\"http:\/\/scrap-impulse.typepad.com\" title=\"Barbaras Scrap-Impulse\">Barbaras<\/a><\/p>\n<div style=\"text-align: center;\">\n  <a href=\"http:\/\/scrap-impulse.typepad.com\/scrapimpulse\/2010\/02\/freitagsf%C3%BCller-48.html\" title=\"Barbara`s Scrap-Impulse mitnehmen\"><img loading=\"lazy\" decoding=\"async\" src=\"http:\/\/terragina.de\/blog\/images\/freitags_fueller.jpg\" alt=\"freitags_fueller.jpg\" width=\"400\" height=\"87\" \/><\/a>\n<\/div>\n<div style=\"text-align: left;\">\n  zu schnappen und auszuf\u00c3\u00bcllen. Dann will ich mal loslegen &#8211; meine Antworten wie immer in \u00e2\u20ac\u017efett\u00e2\u20ac\u009d. :yes1:\n<\/div>\n<p><\/p>\n<div style=\"text-align: left;\">\n<p>1. Saure Gurken <strong>habe ich noch nie selber eingelegt. (W\u00c3\u00a4re vielleicht mal ein Projekt?) Ich mag sie eigentlich sehr gerne. Besonders auf einem Wurst-oder K\u00c3\u00a4sebrot schmecken sie mir besonders gut.<\/strong>.<\/p>\n<p>2. <strong>Fr\u00c3\u00bcher habe ich sie unheimlich gerne gesehen,<\/strong> die olympischen Spiele. <strong>Vermutlich ist es der Zeitunterschied zu Vancouver und dadurch die doofen Sendezeiten, dass die Spiele dieses Mal fast g\u00c3\u00a4nzlich an mir vorbei gehen.<\/strong><\/p>\n<p>3. Der Schnee <strong>ist hier komplett verschwunden &#8211; es ist sehr regnerisch und nass. Und wenn ich ganz ehrlich bin: Da war mir der Schnee fast lieber, als dieses Schmuddelwetter<\/strong>.<\/p>\n<p>4. <strong>Ein Gro\u00c3\u0178putz inkl. Fenster w\u00c3\u00a4re sicherlich recht angebracht<\/strong> in meinem Haus.<\/p>\n<p>5. Es ist 16.45 Uhr, das bedeutet, <strong>dass es bei uns in ca. 1 1\/4 Stunden Abendessen gibt (und ich mich an den Herd stellen und kochen mu\u00c3\u0178). Nicht jeden Tag! Je nachdem, wann die Kids aus der Schule kommen, gibt es bei uns abends oder mittags warmes Essen<\/strong>.<\/p>\n<p>6. <strong>Die sprichw\u00c3\u00b6rtliche Nadel im Heuhaufen<\/strong> ist schwer zu finden. <strong>Hierzu ist mir eine Begebenheit in meinem Leben besonders im Kopf h\u00c3\u00a4ngen geblieben. Ich war ca. 13, 14 Jahre alt, als ich von meinen Eltern ein paar sch\u00c3\u00b6ne Ohringe aus Silber und die passende Kette dazu geschenkt bekommen habe. Verziert war der Schmuck mit Rubinen. Im Urlaub in S\u00c3\u00bcdtirol, auf einem Familien-Bauernhof, wo wir h\u00c3\u00a4ufiger unseren Urlaub verbrachten, verlor ich draussen den Anh\u00c3\u00a4nger von der Kette. Ich war tod-traurig, der Schmuck war erst wenige Tage alt. Doch irgendwo im Gras, kurz vorm Aufgeben, habe ich ihn wieder gefunden. Meine Mutter liess beim Juwelier die Anh\u00c3\u00a4nger\u00c3\u00b6se zuschweissen und bis heute h\u00c3\u00bcte ich den Schmuck wie meinen Augapfel.<\/strong><\/p>\n<p>7. Was das Wochenende angeht, heute Abend freue ich mich auf <b>Kuchen backen und sp\u00c3\u00a4ter vielleicht Klamotten f\u00c3\u00bcr den Hobbykoch und den Sohnemann kaufen<\/b>, morgen habe ich <strong>unseren supertollen Koch-Event bei Frl. Frieda<\/strong> geplant und Sonntag m\u00c3\u00b6chte ich <strong>hier ein wenig \u00e2\u20ac\u017eKlar Schiff\u00e2\u20ac\u009d machen, vielleicht Karten basteln&#8230; mal sehen<\/strong>!<\/p>\n<p><\/p>\n<p>Hast Du auch Lust bekommen, beim Freitags-F\u00c3\u00bcller mitzumachen? Dann schnapp` ihn Dir bei Barbara und klicke oben auf den roten Schriftzug.<\/p>\n<p><\/p>\n<p>Ich w\u00c3\u00bcnsche meiner lieben Leserschaft ein wundersch\u00c3\u00b6nes Wochenende &#8211; macht was Sch\u00c3\u00b6nes und schaltet ein wenig vom Wochengeschehen ab.<\/p>\n<\/div>\n","protected":false},"excerpt":{"rendered":"<p>Und schon wieder ist ein Freitag und ein Wochenende steht vor der T\u00c3\u00bcr. Nun bin ich schon das 5. Mal dabei und es macht wirklich gro\u00c3\u0178en Spa\u00c3\u0178, Barbaras zu schnappen und auszuf\u00c3\u00bcllen. Dann will ich mal loslegen &#8211; meine Antworten wie immer in \u00e2\u20ac\u017efett\u00e2\u20ac\u009d. :yes1: 1. Saure Gurken habe ich noch nie selber eingelegt. (W\u00c3\u00a4re vielleicht mal ein Projekt?) Ich mag sie eigentlich sehr gerne. Besonders auf einem Wurst-oder K\u00c3\u00a4sebrot schmecken sie mir besonders gut.. 2. Fr\u00c3\u00bcher habe ich sie unheimlich gerne gesehen, die olympischen Spiele. Vermutlich ist es der Zeitunterschied zu Vancouver und dadurch die doofen Sendezeiten, dass die Spiele dieses Mal fast g\u00c3\u00a4nzlich an mir vorbei gehen. 3. Der Schnee ist hier komplett verschwunden &#8211; es ist sehr regnerisch und nass. Und wenn ich ganz ehrlich bin: Da war mir der Schnee fast lieber, als dieses Schmuddelwetter. 4. Ein Gro\u00c3\u0178putz inkl. Fenster w\u00c3\u00a4re sicherlich recht angebracht in meinem Haus. 5. Es ist 16.45 Uhr, das bedeutet, dass es bei uns in ca. 1 1\/4 Stunden Abendessen gibt (und ich mich an den Herd &hellip;<\/p>\n","protected":false},"author":1,"featured_media":0,"comment_status":"open","ping_status":"open","sticky":false,"template":"","format":"standard","meta":{"_jetpack_newsletter_access":"","_jetpack_dont_email_post_to_subs":false,"_jetpack_newsletter_tier_id":0,"_jetpack_memberships_contains_paywalled_content":false,"_jetpack_memberships_contains_paid_content":false,"footnotes":""},"categories":[114],"tags":[319,973],"class_list":["post-3221","post","type-post","status-publish","format-standard","hentry","category-plauderecke","tag-nur-so","tag-plauderecke"],"jetpack_sharing_enabled":true,"jetpack_shortlink":"https:\/\/wp.me\/pq7aY-PX","jetpack_likes_enabled":true,"jetpack-related-posts":[],"jetpack_featured_media_url":"","_links":{"self":[{"href":"https:\/\/terragina.de\/blog\/wp-json\/wp\/v2\/posts\/3221","targetHints":{"allow":["GET"]}}],"collection":[{"href":"https:\/\/terragina.de\/blog\/wp-json\/wp\/v2\/posts"}],"about":[{"href":"https:\/\/terragina.de\/blog\/wp-json\/wp\/v2\/types\/post"}],"author":[{"embeddable":true,"href":"https:\/\/terragina.de\/blog\/wp-json\/wp\/v2\/users\/1"}],"replies":[{"embeddable":true,"href":"https:\/\/terragina.de\/blog\/wp-json\/wp\/v2\/comments?post=3221"}],"version-history":[{"count":0,"href":"https:\/\/terragina.de\/blog\/wp-json\/wp\/v2\/posts\/3221\/revisions"}],"wp:attachment":[{"href":"https:\/\/terragina.de\/blog\/wp-json\/wp\/v2\/media?parent=3221"}],"wp:term":[{"taxonomy":"category","embeddable":true,"href":"https:\/\/terragina.de\/blog\/wp-json\/wp\/v2\/categories?post=3221"},{"taxonomy":"post_tag","embeddable":true,"href":"https:\/\/terragina.de\/blog\/wp-json\/wp\/v2\/tags?post=3221"}],"curies":[{"name":"wp","href":"https:\/\/api.w.org\/{rel}","templated":true}]}}