{"id":3233,"date":"2010-02-28T14:26:15","date_gmt":"2010-02-28T12:26:15","guid":{"rendered":"http:\/\/terragina.de\/blog\/2010\/02\/28\/besuch-bei-frl-frieda\/"},"modified":"2011-07-09T10:12:50","modified_gmt":"2011-07-09T08:12:50","slug":"besuch-bei-frl-frieda","status":"publish","type":"post","link":"https:\/\/terragina.de\/blog\/2010\/02\/28\/besuch-bei-frl-frieda\/","title":{"rendered":"Besuch bei Frl. Frieda"},"content":{"rendered":"<p>Aufmerksame Leser(innen) meines Blogs wissen es schon ganz genau: 1 x im Monat treffen sich Familie Hobbykoch und Familie Frieda <span style=\"text-decoration: line-through\">zur Foto-Session<\/span> zum gemeinsamen Kochen &#8211; so auch gestern. Ansatzweise habe ich bereits <a href=\"http:\/\/terragina.de\/blog\/2010\/02\/27\/engadiner-nusstorte\/\" title=\"Die Engadiner Nu\u00c3\u0178torte\">gestern<\/a> davon berichtet.<\/p>\n<p>Um 12:30 Uhr machten wir uns also auf den Weg in das ca. 1 Std. entfernte kleine hessische D\u00c3\u00b6rfchen. Die Fahrt war sehr angenehm bei Sonnenschein. Und da wir zeitig waren, konnten wir auch noch einen Abstecher in unsere Lieblings-G\u00c3\u00a4rtnerei zu <a href=\"http:\/\/www.poetschke.de\/\" title=\"Onlineshop G\u00c3\u00a4rtner P\u00c3\u00b6tschke\">G\u00c3\u00a4rtner P\u00c3\u00b6tschke<\/a> machen. Von meinen Errungenschaften habe ich jetzt keine Fotos gemacht (vielleicht ergibt sich das noch). Jedenfalls habe ich mir kleine Narzissen gekauft, die perfekt in drei kleine gelbe Eimerchen passen, die ich letzes Jahr schon dort erstanden habe und die seitdem im Keller standen. Ausserdem konnte ich meine Steinherz-Sammlung ein wenig erweitern und noch ein wenig anderen Schnickeldi erwerben. :sing: Der Tag wird sicher kommen, wo ich diese fotografieren werde.<\/p>\n<p>Aber heute soll`s um unseren Besuch bei <a href=\"http:\/\/fraeuleinfrieda.wordpress.com\/\" title=\"Frl. Frieda besuchen\">Frl. Frieda<\/a> gehen, wo wir ganz p\u00c3\u00bcnktlich mittags dann \u00e2\u20ac\u017egelandet\u00e2\u20ac\u009d sind. Erstmalig waren wir \u00c3\u00bcbrigens ohne den Sohnemann unterwegs &#8211; er kann sich ja schlecht teilen. Und wer w\u00c3\u00bcrde nicht Kino mit (den eigenen) Freunden einem Besuch bei Freunden der Eltern vorziehen? Das ist schon ok so.<\/p>\n<p>Wir hatten einiges im Gep\u00c3\u00a4ck. So z.B. den oben bereits verlinkten Kuchen, aber auch die \u00e2\u20ac\u017egro\u00c3\u0178e\u00e2\u20ac\u009d Kamera &#8211; sollten doch Minu und Frieda heute Fotomodell spielen. Dazu komme ich gleich.<\/p>\n<p>Es gab <span style=\"text-decoration: line-through\">wieder leckeren Kaffee<\/span> einen sehr leckeren Cappucchino, die Engadiner Nu\u00c3\u0178torte und Katja hat eine ganz tolle Bilderbuch-Donauwelle gebacken, die ich total vergessen habe zu knipsen. :blush: Und ich erz\u00c3\u00a4hle an dieser Stelle mal nicht, dass nach der Nu\u00c3\u0178torte eine Donauwelle nicht mehr wirklich n\u00c3\u00b6tig gewesen w\u00c3\u00a4re. Beide Kuchen waren wirklich sehr lecker und wir haben unser gemeinsames Kaffeetrinken wie immer sehr genossen. Und wir denken einmal im Monat mal nicht \u00c3\u00bcber die b\u00c3\u00b6sen Kalorien nach&#8230; da dr\u00c3\u00bccken wir doch mal beide Augen feste zu!<\/p>\n<p><font color=\"#7E8D2E\">Wisst Ihr eigentlich, was Kalorien sind?<\/font><\/p>\n<p><font color=\"#7E8D2E\"><i>Kalorien sind die kleinen fiesen Monsterchen, die nachts heimlich die Klamotten enger n\u00c3\u00a4hen&#8230;<\/i><\/font><\/p>\n<p>Wie, ihr wollt Fotos vom Kaffeetrinken? N\u00c3\u00b6, damit kann ich leider nicht dienen. Wir haben einfach nur genossen und es war sehr sch\u00c3\u00b6n. Aber von der absolut genialen Tischdeko von Frl. Frieda &#8211; da habe ich ein Foto:<\/p>\n<div style=\"text-align: center;\">\n  <img loading=\"lazy\" decoding=\"async\" src=\"http:\/\/terragina.de\/blog\/wp-content\/uploads\/2010\/02\/bei_frl_frieda_01.jpg\" width=\"580\" height=\"435\" alt=\"bei_frl_frieda_01.jpg\" \/>\n<\/div>\n<p><\/p>\n<p>Und da das Frl. Frieda und ich ja bekennenderweise sehr gerne Ideen austauschen und ich von diesen Glitzerh\u00c3\u00a4schen im Gras total begeistert war, werde ich wohl mal in der n\u00c3\u00a4chsten Woche meinem Lieblings-Dekoladen einen Besuch abstatten :-)<\/p>\n<p><\/p>\n<p>Anschl. haben wir gemeinsam als eingespieltes Team ganz fix die K\u00c3\u00bcche aufger\u00c3\u00a4umt und dann habe ich mich auf die Suche nach meinen Fotomodellen des Tages gemacht. Guckt Ihr hier:<\/p>\n<div style=\"text-align: center;\">\n  <img loading=\"lazy\" decoding=\"async\" src=\"http:\/\/terragina.de\/blog\/wp-content\/uploads\/2010\/02\/bei_frl_frieda_02.jpg\" width=\"580\" height=\"435\" alt=\"bei_frl_frieda_02.jpg\" \/>\n<\/div>\n<p><\/p>\n<p>Ok, diese wundersch\u00c3\u00b6ne Orchidee war noch nicht mein eigentliches Fotomodell<span style=\"text-decoration: line-through\">, keine der beiden Grazien weit und breit in Sicht<\/span>, trotzdem hat sie die Berechtigung, fotografiert zu werden. Schlie\u00c3\u0178lich ist auch sie eine wahre Sch\u00c3\u00b6nheit, oder nicht?<\/p>\n<p><\/p>\n<p>Dann kam aber Grazie Nr. 1 die Treppe hinunter &#8211; und ich stand schon mit der Knipse auf Position. ;)<\/p>\n<div style=\"text-align: center;\">\n  <img loading=\"lazy\" decoding=\"async\" src=\"http:\/\/terragina.de\/blog\/wp-content\/uploads\/2010\/02\/bei_frl_frieda_03.jpg\" width=\"580\" height=\"435\" alt=\"bei_frl_frieda_03.jpg\" \/>\n<\/div>\n<p><\/p>\n<p>Meine Damen und Herren &#8211; Minu, die Super-Knuddel-Katze! Besser bekannt unter dem Namen \u00e2\u20ac\u009dMurmel\u00e2\u20ac\u009d. Herrlich, diese bernsteinfarbenen Augen.. und dann dieses Fell. Sie ist einfach nur zum Klauen!<\/p>\n<p><\/p>\n<p>Und schon lies sich auch die zweite Grazie des Hauses nicht mehr lumpen und lies sich herab, uns Gesellschaft zu leisten:<\/p>\n<div style=\"text-align: center;\">\n  <img loading=\"lazy\" decoding=\"async\" src=\"http:\/\/terragina.de\/blog\/wp-content\/uploads\/2010\/02\/bei_frl_frieda_04.jpg\" width=\"580\" height=\"435\" alt=\"bei_frl_frieda_04.jpg\" \/>\n<\/div>\n<p><\/p>\n<p>Hach, ich habe viele sch\u00c3\u00b6ne Bilder gemacht (die ich dem lieben Frl. Frieda auch gleich da gelassen habe) &#8211; ein paar mehr k\u00c3\u00b6nnt Ihr Euch also ganz sicher demn\u00c3\u00a4chst <a href=\"http:\/\/fraeuleinfrieda.wordpress.com\/\" title=\"Ich will Katzen gucken bei Frl. Frieda\">hier<\/a> ansehen.<\/p>\n<p><\/p>\n<p>Nach der ganzen Knipserei (unter vollem K\u00c3\u00b6rpereinsatz) und vielen sch\u00c3\u00b6nen und sehr netten Gespr\u00c3\u00a4chen war es dann auch Zeit f\u00c3\u00bcr uns, das Abendessen vorzubereiten. Und immer wieder stellen wir fest, dass wir ein wirklich eingespieltes Team sind. Ohne viel zu quatschen und zu erkl\u00c3\u00a4ren funktioniert das alles reibungslos und Hand in Hand. Vollkommen egal, ob wir bei uns sind oder in dem kleinen hessischen \u00c3\u2013rtchen.<\/p>\n<p>Der Tisch hatte sich in der Zwischenzeit auch ein wenig ver\u00c3\u00a4ndert:<\/p>\n<div style=\"text-align: center;\">\n  <img loading=\"lazy\" decoding=\"async\" src=\"http:\/\/terragina.de\/blog\/wp-content\/uploads\/2010\/02\/bei_frl_frieda_05.jpg\" width=\"580\" height=\"435\" alt=\"bei_frl_frieda_05.jpg\" \/>\n<\/div>\n<p><\/p>\n<p>Die Cappucchinotassen sind dem bleifreien Hefeweizen und dem leckeren Prosecco f\u00c3\u00bcr die M\u00c3\u00a4dchen gewichen. Wir m\u00c3\u00bcssen ja unserem Stil treu bleiben, oder nicht? *lol*<\/p>\n<p>Wir schnippelten Ingwer und Paprika, hackten Kr\u00c3\u00a4uter und Zwiebeln, pressten Zitronen aus und r\u00c3\u00bchrten und mixten&#8230;. es hat wieder sehr viel Spa\u00c3\u0178 gemacht! Und bei unserem \u00e2\u20ac\u009dganz pers\u00c3\u00b6nlichen perfekten Dinner\u00e2\u20ac\u009d haben wir auch dran gedacht, das ein oder andere Foto zu machen:<\/p>\n<div style=\"text-align: center;\">\n  <img loading=\"lazy\" decoding=\"async\" src=\"http:\/\/terragina.de\/blog\/wp-content\/uploads\/2010\/02\/bei_frl_frieda_06.jpg\" width=\"580\" height=\"435\" alt=\"bei_frl_frieda_06.jpg\" \/>\n<\/div>\n<p><\/p>\n<p style=\"text-align: center;\">Die Vorspeise: Paprikasuppe mit einem Sahne-Tuff<\/p>\n<div style=\"text-align: center;\">\n  \n<\/div>\n<div style=\"text-align: center;\">\n  <img loading=\"lazy\" decoding=\"async\" src=\"http:\/\/terragina.de\/blog\/wp-content\/uploads\/2010\/02\/bei_frl_frieda_07.jpg\" width=\"580\" height=\"435\" alt=\"bei_frl_frieda_07.jpg\" \/>\n<\/div>\n<p><\/p>\n<p style=\"text-align: center;\">Hauptgang: Ingwer-Zitronen-H\u00c3\u00a4hnchen mit Pellkartoffeln, Kr\u00c3\u00a4uterquark und gemischtem Salat.<\/p>\n<p style=\"text-align: center;\">Dessert: ??????? <span style=\"text-decoration: line-through\">fiel aus wegen ist nicht!<\/span><\/p>\n<p style=\"text-align: center;\"><\/p>\n<p style=\"text-align: left;\">Dessert? Ooops &#8211; auch hiervon habe ich leider kein Foto. Das \u00e2\u20ac\u009dMohn-Parfait\u00e2\u20ac\u0153 mit Waldfruchtsauce war dermassen lecker, da habe ich das Kipsen schlichtweg vergessen&#8230; :blush1: Frl. Frieda &#8211; hast Du vielleicht&#8230; ??<\/p>\n<p><\/p>\n<div style=\"text-align: center;\">\n  ~~~~~~~~~~~~~~~~~~~~~~~~~~~~~~~~\n<\/div>\n<p><\/p>\n<p>Ich habe auch wieder etwas dazu gelernt: Salat-Dressing schmeckt ganz hervorragend, wenn man Zwiebelw\u00c3\u00bcrfelchen in einem kleinen Pf\u00c3\u00a4nnchen anbr\u00c3\u00a4t, mit Balsamico abl\u00c3\u00b6scht und das ganze kurz einreduzieren l\u00c3\u00a4sst. K\u00c3\u00b6stlich!! Liebes Frl. Frieda &#8211; danke f\u00c3\u00bcr den Tipp. Ich bin ja lernf\u00c3\u00a4hig. :yes1:<\/p>\n<p>Der Tag ging viel viel zu schnell vorbei und um kurz vor 21 Uhr machten wir uns auf den Heimweg, da wir ja den Sohnemann noch bei seinem Freund abholen mussten. Ach, die Zeit war wieder viel zu kurz &#8211; wie gerne w\u00c3\u00a4re ich noch l\u00c3\u00a4nger geblieben&#8230;<\/p>\n<p>Wenn Ihr w\u00c3\u00bcsstet, was Frl. Frieda nebst G\u00c3\u00b6ttergatten f\u00c3\u00bcr wunderbare Gastgeber sind&#8230; wobei: Wir haben gestern beschlossen, dass Familie Hobbykoch ja nun langsam zum Inventar geh\u00c3\u00b6rt &#8211; das beruht nat\u00c3\u00bcrlich auf absoluter Gegenseitigkeit! :dance:<\/p>\n<p><\/p>\n<p>Wir m\u00c3\u00b6chten uns nochmal an dieser Stelle f\u00c3\u00bcr den tollen Nachmittag und Abend bedanken. Und klar freuen wir uns schon tierisch auf`s n\u00c3\u00a4chste Mal!<\/p>\n","protected":false},"excerpt":{"rendered":"<p>Aufmerksame Leser(innen) meines Blogs wissen es schon ganz genau: 1 x im Monat treffen sich Familie Hobbykoch und Familie Frieda zur Foto-Session zum gemeinsamen Kochen &#8211; so auch gestern. Ansatzweise habe ich bereits gestern davon berichtet. Um 12:30 Uhr machten wir uns also auf den Weg in das ca. 1 Std. entfernte kleine hessische D\u00c3\u00b6rfchen. Die Fahrt war sehr angenehm bei Sonnenschein. Und da wir zeitig waren, konnten wir auch noch einen Abstecher in unsere Lieblings-G\u00c3\u00a4rtnerei zu G\u00c3\u00a4rtner P\u00c3\u00b6tschke machen. Von meinen Errungenschaften habe ich jetzt keine Fotos gemacht (vielleicht ergibt sich das noch). Jedenfalls habe ich mir kleine Narzissen gekauft, die perfekt in drei kleine gelbe Eimerchen passen, die ich letzes Jahr schon dort erstanden habe und die seitdem im Keller standen. Ausserdem konnte ich meine Steinherz-Sammlung ein wenig erweitern und noch ein wenig anderen Schnickeldi erwerben. :sing: Der Tag wird sicher kommen, wo ich diese fotografieren werde. Aber heute soll`s um unseren Besuch bei Frl. Frieda gehen, wo wir ganz p\u00c3\u00bcnktlich mittags dann \u00e2\u20ac\u017egelandet\u00e2\u20ac\u009d sind. Erstmalig waren wir \u00c3\u00bcbrigens ohne den Sohnemann unterwegs &hellip;<\/p>\n","protected":false},"author":1,"featured_media":0,"comment_status":"open","ping_status":"open","sticky":false,"template":"","format":"standard","meta":{"_jetpack_newsletter_access":"","_jetpack_dont_email_post_to_subs":false,"_jetpack_newsletter_tier_id":0,"_jetpack_memberships_contains_paywalled_content":false,"_jetpack_memberships_contains_paid_content":false,"footnotes":""},"categories":[114],"tags":[973],"class_list":["post-3233","post","type-post","status-publish","format-standard","hentry","category-plauderecke","tag-plauderecke"],"jetpack_sharing_enabled":true,"jetpack_shortlink":"https:\/\/wp.me\/pq7aY-Q9","jetpack_likes_enabled":true,"jetpack-related-posts":[],"jetpack_featured_media_url":"","_links":{"self":[{"href":"https:\/\/terragina.de\/blog\/wp-json\/wp\/v2\/posts\/3233","targetHints":{"allow":["GET"]}}],"collection":[{"href":"https:\/\/terragina.de\/blog\/wp-json\/wp\/v2\/posts"}],"about":[{"href":"https:\/\/terragina.de\/blog\/wp-json\/wp\/v2\/types\/post"}],"author":[{"embeddable":true,"href":"https:\/\/terragina.de\/blog\/wp-json\/wp\/v2\/users\/1"}],"replies":[{"embeddable":true,"href":"https:\/\/terragina.de\/blog\/wp-json\/wp\/v2\/comments?post=3233"}],"version-history":[{"count":0,"href":"https:\/\/terragina.de\/blog\/wp-json\/wp\/v2\/posts\/3233\/revisions"}],"wp:attachment":[{"href":"https:\/\/terragina.de\/blog\/wp-json\/wp\/v2\/media?parent=3233"}],"wp:term":[{"taxonomy":"category","embeddable":true,"href":"https:\/\/terragina.de\/blog\/wp-json\/wp\/v2\/categories?post=3233"},{"taxonomy":"post_tag","embeddable":true,"href":"https:\/\/terragina.de\/blog\/wp-json\/wp\/v2\/tags?post=3233"}],"curies":[{"name":"wp","href":"https:\/\/api.w.org\/{rel}","templated":true}]}}