{"id":3244,"date":"2010-03-02T18:38:47","date_gmt":"2010-03-02T16:38:47","guid":{"rendered":"http:\/\/terragina.de\/blog\/2010\/03\/02\/osterdekoration\/"},"modified":"2011-07-09T10:12:44","modified_gmt":"2011-07-09T08:12:44","slug":"osterdekoration","status":"publish","type":"post","link":"https:\/\/terragina.de\/blog\/2010\/03\/02\/osterdekoration\/","title":{"rendered":"Osterdekoration"},"content":{"rendered":"<p>Heute nur ganz kurz ein kleiner Lagebericht von mir. Seit drei Tagen habe ich n\u00c3\u00a4mlich ein wenig Probleme mit meinem Bauch und seit heute nachmittag scheinen sich noch Gliederschmerzen dazu zu gesellen. Trotzdem habe ich mich nicht davon abhalten lassen, arbeiten zu gehen und mich heute nachmittag im Deko-Laden meines Vertrauens nach einer \u00c3\u00b6sterlichen Deko umzuschauen.<\/p>\n<p>Wie begeistert ich von Frl. Friedas Deko war und bin &#8211; davon hatte ich ja schon <a href=\"http:\/\/terragina.de\/blog\/2010\/02\/28\/besuch-bei-frl-frieda\/\" title=\"Osterdeko bei Frl. Frieda\">hier<\/a> berichtet. Nat\u00c3\u00bcrlich habe ich mich auch nach den s\u00c3\u00bc\u00c3\u0178en Glitzerh\u00c3\u00a4schen und den witzigen Grasmatten umgesehen, habe sogar danach gefragt. Erfolglos &#8211; denn alles war restlos ausverkauft.. Wer wei\u00c3\u0178, f\u00c3\u00bcr was es gut ist &#8211; wahrscheinlich h\u00c3\u00a4tte diese Deko bei mir eh nicht besonders gut rein gepasst. Also beschloss ich im Laden, mich f\u00c3\u00bcr Frl. Frieda zu freuen und f\u00c3\u00bcr uns etwas anderes zu suchen. Ich ging einmal durch den Laden, und noch einmal &#8211; und noch einmal. Auch in einem anderen Laden war ich zwischendurch noch mal. Doch dann hatte ich meinen Entschlu\u00c3\u0178 gefasst, was die n\u00c3\u00a4chsten vier Wochen unseren Esstisch zieren soll&#8230; &#8211; tada:<\/p>\n<p><\/p>\n<div style=\"text-align: center;\">\n  <img loading=\"lazy\" decoding=\"async\" src=\"http:\/\/terragina.de\/blog\/wp-content\/uploads\/2010\/03\/osterdeko.jpg\" width=\"580\" height=\"435\" alt=\"osterdeko.jpg\" \/>\n<\/div>\n<p>Happy bin ich allerdings, dass ich diese Kerzengl\u00c3\u00a4ser (oder Vasen, oder Dekorationsartikel-Beh\u00c3\u00a4lter, oder Teelichthalter) bekommen habe, denn hier brauche ich keine Angst mehr haben, dass die Fellnasen sich ihr s\u00c3\u00bc\u00c3\u0178es N\u00c3\u00a4schen oder Schw\u00c3\u00a4nzchen verbrennen. :yes:<\/p>\n<p>F\u00c3\u00bcr heute war es das von mir &#8211; ich werde mich jetzt mit einem Tee unter die Decke kuscheln und bald wird mich sicher der ber\u00c3\u00bchmte \u00e2\u20ac\u017eSesselschlaf\u00e2\u20ac\u009d einholen&#8230; kennt Ihr den auch?<\/p>\n","protected":false},"excerpt":{"rendered":"<p>Heute nur ganz kurz ein kleiner Lagebericht von mir. Seit drei Tagen habe ich n\u00c3\u00a4mlich ein wenig Probleme mit meinem Bauch und seit heute nachmittag scheinen sich noch Gliederschmerzen dazu zu gesellen. Trotzdem habe ich mich nicht davon abhalten lassen, arbeiten zu gehen und mich heute nachmittag im Deko-Laden meines Vertrauens nach einer \u00c3\u00b6sterlichen Deko umzuschauen. Wie begeistert ich von Frl. Friedas Deko war und bin &#8211; davon hatte ich ja schon hier berichtet. Nat\u00c3\u00bcrlich habe ich mich auch nach den s\u00c3\u00bc\u00c3\u0178en Glitzerh\u00c3\u00a4schen und den witzigen Grasmatten umgesehen, habe sogar danach gefragt. Erfolglos &#8211; denn alles war restlos ausverkauft.. Wer wei\u00c3\u0178, f\u00c3\u00bcr was es gut ist &#8211; wahrscheinlich h\u00c3\u00a4tte diese Deko bei mir eh nicht besonders gut rein gepasst. Also beschloss ich im Laden, mich f\u00c3\u00bcr Frl. Frieda zu freuen und f\u00c3\u00bcr uns etwas anderes zu suchen. Ich ging einmal durch den Laden, und noch einmal &#8211; und noch einmal. Auch in einem anderen Laden war ich zwischendurch noch mal. Doch dann hatte ich meinen Entschlu\u00c3\u0178 gefasst, was die n\u00c3\u00a4chsten vier Wochen unseren Esstisch zieren &hellip;<\/p>\n","protected":false},"author":1,"featured_media":0,"comment_status":"open","ping_status":"open","sticky":false,"template":"","format":"standard","meta":{"_jetpack_newsletter_access":"","_jetpack_dont_email_post_to_subs":false,"_jetpack_newsletter_tier_id":0,"_jetpack_memberships_contains_paywalled_content":false,"_jetpack_memberships_contains_paid_content":false,"footnotes":""},"categories":[98,114],"tags":[173,973],"class_list":["post-3244","post","type-post","status-publish","format-standard","hentry","category-dekoratives","category-plauderecke","tag-ostern","tag-plauderecke"],"jetpack_sharing_enabled":true,"jetpack_shortlink":"https:\/\/wp.me\/pq7aY-Qk","jetpack_likes_enabled":true,"jetpack-related-posts":[],"jetpack_featured_media_url":"","_links":{"self":[{"href":"https:\/\/terragina.de\/blog\/wp-json\/wp\/v2\/posts\/3244","targetHints":{"allow":["GET"]}}],"collection":[{"href":"https:\/\/terragina.de\/blog\/wp-json\/wp\/v2\/posts"}],"about":[{"href":"https:\/\/terragina.de\/blog\/wp-json\/wp\/v2\/types\/post"}],"author":[{"embeddable":true,"href":"https:\/\/terragina.de\/blog\/wp-json\/wp\/v2\/users\/1"}],"replies":[{"embeddable":true,"href":"https:\/\/terragina.de\/blog\/wp-json\/wp\/v2\/comments?post=3244"}],"version-history":[{"count":0,"href":"https:\/\/terragina.de\/blog\/wp-json\/wp\/v2\/posts\/3244\/revisions"}],"wp:attachment":[{"href":"https:\/\/terragina.de\/blog\/wp-json\/wp\/v2\/media?parent=3244"}],"wp:term":[{"taxonomy":"category","embeddable":true,"href":"https:\/\/terragina.de\/blog\/wp-json\/wp\/v2\/categories?post=3244"},{"taxonomy":"post_tag","embeddable":true,"href":"https:\/\/terragina.de\/blog\/wp-json\/wp\/v2\/tags?post=3244"}],"curies":[{"name":"wp","href":"https:\/\/api.w.org\/{rel}","templated":true}]}}