{"id":3310,"date":"2010-03-12T09:49:54","date_gmt":"2010-03-12T07:49:54","guid":{"rendered":"http:\/\/terragina.de\/blog\/2010\/03\/12\/freitags-fueller-50\/"},"modified":"2011-07-09T10:12:13","modified_gmt":"2011-07-09T08:12:13","slug":"freitags-fueller-50","status":"publish","type":"post","link":"https:\/\/terragina.de\/blog\/2010\/03\/12\/freitags-fueller-50\/","title":{"rendered":"Freitags-F\u00c3\u00bcller #50"},"content":{"rendered":"<p>Die aufmerksamen Leser\/Leserinnen kennen es mittlerweile schon &#8211; bei <a href=\"http:\/\/scrap-impulse.typepad.com\" title=\"Barbaras Scrap-Impulse\">Barbara<\/a> gibt`s heute wieder den Freitags-F\u00c3\u00bcller &#8211; wer macht diesmal mit?<\/p>\n<div style=\"text-align: center;\">\n  <a href=\"http:\/\/scrap-impulse.typepad.com\/scrapimpulse\/2010\/03\/freitagsf%C3%BCller-50.html\" title=\"Barbara`s Scrap-Impulse mitnehmen\"><img loading=\"lazy\" decoding=\"async\" src=\"http:\/\/terragina.de\/blog\/images\/freitags_fueller.jpg\" alt=\"freitags_fueller.jpg\" width=\"400\" height=\"87\" \/><\/a>\n<\/div>\n<p>Meine Antworten sind wie immer fett geschrieben&#8230; und wie jedesmal hat mir das Ausf\u00c3\u00bcllen wieder viel Spa\u00c3\u0178 gemacht! Vielen Dank an Barbara f\u00c3\u00bcr Ihre M\u00c3\u00bchen, die sie sich jeden Freitag auf`s Neue macht!<\/p>\n<p><\/p>\n<p>1. Komm mit mir <strong>in`s Land der leckeren Ger\u00c3\u00bcche, toller Gew\u00c3\u00bcrze und Farben, vielen verschiedenen Geschmacksrichtungen. Ich bin stets auf der Suche nach neuen Rezepten. Dabei mache ich normalerweise auch vor ausgefalleneren Dingen keinen Halt. Nur zu abgehoben a la 5-Sterne-Restaurant, dass mu\u00c3\u0178 es nicht ein. So werde ich wohl auch in den n\u00c3\u00a4chsten 10 Jahren die Finger z.B. von Molekularer K\u00c3\u00bcche lassen. Dem kann und m\u00c3\u00b6chte ich nichts abgewinnen<\/strong>.<\/p>\n<p>2. Das Wetter <strong>ist sehr Gedulds-fordernd<\/strong> in diesem Jahr. <b>Allerdings m\u00c3\u00b6chte ich an dieser Stelle sagen, dass ich wohl eine derjenigen bin, die mit dem heftigen Winter in diesem Jahr nicht soo das Problem haben. Auch wenn ich jetzt gerne zugebe, dass von mir aus der Fr\u00c3\u00bchling kommen kann (aber so ganz glaube ich da noch nicht daran, wenn ich so rausschaue&#8230;.).<\/b><\/p>\n<p>3. Gl\u00c3\u00bcck ist <strong>f\u00c3\u00bcr mich meine Familie (zu der selbstverst\u00c3\u00a4ndlich auch die Fellnasen geh\u00c3\u00b6ren), Gesundheit und Zufriedenheit<\/strong>.<\/p>\n<p>4. <strong>Manchmal l\u00c3\u00a4uft`s im Leben nicht so wie geplant. Wenn dem so ist und ich mir etwas anders erhofft oder erwartet habe, bin ich zun\u00c3\u00a4chst mal leicht irritiert<\/strong> und verwirrt.<\/p>\n<p>5. Ich warte auf <strong>den Fr\u00c3\u00bchling! Ja, das tue auch ich mittlerweile<\/strong>.<\/p>\n<p>6. <strong>Schokolade, Gummib\u00c3\u00a4rchen&#8230; S\u00c3\u00bcssigkeiten aller Art<\/strong> kann ich sehr schwer widerstehen. <b>(Von Zeit zu Zeit aber mu\u00c3\u0178 ich mich dazu zwingen&#8230; die Welt ist ungerecht!)<\/b><\/p>\n<p>7. Was das Wochenende angeht, heute Abend freue ich mich auf <strong>\u00e2\u20ac\u017eAff\u00c3\u00a4ren a la carte\u00e2\u20ac\u009d<\/strong>, morgen habe ich <b>vielleicht eine kleine Shoppingtour (nichts Aufregendes)<\/b> geplant und Sonntag m\u00c3\u00b6chte ich <strong>einen gem\u00c3\u00bctlichen Tag mit meinen Lieben verbringen<\/strong>!<\/p>\n<p><\/p>\n<p>Hmm, der letzte Punkt f\u00c3\u00a4llt ja oft relativ \u00c3\u00a4hnlich aus, aber ich mag diese Wochenenden, die nicht verplant sind. Denn Langeweile kenne ich eigentlich gar nicht. Aber n\u00c3\u00a4chstes Wochenende bzw. n\u00c3\u00a4chsten Freitag, da kann ich wieder was anderes schreiben&#8230; :dance:<\/p>\n<p>Und, hat noch jemand Lust, den Freitags-F\u00c3\u00bcller auszuf\u00c3\u00bcllen? Am \u00e2\u20ac\u017eschwierigsten\u00e2\u20ac\u009d fand ich heute Punkt 4&#8230; so mal als kleine Bemerkung am Rande&#8230;.<\/p>\n<p>\nAll meinen Leserinnen und Lesern m\u00c3\u00b6chte ich an dieser Stelle mal herzlich D-A-N-K-E sagen f\u00c3\u00bcr`s Lesen und w\u00c3\u00bcnsche Euch ein wundersch\u00c3\u00b6nes Wochenende&#8230; ob der Fr\u00c3\u00bchling hier oder dort um die Ecke kommt? Ich glaub`s ja nicht&#8230;<\/p>\n","protected":false},"excerpt":{"rendered":"<p>Die aufmerksamen Leser\/Leserinnen kennen es mittlerweile schon &#8211; bei Barbara gibt`s heute wieder den Freitags-F\u00c3\u00bcller &#8211; wer macht diesmal mit? Meine Antworten sind wie immer fett geschrieben&#8230; und wie jedesmal hat mir das Ausf\u00c3\u00bcllen wieder viel Spa\u00c3\u0178 gemacht! Vielen Dank an Barbara f\u00c3\u00bcr Ihre M\u00c3\u00bchen, die sie sich jeden Freitag auf`s Neue macht! 1. Komm mit mir in`s Land der leckeren Ger\u00c3\u00bcche, toller Gew\u00c3\u00bcrze und Farben, vielen verschiedenen Geschmacksrichtungen. Ich bin stets auf der Suche nach neuen Rezepten. Dabei mache ich normalerweise auch vor ausgefalleneren Dingen keinen Halt. Nur zu abgehoben a la 5-Sterne-Restaurant, dass mu\u00c3\u0178 es nicht ein. So werde ich wohl auch in den n\u00c3\u00a4chsten 10 Jahren die Finger z.B. von Molekularer K\u00c3\u00bcche lassen. Dem kann und m\u00c3\u00b6chte ich nichts abgewinnen. 2. Das Wetter ist sehr Gedulds-fordernd in diesem Jahr. Allerdings m\u00c3\u00b6chte ich an dieser Stelle sagen, dass ich wohl eine derjenigen bin, die mit dem heftigen Winter in diesem Jahr nicht soo das Problem haben. Auch wenn ich jetzt gerne zugebe, dass von mir aus der Fr\u00c3\u00bchling kommen kann (aber so ganz &hellip;<\/p>\n","protected":false},"author":1,"featured_media":0,"comment_status":"open","ping_status":"open","sticky":false,"template":"","format":"standard","meta":{"_jetpack_newsletter_access":"","_jetpack_dont_email_post_to_subs":false,"_jetpack_newsletter_tier_id":0,"_jetpack_memberships_contains_paywalled_content":false,"_jetpack_memberships_contains_paid_content":false,"footnotes":""},"categories":[114],"tags":[973],"class_list":["post-3310","post","type-post","status-publish","format-standard","hentry","category-plauderecke","tag-plauderecke"],"jetpack_sharing_enabled":true,"jetpack_shortlink":"https:\/\/wp.me\/pq7aY-Ro","jetpack_likes_enabled":true,"jetpack-related-posts":[],"jetpack_featured_media_url":"","_links":{"self":[{"href":"https:\/\/terragina.de\/blog\/wp-json\/wp\/v2\/posts\/3310","targetHints":{"allow":["GET"]}}],"collection":[{"href":"https:\/\/terragina.de\/blog\/wp-json\/wp\/v2\/posts"}],"about":[{"href":"https:\/\/terragina.de\/blog\/wp-json\/wp\/v2\/types\/post"}],"author":[{"embeddable":true,"href":"https:\/\/terragina.de\/blog\/wp-json\/wp\/v2\/users\/1"}],"replies":[{"embeddable":true,"href":"https:\/\/terragina.de\/blog\/wp-json\/wp\/v2\/comments?post=3310"}],"version-history":[{"count":0,"href":"https:\/\/terragina.de\/blog\/wp-json\/wp\/v2\/posts\/3310\/revisions"}],"wp:attachment":[{"href":"https:\/\/terragina.de\/blog\/wp-json\/wp\/v2\/media?parent=3310"}],"wp:term":[{"taxonomy":"category","embeddable":true,"href":"https:\/\/terragina.de\/blog\/wp-json\/wp\/v2\/categories?post=3310"},{"taxonomy":"post_tag","embeddable":true,"href":"https:\/\/terragina.de\/blog\/wp-json\/wp\/v2\/tags?post=3310"}],"curies":[{"name":"wp","href":"https:\/\/api.w.org\/{rel}","templated":true}]}}