{"id":3317,"date":"2010-03-12T16:55:33","date_gmt":"2010-03-12T14:55:33","guid":{"rendered":"http:\/\/terragina.de\/blog\/2010\/03\/12\/projekt-122010-der-maerz\/"},"modified":"2011-07-09T10:12:07","modified_gmt":"2011-07-09T08:12:07","slug":"projekt-122010-der-maerz","status":"publish","type":"post","link":"https:\/\/terragina.de\/blog\/2010\/03\/12\/projekt-122010-der-maerz\/","title":{"rendered":"Projekt 12\/2010 &#8211; Der M\u00c3\u00a4rz"},"content":{"rendered":"<p><img loading=\"lazy\" decoding=\"async\" style=\"float: left; margin-right: 10px; margin-bottom: 10px;\" src=\"http:\/\/terragina.de\/blog\/wp-content\/uploads\/2010\/01\/zwoelf2010_klein.png\" alt=\"zwoelf2010_klein.png\" width=\"156\" height=\"28\" \/>Wieder bin ich auf den letzten Dr\u00c3\u00bccker zu meinem Motiv geeilt, gerade noch so im Zeitfenster. ;) <a title=\"Fotoprojekt zw\u00c3\u00b6lf2010 bei Jana\" href=\"http:\/\/www.janasworld.de\/2009\/11\/22\/fotoprojekt-zwoelf2010-2\/\">Janas<\/a> Projekt ist zu sch\u00c3\u00b6n, als das man da mittendrin aufh\u00c3\u00b6rt. Was mir allerdings aufgefallen ist, ist, dass der Blumenkasten diesen und auch den letzten Monat sehr unspektakul\u00c3\u00a4r ist <span style=\"text-decoration: line-through\">und obendrein ist das Foto durch`s Anpassen an den Rahmen auch unscharf geworde<\/span>n. Es wird wirklich Zeit, dass der Fr\u00c3\u00bchling kommt. Irgendwie m\u00c3\u00b6chte der Blumenkasten mir sowieso nicht mehr gefallen, er wirkt f\u00c3\u00bcr mich im Projekt irgendwie langweilig &#8211; ich \u00c3\u00bcberlege noch&#8230;<\/p>\n<p>F\u00c3\u00bcr interessierte Leser gibt`s \u00c3\u00bcbrigens <a href=\"http:\/\/www.janasworld.de\/fotografie\/fotoprojekt-zwoelf2010-2\/\" title=\"Teilnehmerliste 12\/2010 und Regeln\">hier<\/a> die Teilnehmerliste. Und <a href=\"http:\/\/www.janasworld.de\/fotografie\/fotoprojekt-zwoelf2010-2\/fotoprojekt-zwoelf2010-101-200\/\" title=\"Projekt-Teilnehmer 101 bis 200\">hier<\/a> bin ich unter der Nummer 110 vertreten. ;)<\/p>\n<p>Und hier kommen meine beiden Beitr\u00c3\u00a4ge zu diesem Monat <i>(Klick macht gro\u00c3\u0178<\/i>):<\/p>\n<p><\/p>\n<p style=\"text-align: center;\">Zun\u00c3\u00a4chst wie immer die S-Bahn-Haltestelle:<\/p>\n<div style=\"text-align: center;\">\n  \n<\/div>\n<div style=\"text-align: center;\">\n  <a href=\"http:\/\/terragina.de\/blog\/wp-content\/uploads\/2010\/03\/zwoelf2010_03_900x543.jpg\" rel=\"lightbox[3317]\"><img loading=\"lazy\" decoding=\"async\" src=\"http:\/\/terragina.de\/blog\/wp-content\/uploads\/2010\/03\/zwoelf2010_03_900x543-tm.jpg\" width=\"260\" height=\"156\" alt=\"zwoelf2010_03_900x543.jpg\" \/><\/a>\n<\/div>\n<p><\/p>\n<p style=\"text-align: center;\">Und zum zweiten der Blumenkasten <i>(nicht zum klicken)<\/i>:<\/p>\n<div style=\"text-align: center;\">\n  \n<\/div>\n<div style=\"text-align: center;\">\n  <img loading=\"lazy\" decoding=\"async\" src=\"http:\/\/terragina.de\/blog\/wp-content\/uploads\/2010\/03\/blumenkasten_03_501x600.jpg\" width=\"501\" height=\"600\" alt=\"blumenkasten_03_501x600.jpg\" \/>\n<\/div>\n<p><\/p>\n<p>Hmm, also die Bahnhaltestelle war f\u00c3\u00bcr mich diesesmal sehr interessant &#8211; den ein Baum ist schlichtweg verschwunden. H\u00c3\u00a4tte ich nicht so genau hingesehen, w\u00c3\u00a4re es mir vermutlich gar nicht aufgefallen&#8230;.<\/p>\n<p>Und f\u00c3\u00bcr den n\u00c3\u00a4chsten Monat erhoffe ich mir, dass die Fotos ein wenig freundlicher und frischer, eben fr\u00c3\u00bchlingshafter daher kommen. Wir werden sehen. ;-)<\/p>\n<p>Beide Fotos sind ab sofort auch in der <a href=\"http:\/\/www.flickr.com\/groups\/1300582@N23\/\" title=\"Flickr-Gruppe zwoelf2010\">Flickr-Galerie<\/a> zu finden. :sing:<\/p>\n<p><\/p>\n<p>Zum Schlu\u00c3\u0178 <a href=\"http:\/\/terragina.de\/blog\/zwoelf2010-2\/\" title=\"Foto-\u00c3\u0153bersicht Projekt zw\u00c3\u00b6lf2010\">der direkte Weg<\/a> zu allen Fotos in der \u00c3\u0153bersicht (allerdings nur Miniaturen). Wer die anderen Bilder sehen m\u00c3\u00b6chte, besucht mich bitte in der Kategorie \u00e2\u20ac\u017eFoto &#8211; zw\u00c3\u00b6lf2010&#8243; &#8211; alternativ \u00e2\u20ac\u017ezw\u00c3\u00b6lf2010\u00e2\u20ac\u009d in die Suchmaske eingeben.<\/p>\n","protected":false},"excerpt":{"rendered":"<p>Wieder bin ich auf den letzten Dr\u00c3\u00bccker zu meinem Motiv geeilt, gerade noch so im Zeitfenster. ;) Janas Projekt ist zu sch\u00c3\u00b6n, als das man da mittendrin aufh\u00c3\u00b6rt. Was mir allerdings aufgefallen ist, ist, dass der Blumenkasten diesen und auch den letzten Monat sehr unspektakul\u00c3\u00a4r ist und obendrein ist das Foto durch`s Anpassen an den Rahmen auch unscharf geworden. Es wird wirklich Zeit, dass der Fr\u00c3\u00bchling kommt. Irgendwie m\u00c3\u00b6chte der Blumenkasten mir sowieso nicht mehr gefallen, er wirkt f\u00c3\u00bcr mich im Projekt irgendwie langweilig &#8211; ich \u00c3\u00bcberlege noch&#8230; F\u00c3\u00bcr interessierte Leser gibt`s \u00c3\u00bcbrigens hier die Teilnehmerliste. Und hier bin ich unter der Nummer 110 vertreten. ;) Und hier kommen meine beiden Beitr\u00c3\u00a4ge zu diesem Monat (Klick macht gro\u00c3\u0178): Zun\u00c3\u00a4chst wie immer die S-Bahn-Haltestelle: Und zum zweiten der Blumenkasten (nicht zum klicken): Hmm, also die Bahnhaltestelle war f\u00c3\u00bcr mich diesesmal sehr interessant &#8211; den ein Baum ist schlichtweg verschwunden. H\u00c3\u00a4tte ich nicht so genau hingesehen, w\u00c3\u00a4re es mir vermutlich gar nicht aufgefallen&#8230;. Und f\u00c3\u00bcr den n\u00c3\u00a4chsten Monat erhoffe ich mir, dass die Fotos ein wenig freundlicher &hellip;<\/p>\n","protected":false},"author":1,"featured_media":0,"comment_status":"open","ping_status":"open","sticky":false,"template":"","format":"standard","meta":{"_jetpack_newsletter_access":"","_jetpack_dont_email_post_to_subs":false,"_jetpack_newsletter_tier_id":0,"_jetpack_memberships_contains_paywalled_content":false,"_jetpack_memberships_contains_paid_content":false,"footnotes":""},"categories":[6,358],"tags":[960,980],"class_list":["post-3317","post","type-post","status-publish","format-standard","hentry","category-foto-meets-ps","category-zwoelf2010","tag-foto-meets-ps","tag-zwoelf2010"],"jetpack_sharing_enabled":true,"jetpack_shortlink":"https:\/\/wp.me\/pq7aY-Rv","jetpack_likes_enabled":true,"jetpack-related-posts":[],"jetpack_featured_media_url":"","_links":{"self":[{"href":"https:\/\/terragina.de\/blog\/wp-json\/wp\/v2\/posts\/3317","targetHints":{"allow":["GET"]}}],"collection":[{"href":"https:\/\/terragina.de\/blog\/wp-json\/wp\/v2\/posts"}],"about":[{"href":"https:\/\/terragina.de\/blog\/wp-json\/wp\/v2\/types\/post"}],"author":[{"embeddable":true,"href":"https:\/\/terragina.de\/blog\/wp-json\/wp\/v2\/users\/1"}],"replies":[{"embeddable":true,"href":"https:\/\/terragina.de\/blog\/wp-json\/wp\/v2\/comments?post=3317"}],"version-history":[{"count":0,"href":"https:\/\/terragina.de\/blog\/wp-json\/wp\/v2\/posts\/3317\/revisions"}],"wp:attachment":[{"href":"https:\/\/terragina.de\/blog\/wp-json\/wp\/v2\/media?parent=3317"}],"wp:term":[{"taxonomy":"category","embeddable":true,"href":"https:\/\/terragina.de\/blog\/wp-json\/wp\/v2\/categories?post=3317"},{"taxonomy":"post_tag","embeddable":true,"href":"https:\/\/terragina.de\/blog\/wp-json\/wp\/v2\/tags?post=3317"}],"curies":[{"name":"wp","href":"https:\/\/api.w.org\/{rel}","templated":true}]}}