{"id":3326,"date":"2010-03-13T21:23:43","date_gmt":"2010-03-13T19:23:43","guid":{"rendered":"http:\/\/terragina.de\/blog\/2010\/03\/13\/samstaegliches-sammelsurium\/"},"modified":"2011-07-09T10:12:06","modified_gmt":"2011-07-09T08:12:06","slug":"samstaegliches-sammelsurium","status":"publish","type":"post","link":"https:\/\/terragina.de\/blog\/2010\/03\/13\/samstaegliches-sammelsurium\/","title":{"rendered":"Samst\u00c3\u00a4gliches Sammelsurium"},"content":{"rendered":"<p>Kennt Ihr das auch? Da ist Wochenende und schwupp-di-wupp wird`s wieder dunkel? Und man fragt sich, was man eigentlich den ganzen Tag gemacht hat? Ja, heute war genau so ein Samstag und ich dachte so bei mir, ich blogge heute einfach mal, was den Tag \u00c3\u00bcber so gelaufen ist. Ob`s Euch interessiert oder nicht &#8211; ich tu`s jetzt einfach. *lol*<\/p>\n<p>Entgegen der sonstigen Wochenenden war der Hobbykoch heute einmal vor mir wach und versorgte die Fellnasen mit Futter und frischem Wasser. Trotzdem bin auch ich bereits um 7:30 Uhr aufgestanden. Ich r\u00c3\u00a4umte ein wenig hier und ein wenig dort, w\u00c3\u00a4hrend der Hobbykoch zum Einkaufen fuhr. Schlie\u00c3\u0178lich stand heute auf meiner \u00e2\u20ac\u017eTo-Do-Liste\u00e2\u20ac\u009d ein Bananenkuchen. Da ist es besser, wenn man auch Bananen im Haus hat. ;) Wie er dann wieder daheim war, legte ich auch gleich los und auch parallel wurde auch hinter mir in der K\u00c3\u00bcche fleissig gewerkelt. \u00e2\u20ac\u017e<a href=\"http:\/\/de.wikipedia.org\/wiki\/Ossobuco_alla_milanese\" title=\"Frag Wiki, was Ossobuco ist\">Ossobuco<\/a>\u00e2\u20ac\u009d sollte es heute geben &#8211; wobei der Hobbykoch f\u00c3\u00bcr die Beinscheiben zust\u00c3\u00a4ndig war und ich f\u00c3\u00bcr die Beilage. F\u00c3\u00bcr Polenta hatte ich mich entschieden.<\/p>\n<p>Als wir dann nach getaner Arbeit gemeinsam am Tisch zu Mittag a\u00c3\u0178en, waren wir leider alle nicht so wirklich begeistert von dem Essen <span style=\"text-decoration: line-through\">die Polenta war eindeutig leckerer als das Ossobuco, aber das verrate ich hier jetzt mal nicht<\/span>. Ich gebe zu, das Fleisch war entgegen meiner <span style=\"text-decoration: line-through\">Bef\u00c3\u00bcrchtungen<\/span> Erwartungen eigentlich recht zart. Und trotzdem wollte es mich &#8211; und auch den Rest der Familie &#8211; nicht \u00c3\u00bcberzeugen. Und deswegen hat dieses Rezept auch keinen Eintrag in meinem Blog verdient! :yes1: Wobei ich der Fairness halber zugeben mu\u00c3\u0178, dass die Sauce recht lecker war und die Beinscheiben von mir aus f\u00c3\u00bcr eine ordentliche Rinderbr\u00c3\u00bche durchaus ihre Daseins-Berechtigung haben. Ansonsten brauche ich sie nicht mehr. Das \u00e2\u20ac\u017eOh ja, das kochen wir wieder\u00e2\u20ac\u009d blieb also heute aus.<\/p>\n<p>Zum Nachtisch gab`s dann ein St\u00c3\u00bcckchen von dem noch ein bissel warmen Bananenkuchen. Und der ist wirklich lecker. Rezept dazu gibt`s morgen hier <span style=\"text-decoration: line-through\">in diesem Programm<\/span> auf diesem Blog.<\/p>\n<p>Was war heute sonst noch?<\/p>\n<p>Ich habe mir mal wieder Zeit genommen und einen Mutter-Tochter-Nachmittag im hiesigen Einkaufszentrum eingelegt. Eigentlich hatte ich ja etwas anderes geplant und wollte auch nach einem Geschenk gucken. Aber irgendwie hat sich das leider nicht ergeben&#8230;<\/p>\n<p>daf\u00c3\u00bcr gab`s f\u00c3\u00bcr`s Tochterkind einen Hut (der ihr wirklich super steht, so ein M\u00c3\u00a4nnerhut &#8211; topmodern, sag ich euch!) und ein cooles Bl\u00c3\u00bcschen.<\/p>\n<p>Ich kam wieder mal an zwei L\u00c3\u00a4den nicht vorbei. :blush: Ihr kennt ja alle<\/p>\n<p>diesen einen Kaffeeladen mit dem gro\u00c3\u0178en T und dem kleinen chibo? Da standen sooo h\u00c3\u00bcbsche Tassen herum, die riefen ganz laut nach mir, ich hab`s ganz deutlich geh\u00c3\u00b6rt.<\/p>\n<p><\/p>\n<div style=\"text-align: center;\">\n  <img loading=\"lazy\" decoding=\"async\" src=\"http:\/\/terragina.de\/blog\/wp-content\/uploads\/2010\/03\/tchibo_tassen.jpg\" width=\"580\" height=\"435\" alt=\"tchibo_tassen.jpg\" \/>\n<\/div>\n<p><\/p>\n<p>Wer genau hinsieht, kann auch erkennen, dass ich die Gr\u00c3\u00bcne nach dem ersten Sp\u00c3\u00bclen umgehend eingeweiht habe.<\/p>\n<p>Kurz vor`m Heimfahren hat`s mich dann noch in meinen Lieblings-Buchladen gezogen&#8230; und da mu\u00c3\u0178 ich doch gleich mal zu meiner lieben <a href=\"http:\/\/www.fabella.de\/blog\/\" title=\"Fabella besuchen\">Fabella<\/a> schielen. Menno &#8211; mussten wir uns am Telefon gestern \u00c3\u00bcber diese h\u00c3\u00bcbschen Engelchen unterhalten? Ich schlich dreimal um den Tisch und musste einen heftigen Kampf mit meinem Gewissen ausfechten. <i>Brauchst du so einen jetzt wirklich? Ist er nicht zu teuer? Mu\u00c3\u0178 das sein?<\/i><\/p>\n<p><\/p>\n<p>Mein Gewissen hat den Kampf verloren&#8230; Wenn`s f\u00c3\u00bcr die Seele gut ist, dann kann`s doch nicht falsch sein, oder? Gemeinsam mit dem Tochterkind habe ich mich recht schnell entschieden (wobei alle Engel aus dieser Collection einfach nur wundersch\u00c3\u00b6n sind) &#8211; es sollte der \u00e2\u20ac\u017e<a href=\"http:\/\/www.willowtree-online.de\/p\/122108077\/with-affection-angel-liebevoll-engel-von-willow-tree-demdaco\" title=\"Willowtree-Online\">With Affection Angel<\/a>\u00e2\u20ac\u009d werden. Und daheim habe ich ihm ganz gleich ein sehr sch\u00c3\u00b6nes Pl\u00c3\u00a4tzchen auf dem Highboard frei ger\u00c3\u00a4umt:<\/p>\n<p><\/p>\n<div style=\"text-align: center;\">\n  <img loading=\"lazy\" decoding=\"async\" src=\"http:\/\/terragina.de\/blog\/wp-content\/uploads\/2010\/03\/willow_tree_angel.jpg\" width=\"435\" height=\"580\" alt=\"willow_tree_angel.jpg\" \/>\n<\/div>\n<p><\/p>\n<p>Mal sehen, wie lange es dauert, bis er Gesellschaft bekommt. :pfeif:<\/p>\n<p>Zum Abschlu\u00c3\u0178 haben sich Mutter &amp; Tochterkind noch im amerikanischen Kaffeehaus einen leckeren Caramel Macchiato geg\u00c3\u00b6nnt. Allerdings haben wir uns relativ fluchtartig mit unseren Coffee-To-Go-Bechern auf den Weg zum Auto gemacht. Da dr\u00c3\u00a4ngt sich mir gleich die Frage auf, wie viele Menschen es wohl braucht, bis ein Einkaufszentrum wegen \u00c3\u0153berf\u00c3\u00bcllung schlie\u00c3\u0178t&#8230;<\/p>\n<p>Gem\u00c3\u00bctlich fuhren wir dann Kaffee- bzw. Frapp\u00c3\u00a8-schl\u00c3\u00bcrfend nach Hause. Dort angekommen gab es gleich als \u00e2\u20ac\u017eSpecial Act&#8220; eine kleine Modenschau f\u00c3\u00bcr den Herrn Papa, einen kleinen Tassen-Einweihungs-Kaffee f\u00c3\u00bcr die Mama, Klar-Schiff-Machen in der K\u00c3\u00bcche&#8230; eben ein bisschen dies und ein bisschen das!<\/p>\n<p><\/p>\n<p>Und nun sitze ich hier an meinem Macci und blogge. Und w\u00c3\u00a4hrend ich so blogge, f\u00c3\u00a4llt mir ein, dass ich eigentlich hier noch zwei weitere Dinge zeigen wollte, die mir die Woche \u00c3\u00bcber \u00c3\u00bcber den Weg gelaufen sind.<\/p>\n<p>Zum einen ist es noch eine kleine Erweiterung f\u00c3\u00bcr meine \u00c3\u00b6sterlich-fr\u00c3\u00bchlingsm\u00c3\u00a4ssige Esstisch-Dekoration&#8230;<\/p>\n<div style=\"text-align: center;\">\n  <img loading=\"lazy\" decoding=\"async\" src=\"http:\/\/terragina.de\/blog\/wp-content\/uploads\/2010\/03\/osterdeko_01.jpg\" width=\"580\" height=\"435\" alt=\"osterdeko_01.jpg\" \/>\n<\/div>\n<p>zum anderen ein weiterer Stein f\u00c3\u00bcr meine Steinherzsammlung. Es war in einem kleinen M\u00c3\u00b6belhaus ein Einzelst\u00c3\u00bcck und ich freue mich sehr, dass ich ihn irgendwo ganz unten in einem Regal entdeckt habe. Er wird sicher einen Ehrenplatz im Garten bekommen, sobald dieser einigermassen auf Vordermann ist und nicht mehr ganz so verheerend ausschaut. Das Herz ist gr\u00c3\u00b6\u00c3\u0178er als die anderen, die ich bereits mein eigen nennen darf, ich sch\u00c3\u00a4tze mal so 16&#215;18 cm. Vorr\u00c3\u00bcbergehend hat es jetzt erstmal ein Pl\u00c3\u00a4tzchen in unserem Durchgang vom Esszimmer ins Wohnzimmer bekommen.<\/p>\n<div style=\"text-align: center;\">\n  <img loading=\"lazy\" decoding=\"async\" src=\"http:\/\/terragina.de\/blog\/wp-content\/uploads\/2010\/03\/spruchherz.jpg\" width=\"580\" height=\"435\" alt=\"spruchherz.jpg\" \/>\n<\/div>\n<p><\/p>\n<p>Zum Schlu\u00c3\u0178 f\u00c3\u00bcr heute habe ich noch ein paar Bilder von hungrigen Katzendamen f\u00c3\u00bcr Euch&#8230;. abends, 18 Uhr am Stadtrand von Frankfurt am Main:<\/p>\n<div style=\"text-align: center;\">\n  <img loading=\"lazy\" decoding=\"async\" src=\"http:\/\/terragina.de\/blog\/wp-content\/uploads\/2010\/03\/beverly_20100313_01.jpg\" width=\"580\" height=\"435\" alt=\"beverly_20100313_01.jpg\" \/>\n<\/div>\n<p style=\"text-align: center;\">Was will uns dieser flehende Blick nur sagen?<\/p>\n<div style=\"text-align: center;\">\n  <img loading=\"lazy\" decoding=\"async\" src=\"http:\/\/terragina.de\/blog\/wp-content\/uploads\/2010\/03\/beverly_20100313_02.jpg\" width=\"580\" height=\"435\" alt=\"beverly_20100313_02.jpg\" \/>\n<\/div>\n<div style=\"text-align: center;\">\n  Oder dieser hier?\n<\/div>\n<div style=\"text-align: center;\">\n  \n<\/div>\n<div style=\"text-align: left;\">\n  <\/p>\n<div style=\"text-align: center;\">\n    <img loading=\"lazy\" decoding=\"async\" src=\"http:\/\/terragina.de\/blog\/wp-content\/uploads\/2010\/03\/nala_20100313.jpg\" width=\"580\" height=\"435\" alt=\"nala_20100313.jpg\" \/>\n  <\/div>\n<\/div>\n<div style=\"text-align: left;\">\n  <br \/>\n  Nala hat es auch schon ganz gut drauf, das Betteln&#8230;. in einem Affentempo sch\u00c3\u00b6pfte der Hobbykoch das Nassfutter in die N\u00c3\u00a4pfe und die Welt war wieder in Ordnung. :yes1:\n<\/div>\n<div style=\"text-align: left;\">\n  \n<\/div>\n<div style=\"text-align: center;\">\n  ~~~~~~~~~~~~~~~~~~~~~~~~~~\n<\/div>\n<div style=\"text-align: left;\">\n  \n<\/div>\n<div style=\"text-align: left;\">\n  Puh, jetzt ist\u00c2\u00b4s doch ein recht langer Beitrag geworden und wer <span style=\"text-decoration: line-through\">sich<\/span> bis hier hin <span style=\"text-decoration: line-through\">nicht gelangweilt hat<\/span> durchgehalten hat &#8211; vielen Dank f\u00c3\u00bcr`s Lesen! Euch allen einen sch\u00c3\u00b6nen Abend und morgen gibbet das Rezept vom Bananenkuchen. :dance:\n<\/div>\n<p><\/p>\n","protected":false},"excerpt":{"rendered":"<p>Kennt Ihr das auch? Da ist Wochenende und schwupp-di-wupp wird`s wieder dunkel? Und man fragt sich, was man eigentlich den ganzen Tag gemacht hat? Ja, heute war genau so ein Samstag und ich dachte so bei mir, ich blogge heute einfach mal, was den Tag \u00c3\u00bcber so gelaufen ist. Ob`s Euch interessiert oder nicht &#8211; ich tu`s jetzt einfach. *lol* Entgegen der sonstigen Wochenenden war der Hobbykoch heute einmal vor mir wach und versorgte die Fellnasen mit Futter und frischem Wasser. Trotzdem bin auch ich bereits um 7:30 Uhr aufgestanden. Ich r\u00c3\u00a4umte ein wenig hier und ein wenig dort, w\u00c3\u00a4hrend der Hobbykoch zum Einkaufen fuhr. Schlie\u00c3\u0178lich stand heute auf meiner \u00e2\u20ac\u017eTo-Do-Liste\u00e2\u20ac\u009d ein Bananenkuchen. Da ist es besser, wenn man auch Bananen im Haus hat. ;) Wie er dann wieder daheim war, legte ich auch gleich los und auch parallel wurde auch hinter mir in der K\u00c3\u00bcche fleissig gewerkelt. \u00e2\u20ac\u017eOssobuco\u00e2\u20ac\u009d sollte es heute geben &#8211; wobei der Hobbykoch f\u00c3\u00bcr die Beinscheiben zust\u00c3\u00a4ndig war und ich f\u00c3\u00bcr die Beilage. F\u00c3\u00bcr Polenta hatte ich mich entschieden. Als wir &hellip;<\/p>\n","protected":false},"author":1,"featured_media":0,"comment_status":"open","ping_status":"open","sticky":false,"template":"","format":"standard","meta":{"_jetpack_newsletter_access":"","_jetpack_dont_email_post_to_subs":false,"_jetpack_newsletter_tier_id":0,"_jetpack_memberships_contains_paywalled_content":false,"_jetpack_memberships_contains_paid_content":false,"footnotes":""},"categories":[114],"tags":[25,30,973],"class_list":["post-3326","post","type-post","status-publish","format-standard","hentry","category-plauderecke","tag-cats","tag-maine-coon","tag-plauderecke"],"jetpack_sharing_enabled":true,"jetpack_shortlink":"https:\/\/wp.me\/pq7aY-RE","jetpack_likes_enabled":true,"jetpack-related-posts":[],"jetpack_featured_media_url":"","_links":{"self":[{"href":"https:\/\/terragina.de\/blog\/wp-json\/wp\/v2\/posts\/3326","targetHints":{"allow":["GET"]}}],"collection":[{"href":"https:\/\/terragina.de\/blog\/wp-json\/wp\/v2\/posts"}],"about":[{"href":"https:\/\/terragina.de\/blog\/wp-json\/wp\/v2\/types\/post"}],"author":[{"embeddable":true,"href":"https:\/\/terragina.de\/blog\/wp-json\/wp\/v2\/users\/1"}],"replies":[{"embeddable":true,"href":"https:\/\/terragina.de\/blog\/wp-json\/wp\/v2\/comments?post=3326"}],"version-history":[{"count":0,"href":"https:\/\/terragina.de\/blog\/wp-json\/wp\/v2\/posts\/3326\/revisions"}],"wp:attachment":[{"href":"https:\/\/terragina.de\/blog\/wp-json\/wp\/v2\/media?parent=3326"}],"wp:term":[{"taxonomy":"category","embeddable":true,"href":"https:\/\/terragina.de\/blog\/wp-json\/wp\/v2\/categories?post=3326"},{"taxonomy":"post_tag","embeddable":true,"href":"https:\/\/terragina.de\/blog\/wp-json\/wp\/v2\/tags?post=3326"}],"curies":[{"name":"wp","href":"https:\/\/api.w.org\/{rel}","templated":true}]}}