{"id":3356,"date":"2010-03-22T15:58:45","date_gmt":"2010-03-22T13:58:45","guid":{"rendered":"http:\/\/terragina.de\/blog\/2010\/03\/22\/von-karten-katzen-und-vom-wochenende\/"},"modified":"2011-07-09T10:11:52","modified_gmt":"2011-07-09T08:11:52","slug":"von-karten-katzen-und-vom-wochenende","status":"publish","type":"post","link":"https:\/\/terragina.de\/blog\/2010\/03\/22\/von-karten-katzen-und-vom-wochenende\/","title":{"rendered":"Von Karten, Katzen und vom Wochenende"},"content":{"rendered":"<p>Da bin ich wieder! Nach einem super-sch\u00c3\u00b6nen, aber auch anstrengenden Wochenende. Da es nichts Weltbewegendes zu Bloggen gibt, m\u00c3\u00b6chte ich einfach ein wenig erz\u00c3\u00a4hlen.<\/p>\n<p>Erstmal m\u00c3\u00b6chte ich noch ein liebes Dankesch\u00c3\u00b6n loswerden. Wie ich bereits erw\u00c3\u00a4hnt habe, geht es bei uns derzeit ein wenig turbulent zu, aber die Angelegenheit wird sich richten und dann k\u00c3\u00b6nnen wir hoffentlich alle wieder durchatmen und uns anderen, den sch\u00c3\u00b6nen Dingen des Lebens widmen. Am Donnerstag vormittag habe ich diesen Kartengru\u00c3\u0178 aus unserem Briefkasten gefischt:<\/p>\n<div style=\"text-align: center;\">\n  <img loading=\"lazy\" decoding=\"async\" src=\"http:\/\/terragina.de\/blog\/wp-content\/uploads\/2010\/03\/knuddelkarte.jpg\" width=\"580\" height=\"435\" alt=\"knuddelkarte.jpg\" \/>\n<\/div>\n<p><\/p>\n<p>Ich habe mich wirklich riesig dar\u00c3\u00bcber gefreut, sie kam genau zur rechten Zeit und ich m\u00c3\u00b6chte mich auf diesem Wege nochmal ganz ganz lieb daf\u00c3\u00bcr bedanken. Die Worte, die auf der Karte stehen, kann ich genauso zur\u00c3\u00bcck geben &#8211; DANKE!! :hearts:<\/p>\n<p>Am Donnerstag gab`s hier auch eine gro\u00c3\u0178e Premiere. Das Wetter war so sch\u00c3\u00b6n, dass ich mich entschloss, unseren kleinen Wirbelwind &#8211; nat\u00c3\u00bcrlich unter strenger Aufsicht &#8211; auf die Terrasse zu lassen. Schon seit geraumer Zeit sa\u00c3\u0178 sie immer wieder vorm Fenster und wenn wir raus gingen, stand sie gleich hinter uns. Und da ja eigentlich auch nichts dagegen spricht, dass sie ein wenig Frischluft schnuppert, durfte sie mit ihrer Ersatzmama weitere 8 qm ihres Reiches erkunden:<\/p>\n<div style=\"text-align: center;\">\n  <img loading=\"lazy\" decoding=\"async\" src=\"http:\/\/terragina.de\/blog\/wp-content\/uploads\/2010\/03\/nala_20100318_01.jpg\" width=\"580\" height=\"435\" alt=\"nala_20100318_01.jpg\" \/>\n<\/div>\n<div style=\"text-align: center;\">\n  \n<\/div>\n<div style=\"text-align: center;\">\n  <img loading=\"lazy\" decoding=\"async\" src=\"http:\/\/terragina.de\/blog\/wp-content\/uploads\/2010\/03\/bev_nala_20100318_01.jpg\" width=\"580\" height=\"435\" alt=\"bev_nala_20100318_01.jpg\" \/>\n<\/div>\n<div style=\"text-align: center;\">\n  \n<\/div>\n<div style=\"text-align: center;\">\n  <img loading=\"lazy\" decoding=\"async\" src=\"http:\/\/terragina.de\/blog\/wp-content\/uploads\/2010\/03\/bev_nala_20100318_02.jpg\" width=\"580\" height=\"435\" alt=\"bev_nala_20100318_02.jpg\" \/>\n<\/div>\n<p><\/p>\n<p>Der erste Schritt nach drau\u00c3\u0178en hat sie noch ein wenig \u00c3\u0153berwindung gekostet, aber trotzdem lies sie sich nicht lange bitten. Es vergingen kaum zwei Minuten und schwupps, war sie draussen und erkundete jeden Winkel.<\/p>\n<p>Besonders spannend waren nat\u00c3\u00bcrlich zwei Tauben, die nur ca. 5 m Luftlinie entfernt auf einem Teil unseres Blumenspalieres sa\u00c3\u0178en und die Sonnenstrahlen genossen. Erstmalig konnte ich ein merkw\u00c3\u00bcrdiges \u00e2\u20ac\u017eZ\u00c3\u00a4hneklappern\u00e2\u20ac\u009d bei Nala beobachten, als sie sie anstarrte. Erst habe ich mich ein wenig erschrocken, was das ist, aber dann wurde klar, dass das wohl irgendwie mit dem angeboreren Jagdinstinkt zusammenh\u00c3\u00a4ngen mu\u00c3\u0178. Oder hat jemand von Euch eine andere, plausible Erkl\u00c3\u00a4rung?<\/p>\n<p><\/p>\n<p style=\"text-align: center;\">~~~~~~~~~~~~~~~~~~~~~~~~~~~~~~~~~~~<\/p>\n<p><\/p>\n<p>Freitag morgen machte ich mich dann um ca. 9:30 Uhr auf den Weg zu Fabella &#8211; seit Wochen freut ich mich sehr darauf. Einmal, weil ich wieder einmal raus kam aus dem Alltagstrott und zum anderen, weil wir einen gemeinsamen Messebesuch geplant hatten.<\/p>\n<p><a href=\"http:\/\/www.fabella.de\/blog\/?p=2557\" title=\"Mein Wochenende bei Fabella\">Details<\/a> von unserem gemeinsamen Wochenende hat Fabella bereits so sch\u00c3\u00b6n aufgeschrieben, dass ich Euch hier nichts Neues erz\u00c3\u00a4hlen w\u00c3\u00bcrde. Zu meiner Schande mu\u00c3\u0178 ich auch gestehen, dass ich wirklich nur ganze drei Fotos gemacht habe. :blush: So wenig wie nie. Aber daf\u00c3\u00bcr haben wir viele nette Gespr\u00c3\u00a4che gef\u00c3\u00bchrt, gemeinsam gebastelt, Kaffee getrunken, Muffins und Kekse gegessen, uns von Fabellas Schatz verw\u00c3\u00b6hnen lassen und &#8211; wie immer &#8211; Geld ausgegeben. :roll: Sch\u00c3\u00b6n war\u00c2\u00b4s auf der Messe und wir haben wieder einmal gemerkt, dass wir doch viele Gemeinsamkeiten haben.<\/p>\n<p>Ein Foto von meinen Errungenschaften habe ich jetzt nicht gemacht, da es ebenfalls sehr \u00c3\u00a4hnlich aussehen w\u00c3\u00bcrde wie bei Fabella. Daf\u00c3\u00bcr habe ich aber eben noch das hier geknipst:<\/p>\n<div style=\"text-align: center;\">\n  <img loading=\"lazy\" decoding=\"async\" src=\"http:\/\/terragina.de\/blog\/wp-content\/uploads\/2010\/03\/creativa.jpg\" width=\"580\" height=\"435\" alt=\"creativa.jpg\" \/>\n<\/div>\n<p><\/p>\n<p>Liebe Fabella, an dieser Stelle nochmal ein ganz herzliches, dickes Dankesch\u00c3\u00b6n an Dich (und auch an Ralf) f\u00c3\u00bcr die zwei sch\u00c3\u00b6nen Tage &#8211; es war toll!! :hearts:<\/p>\n<p><\/p>\n<p>Und eines steht fest: Es w\u00c3\u00a4re gro\u00c3\u0178artig, wenn es im Oktober mit der Kreativwelt klappen w\u00c3\u00bcrde&#8230; markier` Dir das schon mal rot im Kalender!<\/p>\n<p><\/p>\n<p>Ich hoffe, Ihr hattet ebenfalls ein sch\u00c3\u00b6nes Wochenende und ich denke, ich habe jetzt wieder mehr Zeit, bei Euch zu lesen. ;)<\/p>\n","protected":false},"excerpt":{"rendered":"<p>Da bin ich wieder! Nach einem super-sch\u00c3\u00b6nen, aber auch anstrengenden Wochenende. Da es nichts Weltbewegendes zu Bloggen gibt, m\u00c3\u00b6chte ich einfach ein wenig erz\u00c3\u00a4hlen. Erstmal m\u00c3\u00b6chte ich noch ein liebes Dankesch\u00c3\u00b6n loswerden. Wie ich bereits erw\u00c3\u00a4hnt habe, geht es bei uns derzeit ein wenig turbulent zu, aber die Angelegenheit wird sich richten und dann k\u00c3\u00b6nnen wir hoffentlich alle wieder durchatmen und uns anderen, den sch\u00c3\u00b6nen Dingen des Lebens widmen. Am Donnerstag vormittag habe ich diesen Kartengru\u00c3\u0178 aus unserem Briefkasten gefischt: Ich habe mich wirklich riesig dar\u00c3\u00bcber gefreut, sie kam genau zur rechten Zeit und ich m\u00c3\u00b6chte mich auf diesem Wege nochmal ganz ganz lieb daf\u00c3\u00bcr bedanken. Die Worte, die auf der Karte stehen, kann ich genauso zur\u00c3\u00bcck geben &#8211; DANKE!! :hearts: Am Donnerstag gab`s hier auch eine gro\u00c3\u0178e Premiere. Das Wetter war so sch\u00c3\u00b6n, dass ich mich entschloss, unseren kleinen Wirbelwind &#8211; nat\u00c3\u00bcrlich unter strenger Aufsicht &#8211; auf die Terrasse zu lassen. Schon seit geraumer Zeit sa\u00c3\u0178 sie immer wieder vorm Fenster und wenn wir raus gingen, stand sie gleich hinter uns. Und da ja &hellip;<\/p>\n","protected":false},"author":1,"featured_media":0,"comment_status":"open","ping_status":"open","sticky":false,"template":"","format":"standard","meta":{"_jetpack_newsletter_access":"","_jetpack_dont_email_post_to_subs":false,"_jetpack_newsletter_tier_id":0,"_jetpack_memberships_contains_paywalled_content":false,"_jetpack_memberships_contains_paid_content":false,"footnotes":""},"categories":[114],"tags":[39,30,973],"class_list":["post-3356","post","type-post","status-publish","format-standard","hentry","category-plauderecke","tag-katzen","tag-maine-coon","tag-plauderecke"],"jetpack_sharing_enabled":true,"jetpack_shortlink":"https:\/\/wp.me\/pq7aY-S8","jetpack_likes_enabled":true,"jetpack-related-posts":[],"jetpack_featured_media_url":"","_links":{"self":[{"href":"https:\/\/terragina.de\/blog\/wp-json\/wp\/v2\/posts\/3356","targetHints":{"allow":["GET"]}}],"collection":[{"href":"https:\/\/terragina.de\/blog\/wp-json\/wp\/v2\/posts"}],"about":[{"href":"https:\/\/terragina.de\/blog\/wp-json\/wp\/v2\/types\/post"}],"author":[{"embeddable":true,"href":"https:\/\/terragina.de\/blog\/wp-json\/wp\/v2\/users\/1"}],"replies":[{"embeddable":true,"href":"https:\/\/terragina.de\/blog\/wp-json\/wp\/v2\/comments?post=3356"}],"version-history":[{"count":0,"href":"https:\/\/terragina.de\/blog\/wp-json\/wp\/v2\/posts\/3356\/revisions"}],"wp:attachment":[{"href":"https:\/\/terragina.de\/blog\/wp-json\/wp\/v2\/media?parent=3356"}],"wp:term":[{"taxonomy":"category","embeddable":true,"href":"https:\/\/terragina.de\/blog\/wp-json\/wp\/v2\/categories?post=3356"},{"taxonomy":"post_tag","embeddable":true,"href":"https:\/\/terragina.de\/blog\/wp-json\/wp\/v2\/tags?post=3356"}],"curies":[{"name":"wp","href":"https:\/\/api.w.org\/{rel}","templated":true}]}}