{"id":3446,"date":"2010-04-09T14:11:04","date_gmt":"2010-04-09T12:11:04","guid":{"rendered":"http:\/\/terragina.de\/blog\/2010\/04\/09\/freitags-fueller-54\/"},"modified":"2011-07-09T10:11:03","modified_gmt":"2011-07-09T08:11:03","slug":"freitags-fueller-54","status":"publish","type":"post","link":"https:\/\/terragina.de\/blog\/2010\/04\/09\/freitags-fueller-54\/","title":{"rendered":"Freitags-F\u00c3\u00bcller #54"},"content":{"rendered":"<p>Die Zeit rennt&#8230; wenn man Urlaub hat ganz besonders. Und heute ist wieder Freitag, strahlendster Sonnenschein draussen und bei <a title=\"Barbara`s Scrap-Impulse\" href=\"http:\/\/scrap-impulse.typepad.com\/\">Barbara<\/a> habe ich mir gerade den<\/p>\n<div style=\"text-align: center;\">\n  <a title=\"Barbara`s Scrap-Impulse mitnehmen\" href=\"http:\/\/scrap-impulse.typepad.com\/scrapimpulse\/2010\/04\/fre.html\"><img loading=\"lazy\" decoding=\"async\" src=\"http:\/\/terragina.de\/blog\/images\/freitags_fueller.jpg\" alt=\"freitags_fueller.jpg\" width=\"400\" height=\"87\" \/><\/a>\n<\/div>\n<p>f\u00c3\u00bcr diese Woche geschnappt. Ich finde die Inspiration immer sehr sch\u00c3\u00b6n und freue mich auch Woche f\u00c3\u00bcr Woche darauf. Da ich heute vormittag mal wieder unterwegs war und wir ja auch Besuch hatten bzw. haben (derzeit vergn\u00c3\u00bcgen sich die beiden gerade in der Frankfurter City &#8211; aber da war ich ja erst am vergangenen Mittwoch), kam ich nicht dazu, den F\u00c3\u00bcller fr\u00c3\u00bcher auszuf\u00c3\u00bcllen.<\/p>\n<p>Meine Antworten sind &#8211; wie immer &#8211; in Fettdruck geschrieben. :yes:<\/p>\n<p>1. Ich liebe den Fr\u00c3\u00bchling in <strong>diesem Jahr. Nach dem langen Winter genie\u00c3\u0178e ich die bunten Blumen ganz besonders<\/strong>.<\/p>\n<p>2. <strong>Ein M\u00c3\u00bcsli aus frischem Obst, Joghurt und Haferflocken,ein sch\u00c3\u00b6nes belegtes Br\u00c3\u00b6tchen und ab und an mal ein Croissant<\/strong> esse ich gerne zum Fr\u00c3\u00bchst\u00c3\u00bcck.<\/p>\n<p>3. Es scheint als w\u00c3\u00bcrde ich immer <strong>die Wahrheit<\/strong> suchen.<\/p>\n<p>4. <strong>Gem\u00c3\u00bctlich auf der Couch sitzen, mit einem Gl\u00c3\u00a4schen Prosecco oder einer Tasse Tee und ein wenig fernsehen<\/strong> ist eine sch\u00c3\u00b6ne Art den Tag zu beenden.<\/p>\n<p>5. Ich denke ich <strong>werde an diesem Wochenende nicht allzu viel zum Bloggen kommen<\/strong>.<\/p>\n<p>6. <strong>Diese fiesen kleinen Schoko-Ostereier von Li*ndt&#8230;<\/strong> danach gel\u00c3\u00bcstet es mich in letzter Zeit besonders.<\/p>\n<p>7. Was das Wochenende angeht, heute Abend freue ich mich auf <strong>eine leckere Pizza mit der lieben Verwandtschaft und anschlie\u00c3\u0178endes Kl\u00c3\u00b6nen<\/strong> , morgen habe ich <strong>tags\u00c3\u00bcber ein wenig Haushalt und Einkaufen und abends den Besuch bei einer Stampin&#8217;Up-Demonstratorin<\/strong> geplant und Sonntag m\u00c3\u00b6chte ich <strong>das Wochenende und auch meinen Urlaub, der viel zu schnell vorbei gegangen ist, ganz gem\u00c3\u00bctlich ausklingen lassen<\/strong>!<\/p>\n<p>Wer auch mitmachen m\u00c3\u00b6chte &#8211; einfach oben auf den roten Schriftzug klicken. :yes1:<\/p>\n","protected":false},"excerpt":{"rendered":"<p>Die Zeit rennt&#8230; wenn man Urlaub hat ganz besonders. Und heute ist wieder Freitag, strahlendster Sonnenschein draussen und bei Barbara habe ich mir gerade den f\u00c3\u00bcr diese Woche geschnappt. Ich finde die Inspiration immer sehr sch\u00c3\u00b6n und freue mich auch Woche f\u00c3\u00bcr Woche darauf. Da ich heute vormittag mal wieder unterwegs war und wir ja auch Besuch hatten bzw. haben (derzeit vergn\u00c3\u00bcgen sich die beiden gerade in der Frankfurter City &#8211; aber da war ich ja erst am vergangenen Mittwoch), kam ich nicht dazu, den F\u00c3\u00bcller fr\u00c3\u00bcher auszuf\u00c3\u00bcllen. Meine Antworten sind &#8211; wie immer &#8211; in Fettdruck geschrieben. :yes: 1. Ich liebe den Fr\u00c3\u00bchling in diesem Jahr. Nach dem langen Winter genie\u00c3\u0178e ich die bunten Blumen ganz besonders. 2. Ein M\u00c3\u00bcsli aus frischem Obst, Joghurt und Haferflocken,ein sch\u00c3\u00b6nes belegtes Br\u00c3\u00b6tchen und ab und an mal ein Croissant esse ich gerne zum Fr\u00c3\u00bchst\u00c3\u00bcck. 3. Es scheint als w\u00c3\u00bcrde ich immer die Wahrheit suchen. 4. Gem\u00c3\u00bctlich auf der Couch sitzen, mit einem Gl\u00c3\u00a4schen Prosecco oder einer Tasse Tee und ein wenig fernsehen ist eine sch\u00c3\u00b6ne Art den &hellip;<\/p>\n","protected":false},"author":1,"featured_media":0,"comment_status":"open","ping_status":"open","sticky":false,"template":"","format":"standard","meta":{"_jetpack_newsletter_access":"","_jetpack_dont_email_post_to_subs":false,"_jetpack_newsletter_tier_id":0,"_jetpack_memberships_contains_paywalled_content":false,"_jetpack_memberships_contains_paid_content":false,"footnotes":""},"categories":[114,94],"tags":[973,969],"class_list":["post-3446","post","type-post","status-publish","format-standard","hentry","category-plauderecke","category-stoeckchen","tag-plauderecke","tag-stoeckchen"],"jetpack_sharing_enabled":true,"jetpack_shortlink":"https:\/\/wp.me\/pq7aY-TA","jetpack_likes_enabled":true,"jetpack-related-posts":[],"jetpack_featured_media_url":"","_links":{"self":[{"href":"https:\/\/terragina.de\/blog\/wp-json\/wp\/v2\/posts\/3446","targetHints":{"allow":["GET"]}}],"collection":[{"href":"https:\/\/terragina.de\/blog\/wp-json\/wp\/v2\/posts"}],"about":[{"href":"https:\/\/terragina.de\/blog\/wp-json\/wp\/v2\/types\/post"}],"author":[{"embeddable":true,"href":"https:\/\/terragina.de\/blog\/wp-json\/wp\/v2\/users\/1"}],"replies":[{"embeddable":true,"href":"https:\/\/terragina.de\/blog\/wp-json\/wp\/v2\/comments?post=3446"}],"version-history":[{"count":0,"href":"https:\/\/terragina.de\/blog\/wp-json\/wp\/v2\/posts\/3446\/revisions"}],"wp:attachment":[{"href":"https:\/\/terragina.de\/blog\/wp-json\/wp\/v2\/media?parent=3446"}],"wp:term":[{"taxonomy":"category","embeddable":true,"href":"https:\/\/terragina.de\/blog\/wp-json\/wp\/v2\/categories?post=3446"},{"taxonomy":"post_tag","embeddable":true,"href":"https:\/\/terragina.de\/blog\/wp-json\/wp\/v2\/tags?post=3446"}],"curies":[{"name":"wp","href":"https:\/\/api.w.org\/{rel}","templated":true}]}}