{"id":3467,"date":"2010-04-12T16:53:01","date_gmt":"2010-04-12T14:53:01","guid":{"rendered":"http:\/\/terragina.de\/blog\/2010\/04\/12\/wie-gehts-eigentlich-nala\/"},"modified":"2011-07-09T10:10:54","modified_gmt":"2011-07-09T08:10:54","slug":"wie-gehts-eigentlich-nala","status":"publish","type":"post","link":"https:\/\/terragina.de\/blog\/2010\/04\/12\/wie-gehts-eigentlich-nala\/","title":{"rendered":"Wie geht`s eigentlich Nala?"},"content":{"rendered":"<p>&#8230; wurde ich von einer einzelnen Dame gefragt. Die Frage m\u00c3\u00b6chte ich sehr gerne beantworten:<\/p>\n<p>Nala tr\u00c3\u00a4gt ihr Schicksal tapfer und jetzt sind es auch \u00e2\u20ac\u017enur\u00e2\u20ac\u009d noch 4 Tage, bis sie endlich den l\u00c3\u00a4stigen Kragen abgenommen bekommt und die F\u00c3\u00a4den gezogen werden. Ich finde, sie schl\u00c3\u00a4ft mehr als sonst, aber ansonsten geht`s ihr gut. Ich glaube auch nicht, dass sie Schmerzen hat. Daf\u00c3\u00bcr ist sie trotz Handicap schlichtweg zu aktiv. Vielleicht juckt`s ein wenig?!<\/p>\n<p>Hier mal ein Foto von gestern, wie sie es sich auf dem Bett vom Sohnemann gem\u00c3\u00bctlich gemacht hat:<\/p>\n<div style=\"text-align: center;\">\n  <img loading=\"lazy\" decoding=\"async\" src=\"http:\/\/terragina.de\/blog\/wp-content\/uploads\/2010\/04\/nala_20100411.jpg\" width=\"580\" height=\"435\" alt=\"nala_20100411.jpg\" \/>\n<\/div>\n<p><\/p>\n<p>Bitte entschuldigt die schlechte Qualit\u00c3\u00a4t &#8211; aber wie bereits erw\u00c3\u00a4hnt, kann ich derzeit keine Fotos aus der gro\u00c3\u0178en Cam bloggen. Es gibt leider auch keine, da der doofe Card-Reader die Fotos gel\u00c3\u00b6scht hat, als ich sie importieren wollte.:irre: Sieht aber doch relativ entspannt aus, oder?<\/p>\n<p>Und kuscheln geht auch noch &#8211; guckt mal hier:<\/p>\n<div style=\"text-align: center;\">\n  <img loading=\"lazy\" decoding=\"async\" src=\"http:\/\/terragina.de\/blog\/wp-content\/uploads\/2010\/04\/bev_nala_20100412_01.jpg\" width=\"580\" height=\"435\" alt=\"bev_nala_20100412_01.jpg\" \/>\n<\/div>\n<p><\/p>\n<div style=\"text-align: center;\">\n  \n<\/div>\n<div style=\"text-align: center;\">\n  <img loading=\"lazy\" decoding=\"async\" src=\"http:\/\/terragina.de\/blog\/wp-content\/uploads\/2010\/04\/bev_nala_20100412_02.jpg\" width=\"580\" height=\"435\" alt=\"bev_nala_20100412_02.jpg\" \/>\n<\/div>\n<p><\/p>\n<p>:yes: Selbst mit dem doofen Trichter auf`m Kopf passen die beiden M\u00c3\u00a4dels noch in die Blume&#8230; allerdings mu\u00c3\u0178 ich zugeben, dass dieses Gastspiel normalerweise von etwas l\u00c3\u00a4ngerer Dauer ist. *lol*<\/p>\n<p>Die S\u00c3\u00bc\u00c3\u0178e hat es bald geschafft. Ich beobachte immer wieder, wenn ich den Trichter mal zum S\u00c3\u00a4ubern abnehme und die Kleine ein wenig b\u00c3\u00bcrste und schmuse, wie sie dann versucht, an die Wunde zu gehen. Aus Erfahrung bin ich lieber auf der sicheren Seite und somit bleibt die T\u00c3\u00bcte auch noch bis Freitag um den Hals. Sie schafft das und am kommenden Wochenende ist sie sicher wieder ganz die alte. ;)<\/p>\n","protected":false},"excerpt":{"rendered":"<p>&#8230; wurde ich von einer einzelnen Dame gefragt. Die Frage m\u00c3\u00b6chte ich sehr gerne beantworten: Nala tr\u00c3\u00a4gt ihr Schicksal tapfer und jetzt sind es auch \u00e2\u20ac\u017enur\u00e2\u20ac\u009d noch 4 Tage, bis sie endlich den l\u00c3\u00a4stigen Kragen abgenommen bekommt und die F\u00c3\u00a4den gezogen werden. Ich finde, sie schl\u00c3\u00a4ft mehr als sonst, aber ansonsten geht`s ihr gut. Ich glaube auch nicht, dass sie Schmerzen hat. Daf\u00c3\u00bcr ist sie trotz Handicap schlichtweg zu aktiv. Vielleicht juckt`s ein wenig?! Hier mal ein Foto von gestern, wie sie es sich auf dem Bett vom Sohnemann gem\u00c3\u00bctlich gemacht hat: Bitte entschuldigt die schlechte Qualit\u00c3\u00a4t &#8211; aber wie bereits erw\u00c3\u00a4hnt, kann ich derzeit keine Fotos aus der gro\u00c3\u0178en Cam bloggen. Es gibt leider auch keine, da der doofe Card-Reader die Fotos gel\u00c3\u00b6scht hat, als ich sie importieren wollte.:irre: Sieht aber doch relativ entspannt aus, oder? Und kuscheln geht auch noch &#8211; guckt mal hier: :yes: Selbst mit dem doofen Trichter auf`m Kopf passen die beiden M\u00c3\u00a4dels noch in die Blume&#8230; allerdings mu\u00c3\u0178 ich zugeben, dass dieses Gastspiel normalerweise von etwas l\u00c3\u00a4ngerer Dauer ist. &hellip;<\/p>\n","protected":false},"author":1,"featured_media":0,"comment_status":"open","ping_status":"open","sticky":false,"template":"","format":"standard","meta":{"_jetpack_newsletter_access":"","_jetpack_dont_email_post_to_subs":false,"_jetpack_newsletter_tier_id":0,"_jetpack_memberships_contains_paywalled_content":false,"_jetpack_memberships_contains_paid_content":false,"footnotes":""},"categories":[],"tags":[25,957,39,30],"class_list":["post-3467","post","type-post","status-publish","format-standard","hentry","tag-cats","tag-foto","tag-katzen","tag-maine-coon"],"jetpack_sharing_enabled":true,"jetpack_shortlink":"https:\/\/wp.me\/pq7aY-TV","jetpack_likes_enabled":true,"jetpack-related-posts":[],"jetpack_featured_media_url":"","_links":{"self":[{"href":"https:\/\/terragina.de\/blog\/wp-json\/wp\/v2\/posts\/3467","targetHints":{"allow":["GET"]}}],"collection":[{"href":"https:\/\/terragina.de\/blog\/wp-json\/wp\/v2\/posts"}],"about":[{"href":"https:\/\/terragina.de\/blog\/wp-json\/wp\/v2\/types\/post"}],"author":[{"embeddable":true,"href":"https:\/\/terragina.de\/blog\/wp-json\/wp\/v2\/users\/1"}],"replies":[{"embeddable":true,"href":"https:\/\/terragina.de\/blog\/wp-json\/wp\/v2\/comments?post=3467"}],"version-history":[{"count":0,"href":"https:\/\/terragina.de\/blog\/wp-json\/wp\/v2\/posts\/3467\/revisions"}],"wp:attachment":[{"href":"https:\/\/terragina.de\/blog\/wp-json\/wp\/v2\/media?parent=3467"}],"wp:term":[{"taxonomy":"category","embeddable":true,"href":"https:\/\/terragina.de\/blog\/wp-json\/wp\/v2\/categories?post=3467"},{"taxonomy":"post_tag","embeddable":true,"href":"https:\/\/terragina.de\/blog\/wp-json\/wp\/v2\/tags?post=3467"}],"curies":[{"name":"wp","href":"https:\/\/api.w.org\/{rel}","templated":true}]}}