{"id":3476,"date":"2010-04-14T14:48:23","date_gmt":"2010-04-14T12:48:23","guid":{"rendered":"http:\/\/terragina.de\/blog\/2010\/04\/14\/projekt-122010-der-april\/"},"modified":"2011-07-09T10:10:50","modified_gmt":"2011-07-09T08:10:50","slug":"projekt-122010-der-april","status":"publish","type":"post","link":"https:\/\/terragina.de\/blog\/2010\/04\/14\/projekt-122010-der-april\/","title":{"rendered":"Projekt 12\/2010 &#8211; Der April"},"content":{"rendered":"<p><img loading=\"lazy\" decoding=\"async\" style=\"float: left; margin-right: 10px; margin-bottom: 10px;\" src=\"http:\/\/terragina.de\/blog\/wp-content\/uploads\/2010\/01\/zwoelf2010_klein.png\" alt=\"zwoelf2010_klein.png\" width=\"156\" height=\"28\" \/>Eigentlich wollte ich das Foto f\u00c3\u00bcr den April <span style=\"text-decoration: line-through\">viel<\/span> wenigstens ein paar Tage fr\u00c3\u00bcher bloggen &#8211; leider kam mir aber mein defektes CF-Card-Leseger\u00c3\u00a4t dazwischen und ich konnte die letzte Woche keine Bilder mehr von meiner SLR-Kamera auf den Macci \u00c3\u00bcberspielen. :noidea: Nun habe ich heute auf die Tube gedr\u00c3\u00bcckt, um doch noch bei <a title=\"Fotoprojekt zw\u00c3\u00b6lf2010 bei Jana\" href=\"http:\/\/www.janasworld.de\/2009\/11\/22\/fotoprojekt-zwoelf2010-2\/\">Janas Projekt<\/a> dabei sein zu k\u00c3\u00b6nnen. Ich bin zwar minimal verrutscht, aber ich denke, wenn man`s nicht wei\u00c3\u0178, dann sieht man`s kaum. :blush:<\/p>\n<p>Ich habe glaube ich einen ganz sch\u00c3\u00b6nen Moment erwischt, wo sich <span style=\"text-decoration: line-through\">zwei Z\u00c3\u00bcge<\/span> eine S-Bahn und ein Zug an der Haltestelle begegneten:<\/p>\n<div style=\"text-align: center;\">\n  <a href=\"http:\/\/terragina.de\/blog\/wp-content\/uploads\/2010\/04\/zwoelf2010_04_900x543.jpg\" rel=\"lightbox[3476]\"><img loading=\"lazy\" decoding=\"async\" src=\"http:\/\/terragina.de\/blog\/wp-content\/uploads\/2010\/04\/zwoelf2010_04_900x543-tm.jpg\" width=\"300\" height=\"181\" alt=\"Projekt 12\/2010 - Der April\" \/><\/a>\n<\/div>\n<div style=\"text-align: center;\">\n  <br \/>\n  <i>~ klick macht gro\u00c3\u0178 ~<\/i>\n<\/div>\n<p><\/p>\n<p>Nat\u00c3\u00bcrlich habe ich das Bild auch direkt in meine <a href=\"http:\/\/terragina.de\/blog\/zwoelf2010-2\/\" title=\"Foto-\u00c3\u0153bersicht Projekt zw\u00c3\u00b6lf2010\">Projekt-\u00c3\u0153bersicht<\/a> eingef\u00c3\u00bcgt.<\/p>\n<p>Vielleicht vermisst Ihr nun den Blumenkasten, aber ich nach reichlichen \u00c3\u0153berlegungen und da der Kasten sich immer noch nicht ver\u00c3\u00a4ndert hat werde ich mich hier und jetzt von diesem Projekt verabschieden. Sinn der \u00c3\u0153bung ist ja, dass es Spa\u00c3\u0178 macht, bei den Ver\u00c3\u00a4nderungen zuzusehen. Da aber nichts passiert, gibt`s auch nichts zu bloggen. Und somit hat das Projekt \u00e2\u20ac\u017eBlumenkasten 12\/2010\u00e2\u20ac\u009d gerade mal ein Vierteljahr \u00c3\u00bcberlebt. Ich trauere ihm aber nicht hinterher &#8211; im Gegenteil. Ich bin froh, dass ich mir diesen zus\u00c3\u00a4tzlichen Arbeitsaufwand in Zukunft schenken und die gewonnene Zeit wieder f\u00c3\u00bcr andere Dinge nutzen kann. Wer traurig dar\u00c3\u00bcber ist, dem schicke ich ein L\u00c3\u00a4cheln!<\/p>\n<p><\/p>\n<p>Sch\u00c3\u00b6n ist \u00c3\u00bcbrigens auch die <a href=\"http:\/\/www.janasworld.de\/fotografie\/fotoprojekt-zwoelf2010-2\/fotoprojekt-zwoelf2010-101-200\/\" title=\"Projekt-Teilnehmer 101 bis 200\">\u00c3\u0153bersicht der zweiten 100 Teilnehmer-Bilder<\/a>, mich findet man hier auf Position 110. Ich schaue immer mal ganz gerne dort hinein. Und an dieser Stelle auch mal wieder der Link zur dazugeh\u00c3\u00b6rigen <a href=\"http:\/\/www.flickr.com\/groups\/1300582@N23\/\" title=\"Flickr-Gruppe zwoelf2010\">Flickr-Foto-Gruppe<\/a>.<\/p>\n","protected":false},"excerpt":{"rendered":"<p>Eigentlich wollte ich das Foto f\u00c3\u00bcr den April viel wenigstens ein paar Tage fr\u00c3\u00bcher bloggen &#8211; leider kam mir aber mein defektes CF-Card-Leseger\u00c3\u00a4t dazwischen und ich konnte die letzte Woche keine Bilder mehr von meiner SLR-Kamera auf den Macci \u00c3\u00bcberspielen. :noidea: Nun habe ich heute auf die Tube gedr\u00c3\u00bcckt, um doch noch bei Janas Projekt dabei sein zu k\u00c3\u00b6nnen. Ich bin zwar minimal verrutscht, aber ich denke, wenn man`s nicht wei\u00c3\u0178, dann sieht man`s kaum. :blush: Ich habe glaube ich einen ganz sch\u00c3\u00b6nen Moment erwischt, wo sich zwei Z\u00c3\u00bcge eine S-Bahn und ein Zug an der Haltestelle begegneten: ~ klick macht gro\u00c3\u0178 ~ Nat\u00c3\u00bcrlich habe ich das Bild auch direkt in meine Projekt-\u00c3\u0153bersicht eingef\u00c3\u00bcgt. Vielleicht vermisst Ihr nun den Blumenkasten, aber ich nach reichlichen \u00c3\u0153berlegungen und da der Kasten sich immer noch nicht ver\u00c3\u00a4ndert hat werde ich mich hier und jetzt von diesem Projekt verabschieden. Sinn der \u00c3\u0153bung ist ja, dass es Spa\u00c3\u0178 macht, bei den Ver\u00c3\u00a4nderungen zuzusehen. Da aber nichts passiert, gibt`s auch nichts zu bloggen. Und somit hat das Projekt \u00e2\u20ac\u017eBlumenkasten 12\/2010\u00e2\u20ac\u009d gerade &hellip;<\/p>\n","protected":false},"author":1,"featured_media":0,"comment_status":"open","ping_status":"open","sticky":false,"template":"","format":"standard","meta":{"_jetpack_newsletter_access":"","_jetpack_dont_email_post_to_subs":false,"_jetpack_newsletter_tier_id":0,"_jetpack_memberships_contains_paywalled_content":false,"_jetpack_memberships_contains_paid_content":false,"footnotes":""},"categories":[6,358],"tags":[960,980],"class_list":["post-3476","post","type-post","status-publish","format-standard","hentry","category-foto-meets-ps","category-zwoelf2010","tag-foto-meets-ps","tag-zwoelf2010"],"jetpack_sharing_enabled":true,"jetpack_shortlink":"https:\/\/wp.me\/pq7aY-U4","jetpack_likes_enabled":true,"jetpack-related-posts":[],"jetpack_featured_media_url":"","_links":{"self":[{"href":"https:\/\/terragina.de\/blog\/wp-json\/wp\/v2\/posts\/3476","targetHints":{"allow":["GET"]}}],"collection":[{"href":"https:\/\/terragina.de\/blog\/wp-json\/wp\/v2\/posts"}],"about":[{"href":"https:\/\/terragina.de\/blog\/wp-json\/wp\/v2\/types\/post"}],"author":[{"embeddable":true,"href":"https:\/\/terragina.de\/blog\/wp-json\/wp\/v2\/users\/1"}],"replies":[{"embeddable":true,"href":"https:\/\/terragina.de\/blog\/wp-json\/wp\/v2\/comments?post=3476"}],"version-history":[{"count":0,"href":"https:\/\/terragina.de\/blog\/wp-json\/wp\/v2\/posts\/3476\/revisions"}],"wp:attachment":[{"href":"https:\/\/terragina.de\/blog\/wp-json\/wp\/v2\/media?parent=3476"}],"wp:term":[{"taxonomy":"category","embeddable":true,"href":"https:\/\/terragina.de\/blog\/wp-json\/wp\/v2\/categories?post=3476"},{"taxonomy":"post_tag","embeddable":true,"href":"https:\/\/terragina.de\/blog\/wp-json\/wp\/v2\/tags?post=3476"}],"curies":[{"name":"wp","href":"https:\/\/api.w.org\/{rel}","templated":true}]}}