{"id":3485,"date":"2010-04-16T13:39:46","date_gmt":"2010-04-16T11:39:46","guid":{"rendered":"http:\/\/terragina.de\/blog\/2010\/04\/16\/10-tage-spaeter-ist-alles-gut\/"},"modified":"2011-07-09T10:10:46","modified_gmt":"2011-07-09T08:10:46","slug":"10-tage-spaeter-ist-alles-gut","status":"publish","type":"post","link":"https:\/\/terragina.de\/blog\/2010\/04\/16\/10-tage-spaeter-ist-alles-gut\/","title":{"rendered":"10 Tage sp\u00c3\u00a4ter ist alles gut"},"content":{"rendered":"<p>Um 10 Uhr heute morgen hatten wir unseren Termin &#8211; Nala und ich. F\u00c3\u00a4den ziehen stand auf dem Programm und damit auch der Abschied von der doofen T\u00c3\u00bcte. Auf der Hinfahrt in die <a href=\"http:\/\/katzen-praxis.de\" title=\"Die Klinik von unserem Tierarzt\">Katzen-Praxis<\/a> war Nala relativ ruhig. Brav lag sie in ihrem Kennel und wartete ab, was passiert. Ab und zu kam mal ein kleiner Maunzer von rechts &#8211; aber die Fahrt dauerte ja auch nur gute 15 Minuten, dann waren wir auch schon da.<\/p>\n<p>Nach einem kurzen Besuch der Praxiskatze, die Nala irgendwie leicht irritiert aus ihrem Kennel beobachtete, ging`s auch schon ins Behandlungszimmer und unsere S\u00c3\u00bc\u00c3\u0178e bekam den Kragen ab. Das Pflaster am B\u00c3\u00a4uchlein hing sowieso nur noch an einer Ecke und war innerhalb 1 Sekunde entfernt.<\/p>\n<p>Schnipp-schnapp machte es und die beiden F\u00c3\u00a4dchen waren entfernt &#8211; alles bestens. Laut unserem netten Tierarzt nebst Sprechstundenhilfe k\u00c3\u00b6nnte die Wunde nicht besser aussehen. Also hat sich der Einsatz des Kragens wohl doch gelohnt und nun ist wieder alles prima. :yeah: Die 10 Tage sind zwar dahin gekrochen, aber allein die Vorstellung, dass Nala sich nach der Kastration die Wunde aufgeleckt h\u00c3\u00a4tte, hat uns hier alle durchhalten lassen.<\/p>\n<p>Fein fein. Sie durfte noch kurz das Sprechzimmer unsicher machen, bevor wir uns fix auf die Heimfahrt machten. Beverly wartete ja bestimmt schon auf unser Mini-Mieg.<\/p>\n<p>Und da heute bei 20\u00c2\u00b0C in Frankfurt so wundersch\u00c3\u00b6n die Sonne scheint, habe ich die junge Dame auch gleich raus auf die Terrasse gelassen, wo sie sich erstmal ausgeruht und ausgiebig geputzt hat.<\/p>\n<p><\/p>\n<div style=\"text-align: center;\">\n  <img loading=\"lazy\" decoding=\"async\" src=\"http:\/\/terragina.de\/blog\/wp-content\/uploads\/2010\/04\/nala_20100416_01.jpg\" width=\"580\" height=\"435\" alt=\"nala_20100416_01.jpg\" \/>\n<\/div>\n<p>Auch Beverly lies sich nicht lange bitten. Sicher freut sie sich auch, nun wieder \u00e2\u20ac\u017edie alte\u00e2\u20ac\u009d Nala hier zu haben, die Ihr nun wieder ohne Kragen auf der Nase herumtanzen kann. ;)<\/p>\n<p><\/p>\n<div style=\"text-align: center;\">\n  <img loading=\"lazy\" decoding=\"async\" src=\"http:\/\/terragina.de\/blog\/wp-content\/uploads\/2010\/04\/bev_nala_20100416_02.jpg\" width=\"580\" height=\"435\" alt=\"bev_nala_20100416_02.jpg\" \/>\n<\/div>\n<div style=\"text-align: center;\">\n  \n<\/div>\n","protected":false},"excerpt":{"rendered":"<p>Um 10 Uhr heute morgen hatten wir unseren Termin &#8211; Nala und ich. F\u00c3\u00a4den ziehen stand auf dem Programm und damit auch der Abschied von der doofen T\u00c3\u00bcte. Auf der Hinfahrt in die Katzen-Praxis war Nala relativ ruhig. Brav lag sie in ihrem Kennel und wartete ab, was passiert. Ab und zu kam mal ein kleiner Maunzer von rechts &#8211; aber die Fahrt dauerte ja auch nur gute 15 Minuten, dann waren wir auch schon da. Nach einem kurzen Besuch der Praxiskatze, die Nala irgendwie leicht irritiert aus ihrem Kennel beobachtete, ging`s auch schon ins Behandlungszimmer und unsere S\u00c3\u00bc\u00c3\u0178e bekam den Kragen ab. Das Pflaster am B\u00c3\u00a4uchlein hing sowieso nur noch an einer Ecke und war innerhalb 1 Sekunde entfernt. Schnipp-schnapp machte es und die beiden F\u00c3\u00a4dchen waren entfernt &#8211; alles bestens. Laut unserem netten Tierarzt nebst Sprechstundenhilfe k\u00c3\u00b6nnte die Wunde nicht besser aussehen. Also hat sich der Einsatz des Kragens wohl doch gelohnt und nun ist wieder alles prima. :yeah: Die 10 Tage sind zwar dahin gekrochen, aber allein die Vorstellung, dass Nala sich &hellip;<\/p>\n","protected":false},"author":1,"featured_media":0,"comment_status":"open","ping_status":"open","sticky":false,"template":"","format":"standard","meta":{"_jetpack_newsletter_access":"","_jetpack_dont_email_post_to_subs":false,"_jetpack_newsletter_tier_id":0,"_jetpack_memberships_contains_paywalled_content":false,"_jetpack_memberships_contains_paid_content":false,"footnotes":""},"categories":[],"tags":[965,39,30,353],"class_list":["post-3485","post","type-post","status-publish","format-standard","hentry","tag-beverly","tag-katzen","tag-maine-coon","tag-nala"],"jetpack_sharing_enabled":true,"jetpack_shortlink":"https:\/\/wp.me\/pq7aY-Ud","jetpack_likes_enabled":true,"jetpack-related-posts":[],"jetpack_featured_media_url":"","_links":{"self":[{"href":"https:\/\/terragina.de\/blog\/wp-json\/wp\/v2\/posts\/3485","targetHints":{"allow":["GET"]}}],"collection":[{"href":"https:\/\/terragina.de\/blog\/wp-json\/wp\/v2\/posts"}],"about":[{"href":"https:\/\/terragina.de\/blog\/wp-json\/wp\/v2\/types\/post"}],"author":[{"embeddable":true,"href":"https:\/\/terragina.de\/blog\/wp-json\/wp\/v2\/users\/1"}],"replies":[{"embeddable":true,"href":"https:\/\/terragina.de\/blog\/wp-json\/wp\/v2\/comments?post=3485"}],"version-history":[{"count":0,"href":"https:\/\/terragina.de\/blog\/wp-json\/wp\/v2\/posts\/3485\/revisions"}],"wp:attachment":[{"href":"https:\/\/terragina.de\/blog\/wp-json\/wp\/v2\/media?parent=3485"}],"wp:term":[{"taxonomy":"category","embeddable":true,"href":"https:\/\/terragina.de\/blog\/wp-json\/wp\/v2\/categories?post=3485"},{"taxonomy":"post_tag","embeddable":true,"href":"https:\/\/terragina.de\/blog\/wp-json\/wp\/v2\/tags?post=3485"}],"curies":[{"name":"wp","href":"https:\/\/api.w.org\/{rel}","templated":true}]}}