{"id":3529,"date":"2010-04-23T18:45:05","date_gmt":"2010-04-23T16:45:05","guid":{"rendered":"http:\/\/terragina.de\/blog\/2010\/04\/23\/katzen-studie-und-mein-freitag\/"},"modified":"2011-07-09T10:10:28","modified_gmt":"2011-07-09T08:10:28","slug":"katzen-studie-und-mein-freitag","status":"publish","type":"post","link":"https:\/\/terragina.de\/blog\/2010\/04\/23\/katzen-studie-und-mein-freitag\/","title":{"rendered":"Katzen-Studie und \u00e2\u20ac\u017emein Freitag\u00e2\u20ac\u009d"},"content":{"rendered":"<p>Diejenigen von Euch, die keine Lust auf Katzen-Bilder haben, sollten <span style=\"text-decoration: line-through\">meinen Blog schnell wieder schlie\u00c3\u0178en und auf den n\u00c3\u00a4chsten Artikel warten.<\/span> einfach ein ganzes St\u00c3\u00bcck nach unten scrollen. *lol*<\/p>\n<p>Ich habe heute einige Fotos von Nala gemacht, wie sie so sch\u00c3\u00b6n auf der Terrasse gelegen hat. Die tolle Sonne heute hat sie richtig genossen. Es war aber auch traumhaft. Der perfekte Fr\u00c3\u00bchlingstag, sozusagen. Nala fand das auch. :yes:<\/p>\n<div style=\"text-align: center;\">\n  <img loading=\"lazy\" decoding=\"async\" src=\"http:\/\/terragina.de\/blog\/wp-content\/uploads\/2010\/04\/nala_20100423_01.jpg\" width=\"580\" height=\"435\" alt=\"nala_20100423_01.jpg\" \/>\n<\/div>\n<p>Oberhalb unserer Terrasse ist der halb zum Wintergarten umfunktionierte ehemalige Balkon vom Nachwuchs. Aussen \u00c3\u00bcber den Fenstern, \u00c3\u00bcber den Roll\u00c3\u00a4denk\u00c3\u00a4sten, lassen sich gerne mal V\u00c3\u00b6gel nieder, die nat\u00c3\u00bcrlich ein herrliches Katzenkino abgeben.<\/p>\n<div style=\"text-align: center;\">\n  <img loading=\"lazy\" decoding=\"async\" src=\"http:\/\/terragina.de\/blog\/wp-content\/uploads\/2010\/04\/nala_20100423_02.jpg\" width=\"580\" height=\"435\" alt=\"nala_20100423_02.jpg\" \/>\n<\/div>\n<p>Ich hab`s geschafft &#8211; ich habe Nala tats\u00c3\u00a4chlich beim \u00e2\u20ac\u017eSchnattern\u00e2\u20ac\u009d erwischt. Es war nur eine Sekunde, aber offensichtlich hatte ich den Finger zur rechten Zeit am Ausl\u00c3\u00b6ser. :good: Ich freue mich sehr \u00c3\u00bcber diesen Schnappschuss.<\/p>\n<div style=\"text-align: center;\">\n  <img loading=\"lazy\" decoding=\"async\" src=\"http:\/\/terragina.de\/blog\/wp-content\/uploads\/2010\/04\/nala_20100423_03.jpg\" width=\"580\" height=\"435\" alt=\"nala_20100423_03.jpg\" \/>\n<\/div>\n<p>Ein kleines P\u00c3\u00a4uschen&#8230;.<\/p>\n<div style=\"text-align: center;\">\n  <img loading=\"lazy\" decoding=\"async\" src=\"http:\/\/terragina.de\/blog\/wp-content\/uploads\/2010\/04\/nala_20100423_04.jpg\" width=\"580\" height=\"435\" alt=\"nala_20100423_04.jpg\" \/>\n<\/div>\n<p>&#8230; bis die b\u00c3\u00b6se Dosine mit der B\u00c3\u00bcrste kam&#8230; K\u00c3\u00a4mmen ist ja sooo doof :irre1:<\/p>\n<div style=\"text-align: center;\">\n  <img loading=\"lazy\" decoding=\"async\" src=\"http:\/\/terragina.de\/blog\/wp-content\/uploads\/2010\/04\/nala_20100423_05.jpg\" width=\"580\" height=\"435\" alt=\"nala_20100423_05.jpg\" \/>\n<\/div>\n<p>Die junge Dame spielt lieber ein wenig mit dem grauen doofen Ding&#8230; und hat auch richtig Spa\u00c3\u0178 gehabt.<\/p>\n<div style=\"text-align: center;\">\n  <img loading=\"lazy\" decoding=\"async\" src=\"http:\/\/terragina.de\/blog\/wp-content\/uploads\/2010\/04\/nala_20100423_06.jpg\" width=\"580\" height=\"435\" alt=\"nala_20100423_06.jpg\" \/>\n<\/div>\n<p>Ich finde diese Bilder jedenfalls total knuffig. Und dieser Blick, herrlich.<\/p>\n<div style=\"text-align: center;\">\n  <img loading=\"lazy\" decoding=\"async\" src=\"http:\/\/terragina.de\/blog\/wp-content\/uploads\/2010\/04\/nala_20100423_07.jpg\" width=\"580\" height=\"435\" alt=\"nala_20100423_07.jpg\" \/>\n<\/div>\n<p><\/p>\n<p>Nach einem Weilchen intensiven Spielens war die B\u00c3\u00bcrste allerdings wieder uninteressant bzw. etwas anderes viel spannender&#8230;. vermutlich hat sich gerade wieder ein Vogel auf der nicht weit entfernten Wiese nieder gelassen&#8230;.<\/p>\n<p style=\"text-align: center;\">~~~~~~~~~~~~~~~~~~~~~~~~~~~~~~~~~~~~~~~~~~~~~~~~~~~<\/p>\n<p><\/p>\n<p>Am Vormittag heute war ich bei meiner lieben Kollegin und habe mir das neue Haus angeschaut. Manch einer erinnert sich vielleicht, es handelt sich um die Kollegin, der ich <a href=\"http:\/\/terragina.de\/blog\/2010\/03\/25\/terragina-bastelt\/\" title=\"Karte zum Einzug\">diese<\/a> Karte gebastelt hatte. Wir haben 2 1\/2 sch\u00c3\u00b6ne Stunden &#8211; teilweise auf der Terrasse im Sonnenschein mit Blick auf die bl\u00c3\u00bchenden Rapsfelder &#8211; verbracht.<\/p>\n<p>Anschl. ging`s heim und Brote f\u00c3\u00bcr`s Mittagessen wurden geschmiert, der Nachwuchs hatte noch was vor.<\/p>\n<p>Gegen Nachmittag fuhr ich dann mit dem Hobbykoch zum nahegelegenen Stap*les-Markt, wo ich endlich eine Aufbewahrungsbox fand. <span style=\"text-decoration: line-through\">Das, was ich eigentlich wollte, habe ich leider nicht bekommen.<\/span> :( Davon erz\u00c3\u00a4hle ich Euch aber in einem anderen Beitrag, wenn`s wieder ums Basteln geht.<\/p>\n<p>F\u00c3\u00bcr mich selber &#8211; und vielleicht auch f\u00c3\u00bcr Euch &#8211; habe ich noch einen Liedtipp. Die ganze Zeit habe ich \u00c3\u00bcberlegt, wie der Interpret heisst. Heute hat der Hobbykoch die Werbung wieder mal im Fernsehen gesehen und ich musste sofort googlen und habe es auch gefunden&#8230; \u00e2\u20ac\u017e<a href=\"http:\/\/www.youtube.com\/watch?v=uk6UeG0qaFE\" title=\"H\u00c3\u00b6r Dir dieses Lied an - es ist klasse!\">Das Gezeichnete Ich &#8211; Halleluja<\/a>\u00e2\u20ac\u009d &#8211; viel Spa\u00c3\u0178!!<\/p>\n<p><\/p>\n<p>Geplant ist f\u00c3\u00bcr heute nichts mehr und wir werden es uns wohl auf der Couch gem\u00c3\u00bctlich machen, vielleicht bei einem sch\u00c3\u00b6nen Film?!<\/p>\n<p>Und Ihr, was habt Ihr vor und wie verbringt Ihr dieses traumhafte Wochenende? Ich k\u00c3\u00b6nnte jetzt eine Runde Freitags-F\u00c3\u00bcller lesen, aber die Katzen m\u00c3\u00b6chten gerne ihr Fressen haben und ich auch ;) Lasst es Euch gut gehen und seid herzlich gegr\u00c3\u00bc\u00c3\u0178t!<\/p>\n","protected":false},"excerpt":{"rendered":"<p>Diejenigen von Euch, die keine Lust auf Katzen-Bilder haben, sollten meinen Blog schnell wieder schlie\u00c3\u0178en und auf den n\u00c3\u00a4chsten Artikel warten. einfach ein ganzes St\u00c3\u00bcck nach unten scrollen. *lol* Ich habe heute einige Fotos von Nala gemacht, wie sie so sch\u00c3\u00b6n auf der Terrasse gelegen hat. Die tolle Sonne heute hat sie richtig genossen. Es war aber auch traumhaft. Der perfekte Fr\u00c3\u00bchlingstag, sozusagen. Nala fand das auch. :yes: Oberhalb unserer Terrasse ist der halb zum Wintergarten umfunktionierte ehemalige Balkon vom Nachwuchs. Aussen \u00c3\u00bcber den Fenstern, \u00c3\u00bcber den Roll\u00c3\u00a4denk\u00c3\u00a4sten, lassen sich gerne mal V\u00c3\u00b6gel nieder, die nat\u00c3\u00bcrlich ein herrliches Katzenkino abgeben. Ich hab`s geschafft &#8211; ich habe Nala tats\u00c3\u00a4chlich beim \u00e2\u20ac\u017eSchnattern\u00e2\u20ac\u009d erwischt. Es war nur eine Sekunde, aber offensichtlich hatte ich den Finger zur rechten Zeit am Ausl\u00c3\u00b6ser. :good: Ich freue mich sehr \u00c3\u00bcber diesen Schnappschuss. Ein kleines P\u00c3\u00a4uschen&#8230;. &#8230; bis die b\u00c3\u00b6se Dosine mit der B\u00c3\u00bcrste kam&#8230; K\u00c3\u00a4mmen ist ja sooo doof :irre1: Die junge Dame spielt lieber ein wenig mit dem grauen doofen Ding&#8230; und hat auch richtig Spa\u00c3\u0178 gehabt. Ich finde diese Bilder &hellip;<\/p>\n","protected":false},"author":1,"featured_media":0,"comment_status":"open","ping_status":"open","sticky":false,"template":"","format":"standard","meta":{"_jetpack_newsletter_access":"","_jetpack_dont_email_post_to_subs":false,"_jetpack_newsletter_tier_id":0,"_jetpack_memberships_contains_paywalled_content":false,"_jetpack_memberships_contains_paid_content":false,"footnotes":""},"categories":[],"tags":[39,30,353],"class_list":["post-3529","post","type-post","status-publish","format-standard","hentry","tag-katzen","tag-maine-coon","tag-nala"],"jetpack_sharing_enabled":true,"jetpack_shortlink":"https:\/\/wp.me\/pq7aY-UV","jetpack_likes_enabled":true,"jetpack-related-posts":[],"jetpack_featured_media_url":"","_links":{"self":[{"href":"https:\/\/terragina.de\/blog\/wp-json\/wp\/v2\/posts\/3529","targetHints":{"allow":["GET"]}}],"collection":[{"href":"https:\/\/terragina.de\/blog\/wp-json\/wp\/v2\/posts"}],"about":[{"href":"https:\/\/terragina.de\/blog\/wp-json\/wp\/v2\/types\/post"}],"author":[{"embeddable":true,"href":"https:\/\/terragina.de\/blog\/wp-json\/wp\/v2\/users\/1"}],"replies":[{"embeddable":true,"href":"https:\/\/terragina.de\/blog\/wp-json\/wp\/v2\/comments?post=3529"}],"version-history":[{"count":0,"href":"https:\/\/terragina.de\/blog\/wp-json\/wp\/v2\/posts\/3529\/revisions"}],"wp:attachment":[{"href":"https:\/\/terragina.de\/blog\/wp-json\/wp\/v2\/media?parent=3529"}],"wp:term":[{"taxonomy":"category","embeddable":true,"href":"https:\/\/terragina.de\/blog\/wp-json\/wp\/v2\/categories?post=3529"},{"taxonomy":"post_tag","embeddable":true,"href":"https:\/\/terragina.de\/blog\/wp-json\/wp\/v2\/tags?post=3529"}],"curies":[{"name":"wp","href":"https:\/\/api.w.org\/{rel}","templated":true}]}}