{"id":3542,"date":"2010-04-26T07:00:16","date_gmt":"2010-04-26T05:00:16","guid":{"rendered":"http:\/\/terragina.de\/blog\/2010\/04\/26\/fruehling-direkt-vor-der-tuer\/"},"modified":"2011-07-09T10:10:20","modified_gmt":"2011-07-09T08:10:20","slug":"fruehling-direkt-vor-der-tuer","status":"publish","type":"post","link":"https:\/\/terragina.de\/blog\/2010\/04\/26\/fruehling-direkt-vor-der-tuer\/","title":{"rendered":"Fr\u00c3\u00bchling direkt vor der T\u00c3\u00bcr"},"content":{"rendered":"<p>Ein Tag, wie er sch\u00c3\u00b6ner nicht sein k\u00c3\u00b6nnte &#8211; der gestrige Sonntag. :sing: Bei 24\u00c2\u00b0 kamen schon fast Sommergef\u00c3\u00bchle auf. Ich habe gestern viel Zeit auf der Terrasse verbracht und auch das ein oder andere Foto gemacht. Diese Bilder m\u00c3\u00b6chte ich Euch gerne zeigen:<\/p>\n<p>Zun\u00c3\u00a4chst einmal ein Foto f\u00c3\u00bcr <a href=\"http:\/\/landgefluester.wordpress.com\/\" title=\"Frau Landgefl\u00c3\u00bcster besuchen\">diese nette Dame<\/a>, damit sie mal sieht, was aus ihrer Schenkung mittlerweile geworden ist. ;) Das n\u00c3\u00a4chste Saltimbocca (oder zumindest Salbei-Kart\u00c3\u00b6ffelchen) steht schon auf unserem Speiseplan.<\/p>\n<div style=\"text-align: center;\">\n  <img loading=\"lazy\" decoding=\"async\" src=\"http:\/\/terragina.de\/blog\/wp-content\/uploads\/2010\/04\/salbei.jpg\" width=\"580\" height=\"435\" alt=\"salbei.jpg\" \/>\n<\/div>\n<p><\/p>\n<p>Dann bin ich noch ein wenig weiter spaziert und war ein paar Schritte in Nachbars sch\u00c3\u00b6nem Garten (ich darf das&#8230;.). Aus diesen Bildern habe ich eine kleine Collage gebastelt &#8211; klick macht gro\u00c3\u0178:<\/p>\n<div style=\"text-align: center;\">\n  <br \/>\n  <a href=\"http:\/\/terragina.de\/blog\/wp-content\/uploads\/2010\/04\/fruehlingsblueher_collage.jpg\" rel=\"lightbox[3542]\"><img loading=\"lazy\" decoding=\"async\" src=\"http:\/\/terragina.de\/blog\/wp-content\/uploads\/2010\/04\/fruehlingsblueher_collage-tm.jpg\" width=\"260\" height=\"201\" alt=\"So sch\u00c3\u00b6n ist der Fr\u00c3\u00bchling\" \/><\/a>\n<\/div>\n<p><\/p>\n<p>Es war so sch\u00c3\u00b6n anzuschauen und ich hatte so viel Freude mit meinem Fotoapparat. :yes1:<\/p>\n<p>Ein Foto habe ich mir herausgefischt um es mal wieder ein wenig zu bearbeiten. Inspiration habe ich mir bei <a href=\"http:\/\/taytom.wordpress.com\" title=\"Melli besuchen\">Taytom<\/a> geholt, die so sch\u00c3\u00b6ne Fotos gebloggt hat.. da bin ich auf den Geschmack gekommen und hatte mir in den Kopf gesetzt, mal wieder ein Colorkey-Foto zu erstellen. Das hier ist dabei heraus gekommen:<\/p>\n<p><\/p>\n<div style=\"text-align: center;\">\n  <a href=\"http:\/\/terragina.de\/blog\/wp-content\/uploads\/2010\/04\/hartriegel.jpg\" rel=\"lightbox[3542]\"><img loading=\"lazy\" decoding=\"async\" src=\"http:\/\/terragina.de\/blog\/wp-content\/uploads\/2010\/04\/hartriegel-tm.jpg\" width=\"260\" height=\"195\" alt=\"Hartriegel-Bl\u00c3\u00bcte - in Photoshop bearbeitet\" \/><\/a>\n<\/div>\n<p><\/p>\n<p>Bevor der Nachbar den Hartriegel entfernt, (was er schon angek\u00c3\u00bcndigt hat) habe ich ihn noch schnell geknipst. Das ist doch ein Hartriegel, oder nicht? Gro\u00c3\u0178es hat er vor, der nette neue Nachbar &#8211; und wie sch\u00c3\u00b6n, dass er ein G\u00c3\u00a4rtner ist. Ich glaube, es wird supersch\u00c3\u00b6n in diesem Garten, den wir immer vor Augen haben <span style=\"text-decoration: line-through\">und nicht pflegen m\u00c3\u00bcssen<\/span>. Gesch\u00c3\u00a4tzte 500 kleine Pflanzt\u00c3\u00b6pfchen stehen noch hinterm Haus, wenn ich aus meinem B\u00c3\u00bcrofenster im 1. Stock gucke, kann ich sie sehen. :) Er hat noch viel vor!<\/p>\n<p>Die Schwarz-Weiss-Fotografie mag ich ja sehr gerne und ich habe mir vorgenommen, immer mal wieder ein Foto auf diese Art und Weise zu bearbeiten. Mal sehen, was mir als n\u00c3\u00a4chstes vor die Linse kommt und mir f\u00c3\u00bcr Colorkey geeignet erscheint. ;-)<\/p>\n<p><\/p>\n<p>Ich w\u00c3\u00bcnsche all meinen Besuchern eine sch\u00c3\u00b6ne Woche mit ganz viel Sonnenschein und vielen sch\u00c3\u00b6nen Blumen und Pflanzen &#8211; der 1. Mai ist gar nicht mehr weit&#8230;<\/p>\n","protected":false},"excerpt":{"rendered":"<p>Ein Tag, wie er sch\u00c3\u00b6ner nicht sein k\u00c3\u00b6nnte &#8211; der gestrige Sonntag. :sing: Bei 24\u00c2\u00b0 kamen schon fast Sommergef\u00c3\u00bchle auf. Ich habe gestern viel Zeit auf der Terrasse verbracht und auch das ein oder andere Foto gemacht. Diese Bilder m\u00c3\u00b6chte ich Euch gerne zeigen: Zun\u00c3\u00a4chst einmal ein Foto f\u00c3\u00bcr diese nette Dame, damit sie mal sieht, was aus ihrer Schenkung mittlerweile geworden ist. ;) Das n\u00c3\u00a4chste Saltimbocca (oder zumindest Salbei-Kart\u00c3\u00b6ffelchen) steht schon auf unserem Speiseplan. Dann bin ich noch ein wenig weiter spaziert und war ein paar Schritte in Nachbars sch\u00c3\u00b6nem Garten (ich darf das&#8230;.). Aus diesen Bildern habe ich eine kleine Collage gebastelt &#8211; klick macht gro\u00c3\u0178: Es war so sch\u00c3\u00b6n anzuschauen und ich hatte so viel Freude mit meinem Fotoapparat. :yes1: Ein Foto habe ich mir herausgefischt um es mal wieder ein wenig zu bearbeiten. Inspiration habe ich mir bei Taytom geholt, die so sch\u00c3\u00b6ne Fotos gebloggt hat.. da bin ich auf den Geschmack gekommen und hatte mir in den Kopf gesetzt, mal wieder ein Colorkey-Foto zu erstellen. Das hier ist dabei heraus &hellip;<\/p>\n","protected":false},"author":1,"featured_media":0,"comment_status":"open","ping_status":"open","sticky":false,"template":"","format":"standard","meta":{"_jetpack_newsletter_access":"","_jetpack_dont_email_post_to_subs":false,"_jetpack_newsletter_tier_id":0,"_jetpack_memberships_contains_paywalled_content":false,"_jetpack_memberships_contains_paid_content":false,"footnotes":""},"categories":[114],"tags":[975,957,146],"class_list":["post-3542","post","type-post","status-publish","format-standard","hentry","category-plauderecke","tag-blumen","tag-foto","tag-fruehling"],"jetpack_sharing_enabled":true,"jetpack_shortlink":"https:\/\/wp.me\/pq7aY-V8","jetpack_likes_enabled":true,"jetpack-related-posts":[],"jetpack_featured_media_url":"","_links":{"self":[{"href":"https:\/\/terragina.de\/blog\/wp-json\/wp\/v2\/posts\/3542","targetHints":{"allow":["GET"]}}],"collection":[{"href":"https:\/\/terragina.de\/blog\/wp-json\/wp\/v2\/posts"}],"about":[{"href":"https:\/\/terragina.de\/blog\/wp-json\/wp\/v2\/types\/post"}],"author":[{"embeddable":true,"href":"https:\/\/terragina.de\/blog\/wp-json\/wp\/v2\/users\/1"}],"replies":[{"embeddable":true,"href":"https:\/\/terragina.de\/blog\/wp-json\/wp\/v2\/comments?post=3542"}],"version-history":[{"count":0,"href":"https:\/\/terragina.de\/blog\/wp-json\/wp\/v2\/posts\/3542\/revisions"}],"wp:attachment":[{"href":"https:\/\/terragina.de\/blog\/wp-json\/wp\/v2\/media?parent=3542"}],"wp:term":[{"taxonomy":"category","embeddable":true,"href":"https:\/\/terragina.de\/blog\/wp-json\/wp\/v2\/categories?post=3542"},{"taxonomy":"post_tag","embeddable":true,"href":"https:\/\/terragina.de\/blog\/wp-json\/wp\/v2\/tags?post=3542"}],"curies":[{"name":"wp","href":"https:\/\/api.w.org\/{rel}","templated":true}]}}