{"id":3556,"date":"2010-04-29T10:31:36","date_gmt":"2010-04-29T08:31:36","guid":{"rendered":"http:\/\/terragina.de\/blog\/2010\/04\/29\/kochen-mit-mirko-reeh\/"},"modified":"2011-07-09T10:10:11","modified_gmt":"2011-07-09T08:10:11","slug":"kochen-mit-mirko-reeh","status":"publish","type":"post","link":"https:\/\/terragina.de\/blog\/2010\/04\/29\/kochen-mit-mirko-reeh\/","title":{"rendered":"Kochen mit Mirko Reeh"},"content":{"rendered":"<p>Seit Monaten haben wir nun die Karten und freuen uns schon sehr auf den heutigen Abend. Von 20 Uhr bis ca. 23:30 Uhr werden wir gemeinsam mit <a href=\"http:\/\/mirko-reeh.de\/\" title=\"Mirko Reeh.de\">Mirko Reeh<\/a> und <a href=\"http:\/\/www.tanzcentrum-baeppler-wolf.de\/home.htm\" title=\"Tanzschule B\u00c3\u00a4ppler\">Thomas B\u00c3\u00a4ppler<\/a> (auch und <span style=\"text-decoration: line-through\">vielleicht<\/span> wahrscheinlich sogar besser bekannt unter dem K\u00c3\u00bcnstlernamen B\u00c3\u00a4ppi La Belle) mit viel Witz und Charme kochen. Mit von der Partie sind auch <a href=\"http:\/\/fraeuleinfrieda.wordpress.com\/\" title=\"Hopp hopp - Frl. Frieda freut sich!\">Frl. Frieda<\/a> nebst Herrn Frieda.<\/p>\n<p>Seit vielen Jahren schon kennen wir Herrn B\u00c3\u00a4ppler, haben doch der Hobbykoch und ich vor vielen Jahren bei ihm mehr oder weniger erfolgreich das Tanzbein geschwungen. Bis zum Goldkurs haben wir damals durchgehalten und auch noch einen Special-Kurs Disco-Fox besucht. Viel Spa\u00c3\u0178 hatten wir und waren quasi schon \u00e2\u20ac\u017evon Kindesbeinen an\u00e2\u20ac\u009d mit in der Tanzschule dabei. <a href=\"http:\/\/de.wikipedia.org\/wiki\/Thomas_B%C3%A4ppler\" title=\"sogar Wiki wei\u00c3\u0178 was \u00c3\u00bcber B\u00c3\u00a4ppi\">Thomas<\/a> (B\u00c3\u00a4ppi) hat sich in den letzten Jahren zu einer ganz besonderen, hmm, sagen wir mal \u00e2\u20ac\u017eKunstfigur\u00e2\u20ac\u009d gemausert und ist in Frankfurt und Umgebung eigentlich bekannt wie ein bunter Hund.<\/p>\n<p>Nun sind wir sehr gespannt, ob er uns heute abend wieder erkennen wird.<\/p>\n<p>Thema des heutigen Koch-Workshops ist<\/p>\n<p style=\"text-align: center;\"><font color=\"#810A81\"><b>LIA &amp; HEINZ &#8211; Brust oder Keule<\/b><\/font><\/p>\n<div style=\"text-align: center;\">\n  <img loading=\"lazy\" decoding=\"async\" src=\"http:\/\/terragina.de\/blog\/wp-content\/uploads\/2010\/04\/liaheinz.jpg\" width=\"442\" height=\"296\" alt=\"lia&amp;heinz.jpg\" \/>\n<\/div>\n<div style=\"text-align: center;\">\n  \n<\/div>\n<div style=\"text-align: center;\">\n  <i>Das Bild habe ich mir<\/i> <a href=\"http:\/\/www.lia-und-heinz.de\/fotos1.htm\" title=\"Lia &amp; Heinz - leider etwas veraltet\"><i>hier<\/i><\/a> <i>ausgeborgt (aber auf den eigenen Webspace hochgeladen). Die Website liegt schon seit 4 Jahren brach und ich hoffe, ich trete niemandem urheber-rechtlich auf die F\u00c3\u00bcsse. Wenn doch, gen\u00c3\u00bcgt ein kleines Mail. Ich werde dann das Bild unverz\u00c3\u00bcglich von meinem Blog entfernen.<\/i>\n<\/div>\n<p><\/p>\n<p>Wir freuen uns auf einen lustigen Abend mit anderen Kochbegeisterten, die aber auch Spa\u00c3\u0178 an wirklich witziger Comedy haben.<\/p>\n<p><\/p>\n<p>Doof ist nur, dass mir jetzt das muckelige Handgelenk dazwischen gekommen ist. :( Da mu\u00c3\u0178 ich jetzt wohl irgendwie durch und ich bin mir sicher, dass ich mir den ein oder anderen dummen Spruch (insbesondere von B\u00c3\u00a4ppi) anh\u00c3\u00b6ren mu\u00c3\u0178. :blush: Egal&#8230; Ich werde mich brav in die Kochschule kutschieren lassen und schauen, wie ich trotz des Handicaps ein wenig beim Kochen helfen kann&#8230; wird schon irgendwie werden. Ich werde berichten&#8230;.<\/p>\n","protected":false},"excerpt":{"rendered":"<p>Seit Monaten haben wir nun die Karten und freuen uns schon sehr auf den heutigen Abend. Von 20 Uhr bis ca. 23:30 Uhr werden wir gemeinsam mit Mirko Reeh und Thomas B\u00c3\u00a4ppler (auch und vielleicht wahrscheinlich sogar besser bekannt unter dem K\u00c3\u00bcnstlernamen B\u00c3\u00a4ppi La Belle) mit viel Witz und Charme kochen. Mit von der Partie sind auch Frl. Frieda nebst Herrn Frieda. Seit vielen Jahren schon kennen wir Herrn B\u00c3\u00a4ppler, haben doch der Hobbykoch und ich vor vielen Jahren bei ihm mehr oder weniger erfolgreich das Tanzbein geschwungen. Bis zum Goldkurs haben wir damals durchgehalten und auch noch einen Special-Kurs Disco-Fox besucht. Viel Spa\u00c3\u0178 hatten wir und waren quasi schon \u00e2\u20ac\u017evon Kindesbeinen an\u00e2\u20ac\u009d mit in der Tanzschule dabei. Thomas (B\u00c3\u00a4ppi) hat sich in den letzten Jahren zu einer ganz besonderen, hmm, sagen wir mal \u00e2\u20ac\u017eKunstfigur\u00e2\u20ac\u009d gemausert und ist in Frankfurt und Umgebung eigentlich bekannt wie ein bunter Hund. Nun sind wir sehr gespannt, ob er uns heute abend wieder erkennen wird. Thema des heutigen Koch-Workshops ist LIA &amp; HEINZ &#8211; Brust oder Keule Das Bild &hellip;<\/p>\n","protected":false},"author":1,"featured_media":0,"comment_status":"open","ping_status":"open","sticky":false,"template":"","format":"standard","meta":{"_jetpack_newsletter_access":"","_jetpack_dont_email_post_to_subs":false,"_jetpack_newsletter_tier_id":0,"_jetpack_memberships_contains_paywalled_content":false,"_jetpack_memberships_contains_paid_content":false,"footnotes":""},"categories":[114],"tags":[973],"class_list":["post-3556","post","type-post","status-publish","format-standard","hentry","category-plauderecke","tag-plauderecke"],"jetpack_sharing_enabled":true,"jetpack_shortlink":"https:\/\/wp.me\/pq7aY-Vm","jetpack_likes_enabled":true,"jetpack-related-posts":[],"jetpack_featured_media_url":"","_links":{"self":[{"href":"https:\/\/terragina.de\/blog\/wp-json\/wp\/v2\/posts\/3556","targetHints":{"allow":["GET"]}}],"collection":[{"href":"https:\/\/terragina.de\/blog\/wp-json\/wp\/v2\/posts"}],"about":[{"href":"https:\/\/terragina.de\/blog\/wp-json\/wp\/v2\/types\/post"}],"author":[{"embeddable":true,"href":"https:\/\/terragina.de\/blog\/wp-json\/wp\/v2\/users\/1"}],"replies":[{"embeddable":true,"href":"https:\/\/terragina.de\/blog\/wp-json\/wp\/v2\/comments?post=3556"}],"version-history":[{"count":0,"href":"https:\/\/terragina.de\/blog\/wp-json\/wp\/v2\/posts\/3556\/revisions"}],"wp:attachment":[{"href":"https:\/\/terragina.de\/blog\/wp-json\/wp\/v2\/media?parent=3556"}],"wp:term":[{"taxonomy":"category","embeddable":true,"href":"https:\/\/terragina.de\/blog\/wp-json\/wp\/v2\/categories?post=3556"},{"taxonomy":"post_tag","embeddable":true,"href":"https:\/\/terragina.de\/blog\/wp-json\/wp\/v2\/tags?post=3556"}],"curies":[{"name":"wp","href":"https:\/\/api.w.org\/{rel}","templated":true}]}}