{"id":3600,"date":"2010-05-06T16:42:04","date_gmt":"2010-05-06T14:42:04","guid":{"rendered":"http:\/\/terragina.de\/blog\/2010\/05\/06\/von-untermietern-und-freude\/"},"modified":"2011-07-09T10:09:52","modified_gmt":"2011-07-09T08:09:52","slug":"von-untermietern-und-freude","status":"publish","type":"post","link":"https:\/\/terragina.de\/blog\/2010\/05\/06\/von-untermietern-und-freude\/","title":{"rendered":"Von Untermietern und Freude"},"content":{"rendered":"<p>Kennt Ihr sie auch &#8211; diese Gammeltage? Ich bin heute vormittag meinen Verband los geworden und bislang schmerzfrei. Ich hoffe, das bleibt so, denn eine leichte Schwellung ist immer noch zu sehen. Hier ein wenig ger\u00c3\u00a4umt, da ein wenig gewischt, Sp\u00c3\u00bclmaschine ausger\u00c3\u00a4umt &#8211; nichts Besonderes eben. Mails gelesen und beanwortet, ein paar Grafiken sortiert. Und zwischendrin immer mal einen Blick raus geworfen. Grauer und ekliger geht`s kaum noch. Nee nee, da freue ich mich, das ich drin sein darf. :yes:<\/p>\n<p>Drei Fotos habe ich heute mitgebracht, wovon zwei allerdings bereits gestern entstanden sind. Seit ein paar Wochen finde ich immer wieder <span style=\"text-decoration: line-through\">Taubenkacke<\/span> kleine \u00c3\u201estchen auf unserer Terrasse. Mal mehr, mal weniger. Ein Blick nach oben best\u00c3\u00a4tigte, dass es sich dort oben auf unserem Rolladenkasten eine Taube gem\u00c3\u00bctlich gemacht hatte. \u00e2\u20ac\u017eBissel eng\u00e2\u20ac\u009d dachte ich so bei mir. Als ich das Geschehen an einem der darauf folgenden Tage knipsen wollte, waren die Tauben auf einmal weg.<\/p>\n<p>Gestern morgen allerdings fand ich wieder etliche kleine \u00c3\u201este auf der Terrasse und Beverlys und Nalas gespannter Blick &#8211; nach drau\u00c3\u0178en gerichtet &#8211; verriet mir, dass auch auf dem Boden ein Vogel unterwegs sein musste. Diesmal schnappte ich mir zuerst meine Kamera&#8230;.<\/p>\n<div style=\"text-align: center;\">\n  <img loading=\"lazy\" decoding=\"async\" src=\"http:\/\/terragina.de\/blog\/wp-content\/uploads\/2010\/05\/untermieter.jpg\" width=\"580\" height=\"435\" alt=\"untermieter.jpg\" \/>\n<\/div>\n<p>Wo bitte kann man an dieser Stelle sch\u00c3\u00b6n br\u00c3\u00bcten? Und wer macht den Taubenschiss auf unserer Terrasse weg? *grummel* Verscheuchen kann ich sie dann irgendwie auch nicht. Nur das Gestr\u00c3\u00bcpp weg r\u00c3\u00a4umen. Aber wer wei\u00c3\u0178 &#8211; vielleicht \u00c3\u00bcberlegen sie es sich ja noch einmal anders. :noidea:<\/p>\n<p><\/p>\n<p>Die zweite \u00c3\u0153berraschung des gestrigen Tages hatte der Sohnemann parat, als er mit diesem hier vom Kumpel-Besuch nach Hause kam:<\/p>\n<div style=\"text-align: center;\">\n  <img loading=\"lazy\" decoding=\"async\" src=\"http:\/\/terragina.de\/blog\/wp-content\/uploads\/2010\/05\/flieder.jpg\" width=\"580\" height=\"435\" alt=\"flieder.jpg\" \/>\n<\/div>\n<p>Ich liebe Flieder, ich liebe seinen Duft und ich habe mich riesig dar\u00c3\u00bcber gefreut. <i>Und wo der sch\u00c3\u00b6ne Flieder herstammt, dar\u00c3\u00bcber mache ich mir jetzt einfach mal keine weiteren Gedanken.<\/i> :pfeif: Ja ja &#8211; was so ein klitzekleines schlechtes Gewissen alles bezweckt&#8230; ;)<\/p>\n<p>Das dritte und letzte Bild f\u00c3\u00bcr heute ist auch heute entstanden. Was sollen die Fellnasen auch anderes machen als sich lang machen &#8211; wenn`s draussen nahezu ununterbrochen nur Bindf\u00c3\u00a4den regnet und schmuddelig kalt ist? Gruselig&#8230;<\/p>\n<div style=\"text-align: center;\">\n  <img loading=\"lazy\" decoding=\"async\" src=\"http:\/\/terragina.de\/blog\/wp-content\/uploads\/2010\/05\/nala_20100506.jpg\" width=\"580\" height=\"435\" alt=\"nala_20100506.jpg\" \/>\n<\/div>\n<p><\/p>\n<div style=\"text-align: left;\">\n  Da hat sie sch\u00c3\u00b6n recht, unsere liebe Nalamaus. Und ich werde mich jetzt daneben setzen und die F\u00c3\u00bcsse hochlegen &#8211; vielleicht ein St\u00c3\u00bcckel Schocki naschen, oder doch einen <a href=\"http:\/\/terragina.de\/blog\/2010\/05\/05\/die-wm-kann-kommen\/\" title=\"Schoko-Leckereien\">Schokokuss<\/a>?&#8230;..\n<\/div>\n","protected":false},"excerpt":{"rendered":"<p>Kennt Ihr sie auch &#8211; diese Gammeltage? Ich bin heute vormittag meinen Verband los geworden und bislang schmerzfrei. Ich hoffe, das bleibt so, denn eine leichte Schwellung ist immer noch zu sehen. Hier ein wenig ger\u00c3\u00a4umt, da ein wenig gewischt, Sp\u00c3\u00bclmaschine ausger\u00c3\u00a4umt &#8211; nichts Besonderes eben. Mails gelesen und beanwortet, ein paar Grafiken sortiert. Und zwischendrin immer mal einen Blick raus geworfen. Grauer und ekliger geht`s kaum noch. Nee nee, da freue ich mich, das ich drin sein darf. :yes: Drei Fotos habe ich heute mitgebracht, wovon zwei allerdings bereits gestern entstanden sind. Seit ein paar Wochen finde ich immer wieder Taubenkacke kleine \u00c3\u201estchen auf unserer Terrasse. Mal mehr, mal weniger. Ein Blick nach oben best\u00c3\u00a4tigte, dass es sich dort oben auf unserem Rolladenkasten eine Taube gem\u00c3\u00bctlich gemacht hatte. \u00e2\u20ac\u017eBissel eng\u00e2\u20ac\u009d dachte ich so bei mir. Als ich das Geschehen an einem der darauf folgenden Tage knipsen wollte, waren die Tauben auf einmal weg. Gestern morgen allerdings fand ich wieder etliche kleine \u00c3\u201este auf der Terrasse und Beverlys und Nalas gespannter Blick &#8211; nach drau\u00c3\u0178en &hellip;<\/p>\n","protected":false},"author":1,"featured_media":0,"comment_status":"open","ping_status":"open","sticky":false,"template":"","format":"standard","meta":{"_jetpack_newsletter_access":"","_jetpack_dont_email_post_to_subs":false,"_jetpack_newsletter_tier_id":0,"_jetpack_memberships_contains_paywalled_content":false,"_jetpack_memberships_contains_paid_content":false,"footnotes":""},"categories":[114],"tags":[975,957,39,30,973],"class_list":["post-3600","post","type-post","status-publish","format-standard","hentry","category-plauderecke","tag-blumen","tag-foto","tag-katzen","tag-maine-coon","tag-plauderecke"],"jetpack_sharing_enabled":true,"jetpack_shortlink":"https:\/\/wp.me\/pq7aY-W4","jetpack_likes_enabled":true,"jetpack-related-posts":[],"jetpack_featured_media_url":"","_links":{"self":[{"href":"https:\/\/terragina.de\/blog\/wp-json\/wp\/v2\/posts\/3600","targetHints":{"allow":["GET"]}}],"collection":[{"href":"https:\/\/terragina.de\/blog\/wp-json\/wp\/v2\/posts"}],"about":[{"href":"https:\/\/terragina.de\/blog\/wp-json\/wp\/v2\/types\/post"}],"author":[{"embeddable":true,"href":"https:\/\/terragina.de\/blog\/wp-json\/wp\/v2\/users\/1"}],"replies":[{"embeddable":true,"href":"https:\/\/terragina.de\/blog\/wp-json\/wp\/v2\/comments?post=3600"}],"version-history":[{"count":0,"href":"https:\/\/terragina.de\/blog\/wp-json\/wp\/v2\/posts\/3600\/revisions"}],"wp:attachment":[{"href":"https:\/\/terragina.de\/blog\/wp-json\/wp\/v2\/media?parent=3600"}],"wp:term":[{"taxonomy":"category","embeddable":true,"href":"https:\/\/terragina.de\/blog\/wp-json\/wp\/v2\/categories?post=3600"},{"taxonomy":"post_tag","embeddable":true,"href":"https:\/\/terragina.de\/blog\/wp-json\/wp\/v2\/tags?post=3600"}],"curies":[{"name":"wp","href":"https:\/\/api.w.org\/{rel}","templated":true}]}}