{"id":3602,"date":"2010-05-07T08:03:46","date_gmt":"2010-05-07T06:03:46","guid":{"rendered":"http:\/\/terragina.de\/blog\/2010\/05\/07\/wahr-oder-erfunden\/"},"modified":"2011-07-09T10:09:50","modified_gmt":"2011-07-09T08:09:50","slug":"wahr-oder-erfunden","status":"publish","type":"post","link":"https:\/\/terragina.de\/blog\/2010\/05\/07\/wahr-oder-erfunden\/","title":{"rendered":"Wahr oder erfunden?"},"content":{"rendered":"<p>Morgens, 5:48 Uhr in einem kleinen Frankfurter Vorort.<\/p>\n<p>Es ist ruhig, alles schl\u00c3\u00a4ft, als ich von einem gleichm\u00c3\u00a4ssigen Gepfotel in meiner Halsgegend (untermalt mit leisem Schnurren) sanft geweckt werde. Ich traue meinen Augen nicht&#8230;<\/p>\n<blockquote>\n<p>Sie: \u00e2\u20ac\u017eScha-hatz, warum hat Nala den Kragen an?\u00e2\u20ac\u009d<\/p>\n<p>Er: \u00e2\u20ac\u009dH\u00c3\u00a4\u00c3\u00a4\u00c3\u00a4\u00c3\u00a4h?&#8220;<\/p>\n<p>Sie: \u00e2\u20ac\u017eWarum hat Nala die Wundert\u00c3\u00bcte auf dem Kopf?\u00e2\u20ac\u009d<\/p>\n<p>Er: <i>(richtet sich langsam ein wenig auf, schaut mit verschlafenem Blick zu mir herr\u00c3\u00bcber)<\/i> \u00e2\u20ac\u017eWas?\u00e2\u20ac\u009d<\/p>\n<p>Sie: \u00e2\u20ac\u017eGuck` doch!\u00e2\u20ac\u009d<\/p>\n<p>Er: <i>(schaut relativ irritiert aus zusammen gekniffenen Augen)<\/i> \u00e2\u20ac\u017eKeine Ahnung&#8230;.\u00e2\u20ac\u009d <i>(legt sich wieder hin)<\/i><\/p>\n<p>Sie: <i>(nimmt der armen Katze erstmal den Kragen ab)<\/i> \u00e2\u20ac\u017eDann mu\u00c3\u0178 sie sich den wohl selber \u00c3\u00bcbergest\u00c3\u00bclpt haben&#8230;.\u00e2\u20ac\u009d<\/p>\n<\/blockquote>\n<p><\/p>\n<p>Nach kurzem \u00c3\u0153berlegen wurde uns klar, wie das passiert sein kann. Der Kragen liegt auf einem Sideboard im B\u00c3\u00bcro des Hobbykochs. Immer noch &#8211; weil noch nicht wegger\u00c3\u00a4umt. Gestern abend sp\u00c3\u00a4t wollte unsere liebe Beverly unbedingt nochmal dort rein und schlief auf der Couch dort ein.<\/p>\n<p>Als liebender Katzen-Papi lies der Hobbykoch das Tierchen dort liegen und begab sich selber eine Etage h\u00c3\u00b6her in die Horizontale. Geistesgegenw\u00c3\u00a4rtig lies er die B\u00c3\u00bcrot\u00c3\u00bcr nat\u00c3\u00bcrlich einen Spalt offen, <span style=\"text-decoration: line-through\">damit Beverly nach dem Aufwachen das Zimmer verlassen konnte<\/span> um Nala zu erm\u00c3\u00b6glichen, sich in einem unbeobachteten Moment selber die T\u00c3\u00bcte \u00c3\u00bcberzust\u00c3\u00bclpen. *lol*<\/p>\n<p>Und damit man mir diese unglaubw\u00c3\u00bcrdige Geschichte auch glaubt &#8211; habe ich als erstes nach dem Aufstehen ein Foto gemacht:<\/p>\n<div style=\"text-align: center;\">\n  <img loading=\"lazy\" decoding=\"async\" src=\"http:\/\/terragina.de\/blog\/wp-content\/uploads\/2010\/05\/wundertuete.jpg\" width=\"580\" height=\"435\" alt=\"wundertuete.jpg\" \/>\n<\/div>\n<p><\/p>\n<p>W\u00c3\u00a4re die Story erfunden &#8211; es g\u00c3\u00a4be sicher keinen Grund, den Kragen auf meinem Nachtschr\u00c3\u00a4nkchen aufzubewahren. Mal ganz abgesehen davon, dass mir sowas eh nicht \u00e2\u20ac\u017emal eben so\u00e2\u20ac\u009d einfallen w\u00c3\u00bcrde&#8230;.<\/p>\n","protected":false},"excerpt":{"rendered":"<p>Morgens, 5:48 Uhr in einem kleinen Frankfurter Vorort. Es ist ruhig, alles schl\u00c3\u00a4ft, als ich von einem gleichm\u00c3\u00a4ssigen Gepfotel in meiner Halsgegend (untermalt mit leisem Schnurren) sanft geweckt werde. Ich traue meinen Augen nicht&#8230; Sie: \u00e2\u20ac\u017eScha-hatz, warum hat Nala den Kragen an?\u00e2\u20ac\u009d Er: \u00e2\u20ac\u009dH\u00c3\u00a4\u00c3\u00a4\u00c3\u00a4\u00c3\u00a4h?&#8220; Sie: \u00e2\u20ac\u017eWarum hat Nala die Wundert\u00c3\u00bcte auf dem Kopf?\u00e2\u20ac\u009d Er: (richtet sich langsam ein wenig auf, schaut mit verschlafenem Blick zu mir herr\u00c3\u00bcber) \u00e2\u20ac\u017eWas?\u00e2\u20ac\u009d Sie: \u00e2\u20ac\u017eGuck` doch!\u00e2\u20ac\u009d Er: (schaut relativ irritiert aus zusammen gekniffenen Augen) \u00e2\u20ac\u017eKeine Ahnung&#8230;.\u00e2\u20ac\u009d (legt sich wieder hin) Sie: (nimmt der armen Katze erstmal den Kragen ab) \u00e2\u20ac\u017eDann mu\u00c3\u0178 sie sich den wohl selber \u00c3\u00bcbergest\u00c3\u00bclpt haben&#8230;.\u00e2\u20ac\u009d Nach kurzem \u00c3\u0153berlegen wurde uns klar, wie das passiert sein kann. Der Kragen liegt auf einem Sideboard im B\u00c3\u00bcro des Hobbykochs. Immer noch &#8211; weil noch nicht wegger\u00c3\u00a4umt. Gestern abend sp\u00c3\u00a4t wollte unsere liebe Beverly unbedingt nochmal dort rein und schlief auf der Couch dort ein. Als liebender Katzen-Papi lies der Hobbykoch das Tierchen dort liegen und begab sich selber eine Etage h\u00c3\u00b6her in die Horizontale. Geistesgegenw\u00c3\u00a4rtig lies er die B\u00c3\u00bcrot\u00c3\u00bcr nat\u00c3\u00bcrlich &hellip;<\/p>\n","protected":false},"author":1,"featured_media":0,"comment_status":"open","ping_status":"open","sticky":false,"template":"","format":"standard","meta":{"_jetpack_newsletter_access":"","_jetpack_dont_email_post_to_subs":false,"_jetpack_newsletter_tier_id":0,"_jetpack_memberships_contains_paywalled_content":false,"_jetpack_memberships_contains_paid_content":false,"footnotes":""},"categories":[114],"tags":[973],"class_list":["post-3602","post","type-post","status-publish","format-standard","hentry","category-plauderecke","tag-plauderecke"],"jetpack_sharing_enabled":true,"jetpack_shortlink":"https:\/\/wp.me\/pq7aY-W6","jetpack_likes_enabled":true,"jetpack-related-posts":[],"jetpack_featured_media_url":"","_links":{"self":[{"href":"https:\/\/terragina.de\/blog\/wp-json\/wp\/v2\/posts\/3602","targetHints":{"allow":["GET"]}}],"collection":[{"href":"https:\/\/terragina.de\/blog\/wp-json\/wp\/v2\/posts"}],"about":[{"href":"https:\/\/terragina.de\/blog\/wp-json\/wp\/v2\/types\/post"}],"author":[{"embeddable":true,"href":"https:\/\/terragina.de\/blog\/wp-json\/wp\/v2\/users\/1"}],"replies":[{"embeddable":true,"href":"https:\/\/terragina.de\/blog\/wp-json\/wp\/v2\/comments?post=3602"}],"version-history":[{"count":0,"href":"https:\/\/terragina.de\/blog\/wp-json\/wp\/v2\/posts\/3602\/revisions"}],"wp:attachment":[{"href":"https:\/\/terragina.de\/blog\/wp-json\/wp\/v2\/media?parent=3602"}],"wp:term":[{"taxonomy":"category","embeddable":true,"href":"https:\/\/terragina.de\/blog\/wp-json\/wp\/v2\/categories?post=3602"},{"taxonomy":"post_tag","embeddable":true,"href":"https:\/\/terragina.de\/blog\/wp-json\/wp\/v2\/tags?post=3602"}],"curies":[{"name":"wp","href":"https:\/\/api.w.org\/{rel}","templated":true}]}}