{"id":3619,"date":"2010-05-09T12:37:38","date_gmt":"2010-05-09T10:37:38","guid":{"rendered":"http:\/\/terragina.de\/blog\/2010\/05\/09\/ein-wochenende-in-wort-bildern\/"},"modified":"2011-07-09T10:09:42","modified_gmt":"2011-07-09T08:09:42","slug":"ein-wochenende-in-wort-bildern","status":"publish","type":"post","link":"https:\/\/terragina.de\/blog\/2010\/05\/09\/ein-wochenende-in-wort-bildern\/","title":{"rendered":"Ein Wochenende in Worten &#038; Bildern"},"content":{"rendered":"<p>Ein tristes Wochenende&#8230; draussen regnet es Bindf\u00c3\u00a4den und eigentlich wollten wir &#8211; wie in den vergangenen Jahren &#8211; mit ein paar Freunden grillen. Das ist nicht nur sprichw\u00c3\u00b6rtlich ins Wasser gefallen und so haben wir den Event auf unbestimmte Zeit verschoben. :noidea:<\/p>\n<p>Gestern ging`s ja wetter-technisch noch &#8211; da schien ein wenig die Sonne und es war auch nicht so kalt. Mittags zauberte der Hobbykoch ein gar k\u00c3\u00b6stliches Mittagessen. Schweinemedaillons in Pfeffer-Rahmsauce mit Tagliatelle. Und ich schreib`s gerne: Es war genauso lecker, wie es aussieht! :respekt:<\/p>\n<div style=\"text-align: center;\"><img loading=\"lazy\" decoding=\"async\" src=\"http:\/\/terragina.de\/blog\/wp-content\/uploads\/2010\/05\/schweinemedaillons_pfeffersauce.jpg\" alt=\"schweinemedaillons_pfeffersauce.jpg\" width=\"580\" height=\"435\" \/><\/div>\n<p>Das ein oder andere nette Telefongespr\u00c3\u00a4ch, der Besuch bei einer lieben Freundin und ein Deutschlandkuss vers\u00c3\u00bcssten uns den Nachmittag.<\/p>\n<div style=\"text-align: center;\"><img loading=\"lazy\" decoding=\"async\" src=\"http:\/\/terragina.de\/blog\/wp-content\/uploads\/2010\/05\/halbzeit.jpg\" alt=\"halbzeit.jpg\" width=\"580\" height=\"435\" \/><\/div>\n<p style=\"text-align: center;\"><strong>H &#8211; A &#8211; L &#8211; B &#8211; Z &#8211; E &#8211; I &#8211; T<\/strong><\/p>\n<p>Abends war unser Tochterkind dann wieder einmal ausserh\u00c3\u00a4usig unterwegs (mit 15 3\/4 Lenzen Ausgang bis 23 Uhr) w\u00c3\u00a4hrend wir uns einen sch\u00c3\u00b6nen TV-Abend machten. Aus der geplanten \u00e2\u20ac\u017eW\u00c3\u00bcstenblume\u00e2\u20ac\u009d wurde mal wieder nichts, der Sohn pl\u00c3\u00a4dierte auf \u00e2\u20ac\u017eSchlag den Raab\u00e2\u20ac\u009d. Und klar, wenn die Familie so sch\u00c3\u00b6n beisammen sind, darf Mini-Mieg auch nicht fehlen&#8230;<\/p>\n<div style=\"text-align: center;\"><img loading=\"lazy\" decoding=\"async\" src=\"http:\/\/terragina.de\/blog\/wp-content\/uploads\/2010\/05\/nala_20100508_01.jpg\" alt=\"nala_20100508_01.jpg\" width=\"580\" height=\"435\" \/><\/div>\n<div style=\"text-align: center;\"><\/div>\n<div style=\"text-align: center;\"><img loading=\"lazy\" decoding=\"async\" src=\"http:\/\/terragina.de\/blog\/wp-content\/uploads\/2010\/05\/nala_20100508_02.jpg\" alt=\"nala_20100508_02.jpg\" width=\"580\" height=\"435\" \/><\/div>\n<p>Eigentlich bin ich nicht wirklich ein Fan von Herrn Raab, aber die Spielidee, die gef\u00c3\u00a4llt mir. Ich h\u00c3\u00a4tte <span style=\"text-decoration: line-through;\">ihn auch zu gerne verlieren sehen<\/span> dem Kandidaten den Sieg so geg\u00c3\u00b6nnt. Aber die \u00e2\u20ac\u017eKampfsau\u00e2\u20ac\u009d hat\u00c2\u00b4s mal wieder in der letzten Minute geschafft, das Ruder herum zu reissen. :roll:<\/p>\n<p>Sp\u00c3\u00a4t wurde es&#8230; erst um 1 Uhr waren wir in der Koje. Ich wei\u00c3\u0178 gar nicht mehr, wann ich das letzte Mal so lange wach war&#8230;<\/p>\n<p>Zum Schlu\u00c3\u0178 m\u00c3\u00b6chte ich Euch noch ein Bild zeigen, mit was mein Hobbykoch und die Kinder mich <span style=\"text-decoration: line-through;\">heute morgen<\/span> heute nacht um 00:15 Uhr zum Muttertag \u00c3\u00bcberrascht haben. Da ich ja bekennende Naschkatze und <span style=\"text-decoration: line-through;\">Kaffee- bzw. Teetrinkerin<\/span> Tassensammlerin bin, habe ich mich riesig gefreut. :hearts: Danke sch\u00c3\u00b6n, meine Lieben! :biglove:<\/p>\n<div style=\"text-align: center;\"><img loading=\"lazy\" decoding=\"async\" src=\"http:\/\/terragina.de\/blog\/wp-content\/uploads\/2010\/05\/muttertag.jpg\" alt=\"muttertag.jpg\" width=\"580\" height=\"435\" \/><\/div>\n<p>Heute mittag werde ich mit leckeren Frikadellen verw\u00c3\u00b6hnt, dazu gibt`s neue Kart\u00c3\u00b6ffelchen. Und f\u00c3\u00bcr den Nachmittag habe ich ein lecker Vanilleeis vorbereitet &#8211; mehr dazu aber in einem anderen Artikel. ;)<\/p>\n<p>Und Ihr so? Wie war Euer Wochenende? Habt Ihr was Sch\u00c3\u00b6nes erlebt?<\/p>\n","protected":false},"excerpt":{"rendered":"<p>Ein tristes Wochenende&#8230; draussen regnet es Bindf\u00c3\u00a4den und eigentlich wollten wir &#8211; wie in den vergangenen Jahren &#8211; mit ein paar Freunden grillen. Das ist nicht nur sprichw\u00c3\u00b6rtlich ins Wasser gefallen und so haben wir den Event auf unbestimmte Zeit verschoben. :noidea: Gestern ging`s ja wetter-technisch noch &#8211; da schien ein wenig die Sonne und es war auch nicht so kalt. Mittags zauberte der Hobbykoch ein gar k\u00c3\u00b6stliches Mittagessen. Schweinemedaillons in Pfeffer-Rahmsauce mit Tagliatelle. Und ich schreib`s gerne: Es war genauso lecker, wie es aussieht! :respekt: Das ein oder andere nette Telefongespr\u00c3\u00a4ch, der Besuch bei einer lieben Freundin und ein Deutschlandkuss vers\u00c3\u00bcssten uns den Nachmittag. H &#8211; A &#8211; L &#8211; B &#8211; Z &#8211; E &#8211; I &#8211; T Abends war unser Tochterkind dann wieder einmal ausserh\u00c3\u00a4usig unterwegs (mit 15 3\/4 Lenzen Ausgang bis 23 Uhr) w\u00c3\u00a4hrend wir uns einen sch\u00c3\u00b6nen TV-Abend machten. Aus der geplanten \u00e2\u20ac\u017eW\u00c3\u00bcstenblume\u00e2\u20ac\u009d wurde mal wieder nichts, der Sohn pl\u00c3\u00a4dierte auf \u00e2\u20ac\u017eSchlag den Raab\u00e2\u20ac\u009d. Und klar, wenn die Familie so sch\u00c3\u00b6n beisammen sind, darf Mini-Mieg auch nicht fehlen&#8230; Eigentlich bin &hellip;<\/p>\n","protected":false},"author":1,"featured_media":0,"comment_status":"open","ping_status":"open","sticky":false,"template":"","format":"standard","meta":{"_jetpack_newsletter_access":"","_jetpack_dont_email_post_to_subs":false,"_jetpack_newsletter_tier_id":0,"_jetpack_memberships_contains_paywalled_content":false,"_jetpack_memberships_contains_paid_content":false,"footnotes":""},"categories":[114],"tags":[957,39,973],"class_list":["post-3619","post","type-post","status-publish","format-standard","hentry","category-plauderecke","tag-foto","tag-katzen","tag-plauderecke"],"jetpack_sharing_enabled":true,"jetpack_shortlink":"https:\/\/wp.me\/pq7aY-Wn","jetpack_likes_enabled":true,"jetpack-related-posts":[],"jetpack_featured_media_url":"","_links":{"self":[{"href":"https:\/\/terragina.de\/blog\/wp-json\/wp\/v2\/posts\/3619","targetHints":{"allow":["GET"]}}],"collection":[{"href":"https:\/\/terragina.de\/blog\/wp-json\/wp\/v2\/posts"}],"about":[{"href":"https:\/\/terragina.de\/blog\/wp-json\/wp\/v2\/types\/post"}],"author":[{"embeddable":true,"href":"https:\/\/terragina.de\/blog\/wp-json\/wp\/v2\/users\/1"}],"replies":[{"embeddable":true,"href":"https:\/\/terragina.de\/blog\/wp-json\/wp\/v2\/comments?post=3619"}],"version-history":[{"count":0,"href":"https:\/\/terragina.de\/blog\/wp-json\/wp\/v2\/posts\/3619\/revisions"}],"wp:attachment":[{"href":"https:\/\/terragina.de\/blog\/wp-json\/wp\/v2\/media?parent=3619"}],"wp:term":[{"taxonomy":"category","embeddable":true,"href":"https:\/\/terragina.de\/blog\/wp-json\/wp\/v2\/categories?post=3619"},{"taxonomy":"post_tag","embeddable":true,"href":"https:\/\/terragina.de\/blog\/wp-json\/wp\/v2\/tags?post=3619"}],"curies":[{"name":"wp","href":"https:\/\/api.w.org\/{rel}","templated":true}]}}