{"id":3635,"date":"2010-05-13T12:59:24","date_gmt":"2010-05-13T10:59:24","guid":{"rendered":"http:\/\/terragina.de\/blog\/2010\/05\/13\/feiertagsgruesse-von-den-fellnasen\/"},"modified":"2011-07-09T10:09:36","modified_gmt":"2011-07-09T08:09:36","slug":"feiertagsgruesse-von-den-fellnasen","status":"publish","type":"post","link":"https:\/\/terragina.de\/blog\/2010\/05\/13\/feiertagsgruesse-von-den-fellnasen\/","title":{"rendered":"Feiertagsgr\u00c3\u00bc\u00c3\u0178e von den Fellnasen"},"content":{"rendered":"<p>Lasst Ihr Es Euch gut gehen am Feiertag bzw. Vatertag? Hier gab`s nie einen und wird wohl auch nie einen geben. Also, \u00c3\u00a4\u00c3\u00a4h, den Feiertag schon &#8211; aber den Vatertag nicht. :no: Der Hobbykoch ist n\u00c3\u00a4mlich nicht dieser Typ \u00e2\u20ac\u017eIch schnappe meinen Bollerwagen und geh saufen\u00e2\u20ac\u009d. :no: Wir genie\u00c3\u0178en den ruhigen Tag, draussen ist es ungem\u00c3\u00bctlich. Und jeder von uns geht sch\u00c3\u00b6nen oder auch mal weniger sch\u00c3\u00b6nen Dingen nach, die da z.B. w\u00c3\u00a4ren: aufr\u00c3\u00a4umen, Fotos sortieren, lesen, Musik h\u00c3\u00b6ren und\/oder kochen. Dieses zuletzt erw\u00c3\u00a4hnte Amt \u00c3\u00bcbernimmt heute wieder der Hobbykoch. Er macht seinen weltbesten Kartoffelsalat &#8211; da habe ich nichts zu melden.<\/p>\n<p>Also habe ich meine neuesten Fotos von gestern abend vom Chip auf den Macci geladen und die sch\u00c3\u00b6nsten Bilder verkleinert und in meine R\u00c3\u00a4hmchen gepackt:<\/p>\n<div style=\"text-align: center;\">\n  <img loading=\"lazy\" decoding=\"async\" src=\"http:\/\/terragina.de\/blog\/wp-content\/uploads\/2010\/05\/bev_20100512_01.jpg\" width=\"580\" height=\"445\" alt=\"bev_20100512_01.jpg\" \/>\n<\/div>\n<p>Schon ein h\u00c3\u00bcbsches M\u00c3\u00a4del, unsere Grande Dame. Derzeit l\u00c3\u00a4sst sie sich nur nicht ganz so gerne fotografieren und ist zwischen die St\u00c3\u00bchle gefl\u00c3\u00bcchtet.<\/p>\n<div style=\"text-align: center;\">\n  <img loading=\"lazy\" decoding=\"async\" src=\"http:\/\/terragina.de\/blog\/wp-content\/uploads\/2010\/05\/bev_20100512_02.jpg\" width=\"580\" height=\"445\" alt=\"bev_20100512_02.jpg\" \/>\n<\/div>\n<p>Hier hatte sie noch brav und fotogen auf der Kratztonne in der N\u00c3\u00a4he unseres Esstisches gesessen. Ein neuer Lieblingsplatz von ihr.<\/p>\n<p>Bis vor kurzem stand genau an dieser Stelle noch eine Pflanze, die aber mehr als unansehnlich geworden war. Wir haben sie entsorgt und nun einen \u00e2\u20ac\u017eKatzen-Ausguck-Geniesser-Platz\u00e2\u20ac\u009d f\u00c3\u00bcr die Fellnasen geschaffen. Nun ist meist eine von beiden (oder auch mal beide) ganz in unserer N\u00c3\u00a4he, wenn wir am Esstisch sitzen. Sch\u00c3\u00b6n!<\/p>\n<div style=\"text-align: center;\">\n  <img loading=\"lazy\" decoding=\"async\" src=\"http:\/\/terragina.de\/blog\/wp-content\/uploads\/2010\/05\/nala_20100512_02.jpg\" width=\"580\" height=\"445\" alt=\"nala_20100512_02.jpg\" \/>\n<\/div>\n<p>W\u00c3\u00a4hrend ich sch\u00c3\u00b6n den Thriller des gestrigen Abends geschaut habe, hat die Nalamaus es sich auf der Couch gem\u00c3\u00bctlich gemacht. So grazi\u00c3\u00b6s, wie sie wieder da lag, musste ich einfach die Knipse zur Hand nehmen.<\/p>\n<div style=\"text-align: center;\">\n  <img loading=\"lazy\" decoding=\"async\" src=\"http:\/\/terragina.de\/blog\/wp-content\/uploads\/2010\/05\/nala_20100512_03.jpg\" width=\"580\" height=\"445\" alt=\"nala_20100512_03.jpg\" \/>\n<\/div>\n<p>Klar hat es auch nicht lange gedauert, bis sie dort eingeschlafen war. Soo niedlich!<\/p>\n<div style=\"text-align: center;\">\n  <img loading=\"lazy\" decoding=\"async\" src=\"http:\/\/terragina.de\/blog\/wp-content\/uploads\/2010\/05\/nala_20100512_04.jpg\" width=\"580\" height=\"445\" alt=\"nala_20100512_04.jpg\" \/>\n<\/div>\n<p>Hier mag man wirklich nicht glauben, dass diese s\u00c3\u00bc\u00c3\u0178e Fellnase den Schalk im Nacken hat&#8230;<\/p>\n<p>Eigentlich wollte ich Euch auch heute noch Barbara`s Freitags-F\u00c3\u00bcller mitbringen &#8211; leider gibt`s den heute nicht. denn Barbara ist verreist. Es sei ihr geg\u00c3\u00b6nnt!<\/p>\n","protected":false},"excerpt":{"rendered":"<p>Lasst Ihr Es Euch gut gehen am Feiertag bzw. Vatertag? Hier gab`s nie einen und wird wohl auch nie einen geben. Also, \u00c3\u00a4\u00c3\u00a4h, den Feiertag schon &#8211; aber den Vatertag nicht. :no: Der Hobbykoch ist n\u00c3\u00a4mlich nicht dieser Typ \u00e2\u20ac\u017eIch schnappe meinen Bollerwagen und geh saufen\u00e2\u20ac\u009d. :no: Wir genie\u00c3\u0178en den ruhigen Tag, draussen ist es ungem\u00c3\u00bctlich. Und jeder von uns geht sch\u00c3\u00b6nen oder auch mal weniger sch\u00c3\u00b6nen Dingen nach, die da z.B. w\u00c3\u00a4ren: aufr\u00c3\u00a4umen, Fotos sortieren, lesen, Musik h\u00c3\u00b6ren und\/oder kochen. Dieses zuletzt erw\u00c3\u00a4hnte Amt \u00c3\u00bcbernimmt heute wieder der Hobbykoch. Er macht seinen weltbesten Kartoffelsalat &#8211; da habe ich nichts zu melden. Also habe ich meine neuesten Fotos von gestern abend vom Chip auf den Macci geladen und die sch\u00c3\u00b6nsten Bilder verkleinert und in meine R\u00c3\u00a4hmchen gepackt: Schon ein h\u00c3\u00bcbsches M\u00c3\u00a4del, unsere Grande Dame. Derzeit l\u00c3\u00a4sst sie sich nur nicht ganz so gerne fotografieren und ist zwischen die St\u00c3\u00bchle gefl\u00c3\u00bcchtet. Hier hatte sie noch brav und fotogen auf der Kratztonne in der N\u00c3\u00a4he unseres Esstisches gesessen. Ein neuer Lieblingsplatz von ihr. Bis vor kurzem stand &hellip;<\/p>\n","protected":false},"author":1,"featured_media":0,"comment_status":"open","ping_status":"open","sticky":false,"template":"","format":"standard","meta":{"_jetpack_newsletter_access":"","_jetpack_dont_email_post_to_subs":false,"_jetpack_newsletter_tier_id":0,"_jetpack_memberships_contains_paywalled_content":false,"_jetpack_memberships_contains_paid_content":false,"footnotes":""},"categories":[],"tags":[965,25,39,30,353],"class_list":["post-3635","post","type-post","status-publish","format-standard","hentry","tag-beverly","tag-cats","tag-katzen","tag-maine-coon","tag-nala"],"jetpack_sharing_enabled":true,"jetpack_shortlink":"https:\/\/wp.me\/pq7aY-WD","jetpack_likes_enabled":true,"jetpack-related-posts":[],"jetpack_featured_media_url":"","_links":{"self":[{"href":"https:\/\/terragina.de\/blog\/wp-json\/wp\/v2\/posts\/3635","targetHints":{"allow":["GET"]}}],"collection":[{"href":"https:\/\/terragina.de\/blog\/wp-json\/wp\/v2\/posts"}],"about":[{"href":"https:\/\/terragina.de\/blog\/wp-json\/wp\/v2\/types\/post"}],"author":[{"embeddable":true,"href":"https:\/\/terragina.de\/blog\/wp-json\/wp\/v2\/users\/1"}],"replies":[{"embeddable":true,"href":"https:\/\/terragina.de\/blog\/wp-json\/wp\/v2\/comments?post=3635"}],"version-history":[{"count":0,"href":"https:\/\/terragina.de\/blog\/wp-json\/wp\/v2\/posts\/3635\/revisions"}],"wp:attachment":[{"href":"https:\/\/terragina.de\/blog\/wp-json\/wp\/v2\/media?parent=3635"}],"wp:term":[{"taxonomy":"category","embeddable":true,"href":"https:\/\/terragina.de\/blog\/wp-json\/wp\/v2\/categories?post=3635"},{"taxonomy":"post_tag","embeddable":true,"href":"https:\/\/terragina.de\/blog\/wp-json\/wp\/v2\/tags?post=3635"}],"curies":[{"name":"wp","href":"https:\/\/api.w.org\/{rel}","templated":true}]}}