{"id":3652,"date":"2010-05-15T16:48:47","date_gmt":"2010-05-15T14:48:47","guid":{"rendered":"http:\/\/terragina.de\/blog\/2010\/05\/15\/projekt-122010-der-mai\/"},"modified":"2011-07-09T10:09:26","modified_gmt":"2011-07-09T08:09:26","slug":"projekt-122010-der-mai","status":"publish","type":"post","link":"https:\/\/terragina.de\/blog\/2010\/05\/15\/projekt-122010-der-mai\/","title":{"rendered":"Projekt 12\/2010 &#8211; Der Mai"},"content":{"rendered":"<p><img loading=\"lazy\" decoding=\"async\" style=\"float: left; margin-right: 10px; margin-bottom: 10px;\" src=\"http:\/\/terragina.de\/blog\/wp-content\/uploads\/2010\/01\/zwoelf2010_klein.png\" alt=\"zwoelf2010_klein.png\" width=\"156\" height=\"28\" \/>Irgendwie <span style=\"text-decoration: line-through\">kann ich<\/span> k\u00c3\u00b6nnte ich mich wirklich eine Runde in die Ecke stellen und sch\u00c3\u00a4men, alldieweil ich schon wieder erst auf den letzten Dr\u00c3\u00bccker an <a title=\"Fotoprojekt zw\u00c3\u00b6lf2010 bei Jana\" href=\"http:\/\/www.janasworld.de\/2009\/11\/22\/fotoprojekt-zwoelf2010-2\/\">Janas Projekt<\/a> gedacht habe. :pfeif:<\/p>\n<p>Aber ich hab`s nicht wirklich vergessen und so habe ich mir heute einen Tritt in den Popo gegeben. Hier kommt zum 15. <span style=\"text-decoration: line-through\">dieses angeblichen Wonnemonats<\/span> ein aktuelles Bild von \u00e2\u20ac\u017emeiner\u00e2\u20ac\u009d S-Bahn-Haltestelle:<\/p>\n<div style=\"text-align: center;\">\n  <br \/>\n  <a href=\"http:\/\/terragina.de\/blog\/wp-content\/uploads\/2010\/05\/zwoelf2010_05_900x543.jpg\" rel=\"lightbox[3652]\"><img loading=\"lazy\" decoding=\"async\" src=\"http:\/\/terragina.de\/blog\/wp-content\/uploads\/2010\/05\/zwoelf2010_05_900x543-tm.jpg\" width=\"300\" height=\"181\" alt=\"Projekt 12\/2010 - Der Mai\" \/><\/a>\n<\/div>\n<div style=\"text-align: center;\">\n  <br \/>\n  <i>~ klick macht gro\u00c3\u0178 ~<\/i>\n<\/div>\n<p><\/p>\n<p>H\u00c3\u00bcbsch ist es anzusehen, wie die B\u00c3\u00a4ume nun wei\u00c3\u0178 bl\u00c3\u00bchen. Und habt Ihr das leuchtend-gelbe Rapsfeld im Hintergrund entdeckt? Es dauert wohl nur noch ein paar Tage, dann ist die gelbe Pracht wieder f\u00c3\u00bcr ein Jahr verschwunden. :( Leider ist es nur ein kleiner Farbtupfer auf meinem Bild und k\u00c3\u00b6nnte etwas gr\u00c3\u00b6\u00c3\u0178er sein.<\/p>\n<p>Wie immer ist das Bild auch wieder in meiner <a href=\"http:\/\/terragina.de\/blog\/zwoelf2010-2\/\" title=\"Foto-\u00c3\u0153bersicht Projekt zw\u00c3\u00b6lf2010\" target=\"blank\">Projekt-\u00c3\u0153bersicht<\/a> zu finden.<\/p>\n<p><\/p>\n<p>Wer sich auch einmal ansehen m\u00c3\u00b6chte, wie sich die Foto-Objekte der anderen Teilnehmer so entwickeln, dem m\u00c3\u00b6chte ich diese <a href=\"http:\/\/www.janasworld.de\/fotografie\/fotoprojekt-zwoelf2010-2\/fotoprojekt-zwoelf2010-101-200\/\" title=\"Projekt-Teilnehmer 101 bis 200\">\u00c3\u0153bersicht der zweiten 100 Teilnehmer-Bilder<\/a> ans Herz legen (nat\u00c3\u00bcrlich auch die ersten 100. Desweiteren findet sich auch dieses neueste Foto wieder in der von Jana eigens daf\u00c3\u00bcr ins Leben gerufenen <a href=\"http:\/\/www.flickr.com\/groups\/1300582@N23\/\" title=\"Flickr-Gruppe zwoelf2010\">Flickr-Foto-Gruppe<\/a>.<\/p>\n<p>Liebe Jana &#8211; an dieser Stelle mal ein ganz dickes Dankesch\u00c3\u00b6n an Dich, dass Du Dir mit uns immer so viel Arbeit machst &#8211; das ist sooo lieb von Dir! :hearts:<\/p>\n","protected":false},"excerpt":{"rendered":"<p>Irgendwie kann ich k\u00c3\u00b6nnte ich mich wirklich eine Runde in die Ecke stellen und sch\u00c3\u00a4men, alldieweil ich schon wieder erst auf den letzten Dr\u00c3\u00bccker an Janas Projekt gedacht habe. :pfeif: Aber ich hab`s nicht wirklich vergessen und so habe ich mir heute einen Tritt in den Popo gegeben. Hier kommt zum 15. dieses angeblichen Wonnemonats ein aktuelles Bild von \u00e2\u20ac\u017emeiner\u00e2\u20ac\u009d S-Bahn-Haltestelle: ~ klick macht gro\u00c3\u0178 ~ H\u00c3\u00bcbsch ist es anzusehen, wie die B\u00c3\u00a4ume nun wei\u00c3\u0178 bl\u00c3\u00bchen. Und habt Ihr das leuchtend-gelbe Rapsfeld im Hintergrund entdeckt? Es dauert wohl nur noch ein paar Tage, dann ist die gelbe Pracht wieder f\u00c3\u00bcr ein Jahr verschwunden. :( Leider ist es nur ein kleiner Farbtupfer auf meinem Bild und k\u00c3\u00b6nnte etwas gr\u00c3\u00b6\u00c3\u0178er sein. Wie immer ist das Bild auch wieder in meiner Projekt-\u00c3\u0153bersicht zu finden. Wer sich auch einmal ansehen m\u00c3\u00b6chte, wie sich die Foto-Objekte der anderen Teilnehmer so entwickeln, dem m\u00c3\u00b6chte ich diese \u00c3\u0153bersicht der zweiten 100 Teilnehmer-Bilder ans Herz legen (nat\u00c3\u00bcrlich auch die ersten 100. Desweiteren findet sich auch dieses neueste Foto wieder in der von Jana &hellip;<\/p>\n","protected":false},"author":1,"featured_media":0,"comment_status":"open","ping_status":"open","sticky":false,"template":"","format":"standard","meta":{"_jetpack_newsletter_access":"","_jetpack_dont_email_post_to_subs":false,"_jetpack_newsletter_tier_id":0,"_jetpack_memberships_contains_paywalled_content":false,"_jetpack_memberships_contains_paid_content":false,"footnotes":""},"categories":[358],"tags":[957,980],"class_list":["post-3652","post","type-post","status-publish","format-standard","hentry","category-zwoelf2010","tag-foto","tag-zwoelf2010"],"jetpack_sharing_enabled":true,"jetpack_shortlink":"https:\/\/wp.me\/pq7aY-WU","jetpack_likes_enabled":true,"jetpack-related-posts":[],"jetpack_featured_media_url":"","_links":{"self":[{"href":"https:\/\/terragina.de\/blog\/wp-json\/wp\/v2\/posts\/3652","targetHints":{"allow":["GET"]}}],"collection":[{"href":"https:\/\/terragina.de\/blog\/wp-json\/wp\/v2\/posts"}],"about":[{"href":"https:\/\/terragina.de\/blog\/wp-json\/wp\/v2\/types\/post"}],"author":[{"embeddable":true,"href":"https:\/\/terragina.de\/blog\/wp-json\/wp\/v2\/users\/1"}],"replies":[{"embeddable":true,"href":"https:\/\/terragina.de\/blog\/wp-json\/wp\/v2\/comments?post=3652"}],"version-history":[{"count":0,"href":"https:\/\/terragina.de\/blog\/wp-json\/wp\/v2\/posts\/3652\/revisions"}],"wp:attachment":[{"href":"https:\/\/terragina.de\/blog\/wp-json\/wp\/v2\/media?parent=3652"}],"wp:term":[{"taxonomy":"category","embeddable":true,"href":"https:\/\/terragina.de\/blog\/wp-json\/wp\/v2\/categories?post=3652"},{"taxonomy":"post_tag","embeddable":true,"href":"https:\/\/terragina.de\/blog\/wp-json\/wp\/v2\/tags?post=3652"}],"curies":[{"name":"wp","href":"https:\/\/api.w.org\/{rel}","templated":true}]}}