{"id":3692,"date":"2010-05-19T17:49:18","date_gmt":"2010-05-19T15:49:18","guid":{"rendered":"http:\/\/terragina.de\/blog\/2010\/05\/19\/kleiner-lagebericht\/"},"modified":"2011-07-09T10:09:16","modified_gmt":"2011-07-09T08:09:16","slug":"kleiner-lagebericht","status":"publish","type":"post","link":"https:\/\/terragina.de\/blog\/2010\/05\/19\/kleiner-lagebericht\/","title":{"rendered":"Kleiner Lagebericht"},"content":{"rendered":"<ul>\n<li>Mit den Einlagen komme ich gut klar. Ich habe sie heute 2x ca. 2 Stunden getragen.<\/li>\n<li>Die Handgelenkbandage ist &#8211; wie angek\u00c3\u00bcndigt &#8211; heute bei mir eingetroffen.<\/li>\n<li>Die Physiotherapie-Praxis hat angerufen und die ersten beiden Termine f\u00c3\u00bcr die Ultraschall-Behandlung sind fix. Am Freitag fr\u00c3\u00bch geht`s los.<\/li>\n<li>Zu gerade angesprochenem Problem hat sich jetzt noch ein weiteres \u00c3\u201ergernis dazu gesellt &#8211; fies! Rechts im Bild etwas, was ich bisher neben diversen Salben und Cremes noch nicht ausprobiert habe. Ich bin gespannt, wie lange ich mich dieses mal damit herum\u00c3\u00a4rgern <span style=\"text-decoration: line-through\">darf<\/span> mu\u00c3\u0178.<\/li>\n<\/ul>\n<p style=\"text-align: center;\"><img loading=\"lazy\" decoding=\"async\" src=\"http:\/\/terragina.de\/blog\/wp-content\/uploads\/2010\/05\/manutrain.jpg\" width=\"580\" height=\"445\" alt=\"manutrain.jpg\" \/><\/p>\n<ul>\n<li>Die Fr\u00c3\u00bchlingsdeko ist aus dem Beistelltisch in eine T\u00c3\u00bcte gewandert, die ordnungsgem\u00c3\u00a4ss beschriftet worden und zu den anderen Dekorations-Gegenst\u00c3\u00a4nden in den Keller gewandert.<\/li>\n<li>Der Tisch wurde gereinigt und umdekoriert.<\/li>\n<\/ul>\n<p style=\"text-align: center;\"><img loading=\"lazy\" decoding=\"async\" src=\"http:\/\/terragina.de\/blog\/wp-content\/uploads\/2010\/05\/steinherzen_sammlung.jpg\" width=\"580\" height=\"445\" alt=\"steinherzen_sammlung.jpg\" \/><\/p>\n<ul>\n<li>Letzte Woche hat unsere kleine h\u00c3\u00bcbsche Kompaktanlage in der K\u00c3\u00bcche einen mir pers\u00c3\u00b6nlich wichtigen Dienst quittiert. Schade, sehr schade. :-( Das gute St\u00c3\u00bcck war ca. 8 Jahre alt und ich habe es geliebt.<\/li>\n<li>Mein lieber Hobbykoch hat mir ein neues Modell bestellt &#8211; gestern konnte er es abholen. Das ganz besonders Sch\u00c3\u00b6ne: Diese kleine s\u00c3\u00bc\u00c3\u0178e Anlage hat nicht nur eine i*Phone-Abspielm\u00c3\u00b6glichkeit&#8230; sie kann mein Spielzeug sogar auch laden. Sehr fein!<\/li>\n<\/ul>\n<p style=\"text-align: center;\"><img loading=\"lazy\" decoding=\"async\" src=\"http:\/\/terragina.de\/blog\/wp-content\/uploads\/2010\/05\/panasonic.jpg\" width=\"580\" height=\"445\" alt=\"panasonic.jpg\" \/><\/p>\n<ul>\n<li>Die Fotos f\u00c3\u00bcr das kommende Wochenende sind alle ausgew\u00c3\u00a4hlt und bearbeitet wie ben\u00c3\u00b6tigt. Hoffentlich gefallen sie auch.<\/li>\n<li>Aus eben genannten Grund kam ich mit der Karten-Bastelei leider nicht weiter. Also morgen und \u00c3\u00bcbermorgen.<\/li>\n<li>Der Boden im Erdgeschoss ist gewischt &#8211; Fenster putzen kann ich mir bei dem Pieselwetter schenken.<\/li>\n<li>F\u00c3\u00bcr sich alleine kochen ist doof. Und deswegen bleibt heute die K\u00c3\u00bcche kalt, w\u00c3\u00a4hrend der Hobbykoch irgendwo in Deutschland unterwegs ist und hoffentlich etwas Anst\u00c3\u00a4ndiges zu essen bekommt.<\/li>\n<li>Ich bin ja gar nicht allein &#8211; guckt:<\/li>\n<\/ul>\n<p style=\"text-align: center;\"><img loading=\"lazy\" decoding=\"async\" src=\"http:\/\/terragina.de\/blog\/wp-content\/uploads\/2010\/05\/beverly_20100518.jpg\" width=\"580\" height=\"445\" alt=\"beverly_20100518.jpg\" \/><\/p>\n<div style=\"text-align: center;\">\n  \n<\/div>\n<div style=\"text-align: center;\">\n  <img loading=\"lazy\" decoding=\"async\" src=\"http:\/\/terragina.de\/blog\/wp-content\/uploads\/2010\/05\/nala_20100518.jpg\" width=\"580\" height=\"445\" alt=\"nala_20100518.jpg\" \/>\n<\/div>\n<div style=\"text-align: center;\">\n  \n<\/div>\n<div style=\"text-align: center;\">\n  <img loading=\"lazy\" decoding=\"async\" src=\"http:\/\/terragina.de\/blog\/wp-content\/uploads\/2010\/05\/nala_20100519.jpg\" width=\"580\" height=\"445\" alt=\"nala_20100519.jpg\" \/>\n<\/div>\n<ul>\n<li>Ich werde es mir gleich gem\u00c3\u00bctlich machen und f\u00c3\u00bcr die n\u00c3\u00a4chsten zwei Stunden brav meine Bandage tragen.<\/li>\n<li>Vorher werden aber noch die Fellnasen versorgt und eine Kleinigkeit zu essen gemacht.<\/li>\n<li>75% der Wochenarbeitszeit sind geschafft &#8211; dann liegen wieder vier freie Tage vor mir &#8211; ich werde sie genie\u00c3\u0178en, denn auch das Wetter <span style=\"text-decoration: line-through\">soll sch\u00c3\u00b6n werden<\/span> wird sch\u00c3\u00b6n &#8211; jawohl!<\/li>\n<\/ul>\n<p>F\u00c3\u00bcr morgen habe ich wieder ein leckeres Rezept geplant &#8211; mehr wird noch nicht verraten. Ich mu\u00c3\u0178 erst noch daf\u00c3\u00bcr einkaufen gehen. Das erledige ich morgen auf dem Heimweg, bevor das lange Wochenende eingel\u00c3\u00a4utet wird. :sing:<\/p>\n<p><\/p>\n","protected":false},"excerpt":{"rendered":"<p>Mit den Einlagen komme ich gut klar. Ich habe sie heute 2x ca. 2 Stunden getragen. Die Handgelenkbandage ist &#8211; wie angek\u00c3\u00bcndigt &#8211; heute bei mir eingetroffen. Die Physiotherapie-Praxis hat angerufen und die ersten beiden Termine f\u00c3\u00bcr die Ultraschall-Behandlung sind fix. Am Freitag fr\u00c3\u00bch geht`s los. Zu gerade angesprochenem Problem hat sich jetzt noch ein weiteres \u00c3\u201ergernis dazu gesellt &#8211; fies! Rechts im Bild etwas, was ich bisher neben diversen Salben und Cremes noch nicht ausprobiert habe. Ich bin gespannt, wie lange ich mich dieses mal damit herum\u00c3\u00a4rgern darf mu\u00c3\u0178. Die Fr\u00c3\u00bchlingsdeko ist aus dem Beistelltisch in eine T\u00c3\u00bcte gewandert, die ordnungsgem\u00c3\u00a4ss beschriftet worden und zu den anderen Dekorations-Gegenst\u00c3\u00a4nden in den Keller gewandert. Der Tisch wurde gereinigt und umdekoriert. Letzte Woche hat unsere kleine h\u00c3\u00bcbsche Kompaktanlage in der K\u00c3\u00bcche einen mir pers\u00c3\u00b6nlich wichtigen Dienst quittiert. Schade, sehr schade. :-( Das gute St\u00c3\u00bcck war ca. 8 Jahre alt und ich habe es geliebt. Mein lieber Hobbykoch hat mir ein neues Modell bestellt &#8211; gestern konnte er es abholen. Das ganz besonders Sch\u00c3\u00b6ne: Diese kleine s\u00c3\u00bc\u00c3\u0178e Anlage &hellip;<\/p>\n","protected":false},"author":1,"featured_media":0,"comment_status":"open","ping_status":"open","sticky":false,"template":"","format":"standard","meta":{"_jetpack_newsletter_access":"","_jetpack_dont_email_post_to_subs":false,"_jetpack_newsletter_tier_id":0,"_jetpack_memberships_contains_paywalled_content":false,"_jetpack_memberships_contains_paid_content":false,"footnotes":""},"categories":[114],"tags":[965,39,30,353,973],"class_list":["post-3692","post","type-post","status-publish","format-standard","hentry","category-plauderecke","tag-beverly","tag-katzen","tag-maine-coon","tag-nala","tag-plauderecke"],"jetpack_sharing_enabled":true,"jetpack_shortlink":"https:\/\/wp.me\/pq7aY-Xy","jetpack_likes_enabled":true,"jetpack-related-posts":[],"jetpack_featured_media_url":"","_links":{"self":[{"href":"https:\/\/terragina.de\/blog\/wp-json\/wp\/v2\/posts\/3692","targetHints":{"allow":["GET"]}}],"collection":[{"href":"https:\/\/terragina.de\/blog\/wp-json\/wp\/v2\/posts"}],"about":[{"href":"https:\/\/terragina.de\/blog\/wp-json\/wp\/v2\/types\/post"}],"author":[{"embeddable":true,"href":"https:\/\/terragina.de\/blog\/wp-json\/wp\/v2\/users\/1"}],"replies":[{"embeddable":true,"href":"https:\/\/terragina.de\/blog\/wp-json\/wp\/v2\/comments?post=3692"}],"version-history":[{"count":0,"href":"https:\/\/terragina.de\/blog\/wp-json\/wp\/v2\/posts\/3692\/revisions"}],"wp:attachment":[{"href":"https:\/\/terragina.de\/blog\/wp-json\/wp\/v2\/media?parent=3692"}],"wp:term":[{"taxonomy":"category","embeddable":true,"href":"https:\/\/terragina.de\/blog\/wp-json\/wp\/v2\/categories?post=3692"},{"taxonomy":"post_tag","embeddable":true,"href":"https:\/\/terragina.de\/blog\/wp-json\/wp\/v2\/tags?post=3692"}],"curies":[{"name":"wp","href":"https:\/\/api.w.org\/{rel}","templated":true}]}}