{"id":3703,"date":"2010-05-21T19:32:58","date_gmt":"2010-05-21T17:32:58","guid":{"rendered":"http:\/\/terragina.de\/blog\/2010\/05\/21\/basteleien\/"},"modified":"2011-07-09T10:09:12","modified_gmt":"2011-07-09T08:09:12","slug":"basteleien","status":"publish","type":"post","link":"https:\/\/terragina.de\/blog\/2010\/05\/21\/basteleien\/","title":{"rendered":"Basteleien"},"content":{"rendered":"<p>Auch der Sohnemann bastelt. Anders als ich. Er bastelt K\u00c3\u00a4rtchen in sein schickes neues Sammelalbum vom Lebensmittelmarkt unseres Vertrauens. Nachdem wir jetzt schon mehrere der kleinen T\u00c3\u00bctchen hier auf der K\u00c3\u00bcchen-Fensterbank gesammelt hatten, haben wir uns nun doch entschlossen, das Sammelalbum zu kaufen. 9 Spieler (?, wei\u00c3\u0178 nicht genau, sorry!) fehlen uns jetzt noch&#8230; wer sammelt mit? :winke:<\/p>\n<div style=\"text-align: center;\">\n  <img loading=\"lazy\" decoding=\"async\" src=\"http:\/\/terragina.de\/blog\/wp-content\/uploads\/2010\/05\/dfb_sammelalbum_WM2010.jpg\" width=\"435\" height=\"580\" alt=\"dfb_sammelalbum_WM2010.jpg\" \/>\n<\/div>\n<p><\/p>\n<p>Ich habe heute auch einen kreativen Tag hinter mir. Dass hei\u00c3\u0178t, eigentlich habe ich schon ein paar Tage daran gebastelt, jeden Tag ein bisschen. Nun k\u00c3\u00b6nnen wir morgen feiern gehen, die Gl\u00c3\u00bcckwunschkarten sind bereits sauber und ordentlich in meiner Handtasche verstaut. Und da ich wei\u00c3\u0178, dass ein paar meiner Leserinnen <span style=\"text-decoration: line-through\">neugierig sind<\/span> sie gerne sehen m\u00c3\u00b6chten &#8211; hier sind sie:<\/p>\n<div style=\"text-align: center;\">\n  <img loading=\"lazy\" decoding=\"async\" src=\"http:\/\/terragina.de\/blog\/wp-content\/uploads\/2010\/05\/omi_geburtstagskarte_2010.jpg\" width=\"435\" height=\"580\" alt=\"omi_geburtstagskarte_2010.jpg\" \/>\n<\/div>\n<p><\/p>\n<p>Die Fotos f\u00c3\u00bcr diese Karte habe ich vor 5 Jahren selber geschossen (in der <a href=\"http:\/\/www.erlebnis-wildpark.de\/\" title=\"Alte Fasanerie Hanau Klein-Auheim\">Alten Fasanerie<\/a> bei Hanau). Damals war die SLR-Kamera noch sehr neu. Da blieb nicht mehr viel Platz f\u00c3\u00bcr Schnickeldi, also diesmal ohne Bl\u00c3\u00bcmchen und Klimbim. *lol* Die Karte ist f\u00c3\u00bcr meine Mama, sie ist im Januar 70 Jahre alt geworden und feiert nun gemeinsam mit ihrem Mann diesen Ehrentag nach. Und da ich wei\u00c3\u0178, dass meine Mutter nicht online geht und davon auch keinerlei Ahnung hat, kann ich das auch ruhigen Gewissens bloggen. :yes:<\/p>\n<p>Womit ich schon zur zweiten Karte komme.<\/p>\n<div style=\"text-align: center;\">\n  <img loading=\"lazy\" decoding=\"async\" src=\"http:\/\/terragina.de\/blog\/wp-content\/uploads\/2010\/05\/opi_geburtstagskarte_2010.jpg\" width=\"435\" height=\"580\" alt=\"opi_geburtstagskarte_2010.jpg\" \/>\n<\/div>\n<p><\/p>\n<p>Auch mein Papa feiert Geburstag &#8211; den 74. Und ich finde, mein Bruder hatte eine hervorragende Idee mit diesem Geschenk, wir werden uns daran beteiligen. Auch hier hoffe ich, dass Karte und Geschenk gut ankommen. Das Auto (welches mein Papa fuhr, als ich noch klein war &#8211; ein 200D. Jaaa, die Farbe stimmt einigermassen *grusel*) und auch die Pylonen musste ich mir selber zeichnen, weil ich nichts dergleichen im Web gefunden habe. Es war zwar ein wenig zeit-intensiv, hat aber auch viel Spa\u00c3\u0178 gemacht. Mit dem Ergebnis bin ich sehr zufrieden.<\/p>\n<p>Wie bereits erw\u00c3\u00a4hnt, die K\u00c3\u00a4rtchen stecken in meiner Handtasche und warten nur noch darauf, morgen geschrieben, unterschrieben und feierlich \u00c3\u00bcberreicht zu werden. Ich freue mich darauf. \u00c3\u0153berhaupt freue ich mich auf einen tollen Tag &#8211; bei 24\u00c2\u00b0 und Sonnenschein den ganzen Tag sollte das auch kein Problem sein.<\/p>\n<p>Morgen blogge ich dann weiter, was ich noch f\u00c3\u00bcr diese Festlichkeiten geleistet habe&#8230; ;)<\/p>\n","protected":false},"excerpt":{"rendered":"<p>Auch der Sohnemann bastelt. Anders als ich. Er bastelt K\u00c3\u00a4rtchen in sein schickes neues Sammelalbum vom Lebensmittelmarkt unseres Vertrauens. Nachdem wir jetzt schon mehrere der kleinen T\u00c3\u00bctchen hier auf der K\u00c3\u00bcchen-Fensterbank gesammelt hatten, haben wir uns nun doch entschlossen, das Sammelalbum zu kaufen. 9 Spieler (?, wei\u00c3\u0178 nicht genau, sorry!) fehlen uns jetzt noch&#8230; wer sammelt mit? :winke: Ich habe heute auch einen kreativen Tag hinter mir. Dass hei\u00c3\u0178t, eigentlich habe ich schon ein paar Tage daran gebastelt, jeden Tag ein bisschen. Nun k\u00c3\u00b6nnen wir morgen feiern gehen, die Gl\u00c3\u00bcckwunschkarten sind bereits sauber und ordentlich in meiner Handtasche verstaut. Und da ich wei\u00c3\u0178, dass ein paar meiner Leserinnen neugierig sind sie gerne sehen m\u00c3\u00b6chten &#8211; hier sind sie: Die Fotos f\u00c3\u00bcr diese Karte habe ich vor 5 Jahren selber geschossen (in der Alten Fasanerie bei Hanau). Damals war die SLR-Kamera noch sehr neu. Da blieb nicht mehr viel Platz f\u00c3\u00bcr Schnickeldi, also diesmal ohne Bl\u00c3\u00bcmchen und Klimbim. *lol* Die Karte ist f\u00c3\u00bcr meine Mama, sie ist im Januar 70 Jahre alt geworden und feiert nun &hellip;<\/p>\n","protected":false},"author":1,"featured_media":0,"comment_status":"open","ping_status":"open","sticky":false,"template":"","format":"standard","meta":{"_jetpack_newsletter_access":"","_jetpack_dont_email_post_to_subs":false,"_jetpack_newsletter_tier_id":0,"_jetpack_memberships_contains_paywalled_content":false,"_jetpack_memberships_contains_paid_content":false,"footnotes":""},"categories":[47,114],"tags":[126,966,973],"class_list":["post-3703","post","type-post","status-publish","format-standard","hentry","category-kreativ","category-plauderecke","tag-karten","tag-kreativ","tag-plauderecke"],"jetpack_sharing_enabled":true,"jetpack_shortlink":"https:\/\/wp.me\/pq7aY-XJ","jetpack_likes_enabled":true,"jetpack-related-posts":[],"jetpack_featured_media_url":"","_links":{"self":[{"href":"https:\/\/terragina.de\/blog\/wp-json\/wp\/v2\/posts\/3703","targetHints":{"allow":["GET"]}}],"collection":[{"href":"https:\/\/terragina.de\/blog\/wp-json\/wp\/v2\/posts"}],"about":[{"href":"https:\/\/terragina.de\/blog\/wp-json\/wp\/v2\/types\/post"}],"author":[{"embeddable":true,"href":"https:\/\/terragina.de\/blog\/wp-json\/wp\/v2\/users\/1"}],"replies":[{"embeddable":true,"href":"https:\/\/terragina.de\/blog\/wp-json\/wp\/v2\/comments?post=3703"}],"version-history":[{"count":0,"href":"https:\/\/terragina.de\/blog\/wp-json\/wp\/v2\/posts\/3703\/revisions"}],"wp:attachment":[{"href":"https:\/\/terragina.de\/blog\/wp-json\/wp\/v2\/media?parent=3703"}],"wp:term":[{"taxonomy":"category","embeddable":true,"href":"https:\/\/terragina.de\/blog\/wp-json\/wp\/v2\/categories?post=3703"},{"taxonomy":"post_tag","embeddable":true,"href":"https:\/\/terragina.de\/blog\/wp-json\/wp\/v2\/tags?post=3703"}],"curies":[{"name":"wp","href":"https:\/\/api.w.org\/{rel}","templated":true}]}}