{"id":3777,"date":"2010-06-01T15:55:20","date_gmt":"2010-06-01T13:55:20","guid":{"rendered":"http:\/\/terragina.de\/blog\/2010\/06\/01\/ein-paar-pflaenzchen\/"},"modified":"2011-07-09T10:08:45","modified_gmt":"2011-07-09T08:08:45","slug":"ein-paar-pflaenzchen","status":"publish","type":"post","link":"https:\/\/terragina.de\/blog\/2010\/06\/01\/ein-paar-pflaenzchen\/","title":{"rendered":"Ein paar Pfl\u00c3\u00a4nzchen"},"content":{"rendered":"<p>Ganz bei uns in der N\u00c3\u00a4he befindet sich ein <a href=\"http:\/\/www.sunflower-gartencenter.de\/\" title=\"Sunflower in Frankfurt\">supersch\u00c3\u00b6nes Gartencenter<\/a> &#8211; wenn ich Zeit und Muse habe, fahre ich dort vorbei. Schon l\u00c3\u00a4ngere Zeit aber war ich nun nicht mehr dort und so staunte ich letzte Woche nicht schlecht, als ich merkte, dass sie doch ein wenig umgebaut haben. Richtig toll ist es geworden.<\/p>\n<p>Im Eingangsbereich gibt es eine sch\u00c3\u00b6ne Markthalle, wo es eine riesige Auswahl an Obst und Gem\u00c3\u00bcse gibt. Aus heimischen Gefilden, aber auch importiert und von hervorragender Qualit\u00c3\u00a4t. Auch Brot, Wurst und K\u00c3\u00a4se sind dort zu bekommen. Ich hatte mir nun ein paar \u00c3\u201epfel, Bio-M\u00c3\u00b6hren, franz. Schalotten und eine Knoblauchknolle in den Wagen gepackt. Dann ging`s weiter zu den Kr\u00c3\u00a4utern und anschl. zu den Blumen f\u00c3\u00bcr Balkon und Beet. Schlie\u00c3\u0178lich mussten endlich mal die K\u00c3\u00bcbel neu bepflanzt werden. Die, die den harten Winter leider nicht \u00c3\u00bcberstanden hatten.<\/p>\n<p>Kr\u00c3\u00a4uter durften aber auch nicht fehlen, und neben einem Rosmarin und einem Topf glatter Petersilie habe ich noch dieses hier gefunden (und ich gestehe &#8211; ich kannte das bislang nur anders).<\/p>\n<div style=\"text-align: center;\">\n  <img loading=\"lazy\" decoding=\"async\" src=\"http:\/\/terragina.de\/blog\/wp-content\/uploads\/2010\/06\/bubikopf_basilikum.jpg\" width=\"580\" height=\"580\" alt=\"bubikopf_basilikum.jpg\" \/>\n<\/div>\n<p><\/p>\n<p>Hat das jemand von meiner werten Leserschaft schon mal gehabt und Erfahrungen damit gemacht? Es duftet herrlich und ich finde es \u00c3\u00a4u\u00c3\u0178erst dekorativ. :yes:<\/p>\n<p><\/p>\n<p>Dann ging`s raus in die Freiland-Abteilung&#8230; hier wurde ich auch schnell f\u00c3\u00bcndig (und hoffe auf Euren Kennerblick, denn irgendwie habe ich ganz vers\u00c3\u00a4umt aufs Schild zu gucken und habe keine Ahnung, wie diese sch\u00c3\u00b6ne Blume hei\u00c3\u0178t):<\/p>\n<div style=\"text-align: center;\">\n  <img loading=\"lazy\" decoding=\"async\" src=\"http:\/\/terragina.de\/blog\/wp-content\/uploads\/2010\/06\/rateblume.jpg\" width=\"580\" height=\"580\" alt=\"rateblume.jpg\" \/>\n<\/div>\n<p><\/p>\n<p>Ich habe derer drei zusammen in eine Schale gepflanzt, f\u00c3\u00bcr meinen Geschmack ist`s recht h\u00c3\u00bcbsch geworden.<\/p>\n<p><\/p>\n<p>Gl\u00c3\u00bccklich und zufrieden habe ich dann alles vorsichtig im Kofferraum verstaut und die Heimfahrt angetreten. Und ich werde wohl bald noch einmal hinfahren, denn ich habe einige wundersch\u00c3\u00b6ne \u00e2\u20ac\u009d<a href=\"http:\/\/www.hortensie-endless-summer.de\/\" title=\"Endless Summer - Hortensie\">Endless Summer<\/a>\u00e2\u20ac\u009d-Hortensien gesehen, war aber durch den doch relativ hohen Preis recht abgeschreckt. Trotzdem geht mir dieser Blumenk\u00c3\u00bcbel nicht aus dem Kopf und ich glaube, ich gebe erst Ruhe, wenn ich <span style=\"text-decoration: line-through\">mindestens<\/span> ein Exemplar in meinem Garten sitzen habe. Mal gucken&#8230;<\/p>\n<p><\/p>\n<p>Daheim angekommen lief ich durch den Garten und mir fiel mir auf, dass die Rose, welche wir letztes Jahr gepflanzt haben, Ihr ersten Bl\u00c3\u00bcten tr\u00c3\u00a4gt. :dance:<\/p>\n<div style=\"text-align: center;\">\n  <img loading=\"lazy\" decoding=\"async\" src=\"http:\/\/terragina.de\/blog\/wp-content\/uploads\/2010\/06\/weisse_rose.jpg\" width=\"580\" height=\"580\" alt=\"weisse_rose.jpg\" \/>\n<\/div>\n<p><\/p>\n<p>Mir erscheint das Foto ein klein wenig \u00c3\u00bcberbelichtet, trotzdem gef\u00c3\u00a4llt es mir sehr gut &#8211; auch und gerade wegen der einzelnen Regentropfen<span style=\"text-decoration: line-through\">, die man kaum erkennen kann<\/span>.<\/p>\n<p>Und schaut mal hier &#8211; auch in dem Blumenkasten (den ich aus meinem ur-eigenen 12\/2010-Projekt rausgenommen habe weil zu langweilig) hat sich endlich endlich was getan:<\/p>\n<div style=\"text-align: center;\">\n  <img loading=\"lazy\" decoding=\"async\" src=\"http:\/\/terragina.de\/blog\/wp-content\/uploads\/2010\/06\/blumenkasten.jpg\" width=\"580\" height=\"299\" alt=\"blumenkasten.jpg\" \/>\n<\/div>\n<p><\/p>\n<p>Zwerg-Dahlien.. wundersch\u00c3\u00b6n!<\/p>\n<p>Mit diesem kleinen Blumengru\u00c3\u0178 verabschiede ich mich f\u00c3\u00bcr heute, denn Kaffeetrinken steht hier jetzt auf dem Programm. ;-)<\/p>\n","protected":false},"excerpt":{"rendered":"<p>Ganz bei uns in der N\u00c3\u00a4he befindet sich ein supersch\u00c3\u00b6nes Gartencenter &#8211; wenn ich Zeit und Muse habe, fahre ich dort vorbei. Schon l\u00c3\u00a4ngere Zeit aber war ich nun nicht mehr dort und so staunte ich letzte Woche nicht schlecht, als ich merkte, dass sie doch ein wenig umgebaut haben. Richtig toll ist es geworden. Im Eingangsbereich gibt es eine sch\u00c3\u00b6ne Markthalle, wo es eine riesige Auswahl an Obst und Gem\u00c3\u00bcse gibt. Aus heimischen Gefilden, aber auch importiert und von hervorragender Qualit\u00c3\u00a4t. Auch Brot, Wurst und K\u00c3\u00a4se sind dort zu bekommen. Ich hatte mir nun ein paar \u00c3\u201epfel, Bio-M\u00c3\u00b6hren, franz. Schalotten und eine Knoblauchknolle in den Wagen gepackt. Dann ging`s weiter zu den Kr\u00c3\u00a4utern und anschl. zu den Blumen f\u00c3\u00bcr Balkon und Beet. Schlie\u00c3\u0178lich mussten endlich mal die K\u00c3\u00bcbel neu bepflanzt werden. Die, die den harten Winter leider nicht \u00c3\u00bcberstanden hatten. Kr\u00c3\u00a4uter durften aber auch nicht fehlen, und neben einem Rosmarin und einem Topf glatter Petersilie habe ich noch dieses hier gefunden (und ich gestehe &#8211; ich kannte das bislang nur anders). Hat das jemand &hellip;<\/p>\n","protected":false},"author":1,"featured_media":0,"comment_status":"open","ping_status":"open","sticky":false,"template":"","format":"standard","meta":{"_jetpack_newsletter_access":"","_jetpack_dont_email_post_to_subs":false,"_jetpack_newsletter_tier_id":0,"_jetpack_memberships_contains_paywalled_content":false,"_jetpack_memberships_contains_paid_content":false,"footnotes":""},"categories":[114],"tags":[975,957],"class_list":["post-3777","post","type-post","status-publish","format-standard","hentry","category-plauderecke","tag-blumen","tag-foto"],"jetpack_sharing_enabled":true,"jetpack_shortlink":"https:\/\/wp.me\/pq7aY-YV","jetpack_likes_enabled":true,"jetpack-related-posts":[],"jetpack_featured_media_url":"","_links":{"self":[{"href":"https:\/\/terragina.de\/blog\/wp-json\/wp\/v2\/posts\/3777","targetHints":{"allow":["GET"]}}],"collection":[{"href":"https:\/\/terragina.de\/blog\/wp-json\/wp\/v2\/posts"}],"about":[{"href":"https:\/\/terragina.de\/blog\/wp-json\/wp\/v2\/types\/post"}],"author":[{"embeddable":true,"href":"https:\/\/terragina.de\/blog\/wp-json\/wp\/v2\/users\/1"}],"replies":[{"embeddable":true,"href":"https:\/\/terragina.de\/blog\/wp-json\/wp\/v2\/comments?post=3777"}],"version-history":[{"count":0,"href":"https:\/\/terragina.de\/blog\/wp-json\/wp\/v2\/posts\/3777\/revisions"}],"wp:attachment":[{"href":"https:\/\/terragina.de\/blog\/wp-json\/wp\/v2\/media?parent=3777"}],"wp:term":[{"taxonomy":"category","embeddable":true,"href":"https:\/\/terragina.de\/blog\/wp-json\/wp\/v2\/categories?post=3777"},{"taxonomy":"post_tag","embeddable":true,"href":"https:\/\/terragina.de\/blog\/wp-json\/wp\/v2\/tags?post=3777"}],"curies":[{"name":"wp","href":"https:\/\/api.w.org\/{rel}","templated":true}]}}