{"id":3813,"date":"2010-06-07T17:58:22","date_gmt":"2010-06-07T15:58:22","guid":{"rendered":"http:\/\/terragina.de\/blog\/2010\/06\/07\/von-der-waerme-gebeutelt\/"},"modified":"2011-07-09T10:08:33","modified_gmt":"2011-07-09T08:08:33","slug":"von-der-waerme-gebeutelt","status":"publish","type":"post","link":"https:\/\/terragina.de\/blog\/2010\/06\/07\/von-der-waerme-gebeutelt\/","title":{"rendered":"Von der W\u00c3\u00a4rme gebeutelt"},"content":{"rendered":"<p>Zugegebenermassen war gestern ein gro\u00c3\u0178artiger Sommertag (wenn man mal vom gro\u00c3\u0178en Donnerwetter am Abend absieht). Mir pers\u00c3\u00b6nlich reichen ja ein paar Grad weniger durchaus, aber die beiden Fellnasen, die an solch hei\u00c3\u0178en Tagen ihren Pelzmantel nicht ablegen k\u00c3\u00b6nnen, tun mir richtig leid. Da wird auch das Freigehege gemieden und ein ruhiges Pl\u00c3\u00a4tzchen gesucht. Und bloss nicht zu viel bewegen&#8230;.<\/p>\n<p>Hier ein paar Schnappsch\u00c3\u00bcsse vom gestrigen Mittag:<\/p>\n<div style=\"text-align: center;\"><img loading=\"lazy\" decoding=\"async\" src=\"http:\/\/terragina.de\/blog\/wp-content\/uploads\/2010\/06\/nala_20100606_01.jpg\" alt=\"nala_20100606_01.jpg\" width=\"580\" height=\"435\" \/><\/div>\n<p>13:02 Uhr: Wie gut, dass der Heizk\u00c3\u00b6rper nicht l\u00c3\u00a4uft&#8230;.<\/p>\n<div style=\"text-align: center;\"><img loading=\"lazy\" decoding=\"async\" src=\"http:\/\/terragina.de\/blog\/wp-content\/uploads\/2010\/06\/nala_20100606_02.jpg\" alt=\"nala_20100606_02.jpg\" width=\"580\" height=\"435\" \/><\/div>\n<p>13:48 Uhr: Der \u00e2\u20ac\u017eBraten\u00e2\u20ac\u009d hat sich gewendet. *lol*<\/p>\n<div style=\"text-align: center;\"><img loading=\"lazy\" decoding=\"async\" src=\"http:\/\/terragina.de\/blog\/wp-content\/uploads\/2010\/06\/nala_20100606_03.jpg\" alt=\"nala_20100606_03.jpg\" width=\"435\" height=\"580\" \/><\/div>\n<p>18:41 Uhr: Die erste Begegnung mit Regentropfen. Ganz sachte fing es an zu tr\u00c3\u00b6pfeln <span style=\"text-decoration: line-through;\">bevor sich ein ordentlicher Schutt entwickelte<\/span>. Nala fand es hoch-intereressant. :yes1:<\/p>\n<div style=\"text-align: center;\"><img loading=\"lazy\" decoding=\"async\" src=\"http:\/\/terragina.de\/blog\/wp-content\/uploads\/2010\/06\/nala_20100606_04.jpg\" alt=\"nala_20100606_04.jpg\" width=\"580\" height=\"435\" \/><\/div>\n<p>18:42 Uhr: Dieses hier war das letzte Bild, bevor sich der Regen doch verdichtete und die kleine Maus dann doch nach drinnen fl\u00c3\u00bcchtete um der Gro\u00c3\u0178en Gesellschaft zu leisten. ;)<\/p>\n","protected":false},"excerpt":{"rendered":"<p>Zugegebenermassen war gestern ein gro\u00c3\u0178artiger Sommertag (wenn man mal vom gro\u00c3\u0178en Donnerwetter am Abend absieht). Mir pers\u00c3\u00b6nlich reichen ja ein paar Grad weniger durchaus, aber die beiden Fellnasen, die an solch hei\u00c3\u0178en Tagen ihren Pelzmantel nicht ablegen k\u00c3\u00b6nnen, tun mir richtig leid. Da wird auch das Freigehege gemieden und ein ruhiges Pl\u00c3\u00a4tzchen gesucht. Und bloss nicht zu viel bewegen&#8230;. Hier ein paar Schnappsch\u00c3\u00bcsse vom gestrigen Mittag: 13:02 Uhr: Wie gut, dass der Heizk\u00c3\u00b6rper nicht l\u00c3\u00a4uft&#8230;. 13:48 Uhr: Der \u00e2\u20ac\u017eBraten\u00e2\u20ac\u009d hat sich gewendet. *lol* 18:41 Uhr: Die erste Begegnung mit Regentropfen. Ganz sachte fing es an zu tr\u00c3\u00b6pfeln bevor sich ein ordentlicher Schutt entwickelte. Nala fand es hoch-intereressant. :yes1: 18:42 Uhr: Dieses hier war das letzte Bild, bevor sich der Regen doch verdichtete und die kleine Maus dann doch nach drinnen fl\u00c3\u00bcchtete um der Gro\u00c3\u0178en Gesellschaft zu leisten. ;)<\/p>\n","protected":false},"author":1,"featured_media":0,"comment_status":"open","ping_status":"open","sticky":false,"template":"","format":"standard","meta":{"_jetpack_newsletter_access":"","_jetpack_dont_email_post_to_subs":false,"_jetpack_newsletter_tier_id":0,"_jetpack_memberships_contains_paywalled_content":false,"_jetpack_memberships_contains_paid_content":false,"footnotes":""},"categories":[],"tags":[39,30,353,267],"class_list":["post-3813","post","type-post","status-publish","format-standard","hentry","tag-katzen","tag-maine-coon","tag-nala","tag-tiere"],"jetpack_sharing_enabled":true,"jetpack_shortlink":"https:\/\/wp.me\/pq7aY-Zv","jetpack_likes_enabled":true,"jetpack-related-posts":[],"jetpack_featured_media_url":"","_links":{"self":[{"href":"https:\/\/terragina.de\/blog\/wp-json\/wp\/v2\/posts\/3813","targetHints":{"allow":["GET"]}}],"collection":[{"href":"https:\/\/terragina.de\/blog\/wp-json\/wp\/v2\/posts"}],"about":[{"href":"https:\/\/terragina.de\/blog\/wp-json\/wp\/v2\/types\/post"}],"author":[{"embeddable":true,"href":"https:\/\/terragina.de\/blog\/wp-json\/wp\/v2\/users\/1"}],"replies":[{"embeddable":true,"href":"https:\/\/terragina.de\/blog\/wp-json\/wp\/v2\/comments?post=3813"}],"version-history":[{"count":0,"href":"https:\/\/terragina.de\/blog\/wp-json\/wp\/v2\/posts\/3813\/revisions"}],"wp:attachment":[{"href":"https:\/\/terragina.de\/blog\/wp-json\/wp\/v2\/media?parent=3813"}],"wp:term":[{"taxonomy":"category","embeddable":true,"href":"https:\/\/terragina.de\/blog\/wp-json\/wp\/v2\/categories?post=3813"},{"taxonomy":"post_tag","embeddable":true,"href":"https:\/\/terragina.de\/blog\/wp-json\/wp\/v2\/tags?post=3813"}],"curies":[{"name":"wp","href":"https:\/\/api.w.org\/{rel}","templated":true}]}}