{"id":3821,"date":"2010-06-09T19:04:31","date_gmt":"2010-06-09T17:04:31","guid":{"rendered":"http:\/\/terragina.de\/blog\/2010\/06\/09\/ein-schoener-sommertag\/"},"modified":"2011-07-09T10:08:29","modified_gmt":"2011-07-09T08:08:29","slug":"ein-schoener-sommertag","status":"publish","type":"post","link":"https:\/\/terragina.de\/blog\/2010\/06\/09\/ein-schoener-sommertag\/","title":{"rendered":"Ein sch\u00c3\u00b6ner Sommertag"},"content":{"rendered":"<p>Sch\u00c3\u00b6n war`s heute &#8211; auch wenn am fr\u00c3\u00bchen Morgen hier im Hessischen bereits sehr schw\u00c3\u00bcl. Bis jetzt kam auch noch kein Regen vom Himmel. Erst musste ich arbeiten, heute nachmittag habe ich meinen 5. Termin bei meiner Physio-Therapeutin zum Ultraschall gehabt. Jetzt mu\u00c3\u0178 ich nur noch 1x, dann ist Schlu\u00c3\u0178 mit den Behandlungen. Die Schmerzen sind fast ganz verschwunden &#8211; die Schwellung jedoch ist nach wie vor da. Merkw\u00c3\u00bcrdig, das!<\/p>\n<p>Ansonsten war das heute ein recht gammeliger Tag. Zum Mittagessen gab`s nochmal den <a href=\"http:\/\/terragina.de\/blog\/2009\/07\/05\/sommersalat-perfekt-zum-grillen\/\" title=\"Sommersalat, wie ich ihn liebe\">Sommersalat<\/a>, den ich bei diesen Temperaturen wirklich sehr empfehlen kann. Deswegen auch derzeit keine neuen Rezepte von mir, weil ich eine kleine Salatphase eingel\u00c3\u00a4utet habe. Das ist auch der Grund, warum ich derzeit keine Rezepte blogge. Ich koche einfach nicht, weil`s mir schlichtweg bei 30\u00c2\u00b0C zu warm ist. Was gibt`s da Besseres als einen sch\u00c3\u00b6nen Salat? Auch wenn ich keine Vegetarierin bin, so kann ich auch gerne mal auf ein St\u00c3\u00bcck Fleisch verzichten. :yes:<\/p>\n<p>Im Garten war ich nat\u00c3\u00bcrlich auch und habe nach dem Nest geschaut. Die Mama habe ich heute ganz fr\u00c3\u00bch <a href=\"http:\/\/terragina.de\/blog\/2010\/06\/07\/gerade-entdeckt\/\" title=\"Nest im Buchsbaum\">im Nest<\/a> gesehen. Als ich heute mittag vorsichtig geguckt habe, konnte ich auf einmal nur noch zwei Eier (?) ersp\u00c3\u00a4hen? :( Hmm, ich hoffe, wir haben die Mama nicht vergrault, haben wir doch wirklich Abstand gehalten. :noidea: Ich freue mich doch so auf die Flug\u00c3\u00bcbungen der kleinen Familie&#8230;<\/p>\n<p>Umgesehen habe ich mich <span style=\"text-decoration: line-through\">teilweise gestern schon<\/span> auch ein wenig im Garten f\u00c3\u00bcr Euch &#8211; und trotz W\u00c3\u00a4rme war ich sogar in der Lage, ein paarmal auf den Ausl\u00c3\u00b6ser meiner Knipse zu dr\u00c3\u00bccken. H\u00c3\u00bcbsch ist`s im Moment&#8230;<\/p>\n<div style=\"text-align: center;\">\n  <img loading=\"lazy\" decoding=\"async\" src=\"http:\/\/terragina.de\/blog\/wp-content\/uploads\/2010\/06\/bluemchen_terrasse_01.jpg\" width=\"580\" height=\"435\" alt=\"bluemchen_terrasse_01.jpg\" \/>\n<\/div>\n<div style=\"text-align: center;\">\n  \n<\/div>\n<div style=\"text-align: center;\">\n  <img loading=\"lazy\" decoding=\"async\" src=\"http:\/\/terragina.de\/blog\/wp-content\/uploads\/2010\/06\/bluemchen_terrasse_02.jpg\" width=\"580\" height=\"435\" alt=\"bluemchen_terrasse_02.jpg\" \/>\n<\/div>\n<div style=\"text-align: center;\">\n  \n<\/div>\n<div style=\"text-align: center;\">\n  <img loading=\"lazy\" decoding=\"async\" src=\"http:\/\/terragina.de\/blog\/wp-content\/uploads\/2010\/06\/bluemchen_terrasse_03.jpg\" width=\"580\" height=\"435\" alt=\"bluemchen_terrasse_03.jpg\" \/>\n<\/div>\n<p><\/p>\n<p>Die Kapmargeriten sind ja bereits gestern direkt in meinen Header gewandert&#8230;.<\/p>\n<p>Ein angebrochenes Lilien-Stengelchen hat sich in eine kleine Vase auf unseren Esstisch verirrt. Leider hielt sie genau einen Tag&#8230;. also lieber draussen daran erfreuen. ;)<\/p>\n<p><\/p>\n<p>Und jetzt? Jetzt schnappt sich Terragina ein M\u00c3\u00a4dchenbier und verzieht sich auf die Terrasse und sp\u00c3\u00a4ter auf die Couch vor die Glotzkiste. Ich w\u00c3\u00bcnsche Euch allen einen lauen, gem\u00c3\u00bctlichen Sommerabend &#8211; wenn m\u00c3\u00b6glich soll die angek\u00c3\u00bcndigte Abk\u00c3\u00bchlung warten, bis wir alle im Bett sind! :hearts:<\/p>\n","protected":false},"excerpt":{"rendered":"<p>Sch\u00c3\u00b6n war`s heute &#8211; auch wenn am fr\u00c3\u00bchen Morgen hier im Hessischen bereits sehr schw\u00c3\u00bcl. Bis jetzt kam auch noch kein Regen vom Himmel. Erst musste ich arbeiten, heute nachmittag habe ich meinen 5. Termin bei meiner Physio-Therapeutin zum Ultraschall gehabt. Jetzt mu\u00c3\u0178 ich nur noch 1x, dann ist Schlu\u00c3\u0178 mit den Behandlungen. Die Schmerzen sind fast ganz verschwunden &#8211; die Schwellung jedoch ist nach wie vor da. Merkw\u00c3\u00bcrdig, das! Ansonsten war das heute ein recht gammeliger Tag. Zum Mittagessen gab`s nochmal den Sommersalat, den ich bei diesen Temperaturen wirklich sehr empfehlen kann. Deswegen auch derzeit keine neuen Rezepte von mir, weil ich eine kleine Salatphase eingel\u00c3\u00a4utet habe. Das ist auch der Grund, warum ich derzeit keine Rezepte blogge. Ich koche einfach nicht, weil`s mir schlichtweg bei 30\u00c2\u00b0C zu warm ist. Was gibt`s da Besseres als einen sch\u00c3\u00b6nen Salat? Auch wenn ich keine Vegetarierin bin, so kann ich auch gerne mal auf ein St\u00c3\u00bcck Fleisch verzichten. :yes: Im Garten war ich nat\u00c3\u00bcrlich auch und habe nach dem Nest geschaut. Die Mama habe ich heute ganz &hellip;<\/p>\n","protected":false},"author":1,"featured_media":0,"comment_status":"open","ping_status":"open","sticky":false,"template":"","format":"standard","meta":{"_jetpack_newsletter_access":"","_jetpack_dont_email_post_to_subs":false,"_jetpack_newsletter_tier_id":0,"_jetpack_memberships_contains_paywalled_content":false,"_jetpack_memberships_contains_paid_content":false,"footnotes":""},"categories":[114],"tags":[975,957,973],"class_list":["post-3821","post","type-post","status-publish","format-standard","hentry","category-plauderecke","tag-blumen","tag-foto","tag-plauderecke"],"jetpack_sharing_enabled":true,"jetpack_shortlink":"https:\/\/wp.me\/pq7aY-ZD","jetpack_likes_enabled":true,"jetpack-related-posts":[],"jetpack_featured_media_url":"","_links":{"self":[{"href":"https:\/\/terragina.de\/blog\/wp-json\/wp\/v2\/posts\/3821","targetHints":{"allow":["GET"]}}],"collection":[{"href":"https:\/\/terragina.de\/blog\/wp-json\/wp\/v2\/posts"}],"about":[{"href":"https:\/\/terragina.de\/blog\/wp-json\/wp\/v2\/types\/post"}],"author":[{"embeddable":true,"href":"https:\/\/terragina.de\/blog\/wp-json\/wp\/v2\/users\/1"}],"replies":[{"embeddable":true,"href":"https:\/\/terragina.de\/blog\/wp-json\/wp\/v2\/comments?post=3821"}],"version-history":[{"count":0,"href":"https:\/\/terragina.de\/blog\/wp-json\/wp\/v2\/posts\/3821\/revisions"}],"wp:attachment":[{"href":"https:\/\/terragina.de\/blog\/wp-json\/wp\/v2\/media?parent=3821"}],"wp:term":[{"taxonomy":"category","embeddable":true,"href":"https:\/\/terragina.de\/blog\/wp-json\/wp\/v2\/categories?post=3821"},{"taxonomy":"post_tag","embeddable":true,"href":"https:\/\/terragina.de\/blog\/wp-json\/wp\/v2\/tags?post=3821"}],"curies":[{"name":"wp","href":"https:\/\/api.w.org\/{rel}","templated":true}]}}