{"id":3852,"date":"2010-06-15T19:22:38","date_gmt":"2010-06-15T17:22:38","guid":{"rendered":"http:\/\/terragina.de\/blog\/2010\/06\/15\/projekt-122010-der-juni\/"},"modified":"2011-07-09T10:08:17","modified_gmt":"2011-07-09T08:08:17","slug":"projekt-122010-der-juni","status":"publish","type":"post","link":"https:\/\/terragina.de\/blog\/2010\/06\/15\/projekt-122010-der-juni\/","title":{"rendered":"Projekt 12\/2010 &#8211; der Juni"},"content":{"rendered":"<p><img loading=\"lazy\" decoding=\"async\" style=\"float: left; margin-right: 10px; margin-bottom: 10px;\" src=\"http:\/\/terragina.de\/blog\/wp-content\/uploads\/2010\/01\/zwoelf2010_klein.png\" alt=\"zwoelf2010_klein.png\" width=\"156\" height=\"28\" \/>Ich war p\u00c3\u00bcnktlich diesesmal&#8230; nur bin ich noch nicht dazu gekommen, den entsprechenden Blog-Artikel zu schreiben. Ich habe das Foto vorgestern lediglich auf meine <a title=\"Foto-\u00c3\u0153bersicht Projekt zw\u00c3\u00b6lf2010\" href=\"http:\/\/terragina.de\/blog\/zwoelf2010-2\/\">Projektseite<\/a> hochgeladen. Man\/Frau sehe mir das bitte nach. <a title=\"Fotoprojekt zw\u00c3\u00b6lf2010 bei Jana\" href=\"http:\/\/www.janasworld.de\/2009\/11\/22\/fotoprojekt-zwoelf2010-2\/\">Janas Projekt<\/a> ist einfach zu sch\u00c3\u00b6n und zu aufw\u00c3\u00a4ndig, als das man das Monatsbild vergessen k\u00c3\u00b6nnte.<\/p>\n<p>Aber ich habe es ja auch nicht wirklich vergessen und so habe ich mir heute einen Tritt in den\u00c2\u00a0<span style=\"text-decoration: line-through;\">Hintern<\/span>\u00c2\u00a0Allerwertesten gegeben. Hier kommt also zum 15. <span style=\"text-decoration: line-through;\">dieses angeblichen Sommermonats<\/span> ein aktuelles Bild von \u00e2\u20ac\u017emeiner\u00e2\u20ac\u009d S-Bahn-Haltestelle:<\/p>\n<div style=\"text-align: center;\"><a href=\"http:\/\/terragina.de\/blog\/wp-content\/uploads\/2010\/06\/zwoelf2010_06_900x543.jpg\" rel=\"lightbox[3852]\"><img loading=\"lazy\" decoding=\"async\" src=\"http:\/\/terragina.de\/blog\/wp-content\/uploads\/2010\/06\/zwoelf2010_06_900x543-tm.jpg\" alt=\"zwoelf2010_06_900x543.jpg\" width=\"300\" height=\"181\" \/><br \/>\n<\/a><br \/>\n<em>~ klick macht gro\u00c3\u0178 ~<\/em><\/div>\n<p>\u00c2\u00a0<\/p>\n<p>Es ist noch viel viel gr\u00c3\u00bcner geworden in den vergangenen vier Wochen. :dance: Der Ausschnitt ist mir dieses Mal allerdings leider nicht ganz so perfekt gegl\u00c3\u00bcckt, ich musste mich ein wenig ranhalten am letzten Sonntag. Dieses Foto ist n\u00c3\u00a4mlich zwischen Heimkehr vom Wochenend-Trip und dem Spiel Deutschland-Australien entstanden. Viele andere sch\u00c3\u00b6ne Fotos von weiteren Teilnehmern an dem\u00c2\u00a0interessanten Projekt gibt`s nach wie vor bei Jana. ;) Wer also mal schauen mag&#8230;.<\/p>\n<p><a title=\"Projekt-Teilnehmer 101 bis 200\" href=\"http:\/\/www.janasworld.de\/fotografie\/fotoprojekt-zwoelf2010-2\/fotoprojekt-zwoelf2010-101-200\/\">\u00c3\u0153bersicht der zweiten 100 Teilnehmer-Bilder<\/a><\/p>\n<p><a title=\"Flickr-Gruppe zwoelf2010\" href=\"http:\/\/www.flickr.com\/groups\/1300582@N23\/\">Flickr-Foto-Gruppe<\/a>.<\/p>\n","protected":false},"excerpt":{"rendered":"<p>Ich war p\u00c3\u00bcnktlich diesesmal&#8230; nur bin ich noch nicht dazu gekommen, den entsprechenden Blog-Artikel zu schreiben. Ich habe das Foto vorgestern lediglich auf meine Projektseite hochgeladen. Man\/Frau sehe mir das bitte nach. Janas Projekt ist einfach zu sch\u00c3\u00b6n und zu aufw\u00c3\u00a4ndig, als das man das Monatsbild vergessen k\u00c3\u00b6nnte. Aber ich habe es ja auch nicht wirklich vergessen und so habe ich mir heute einen Tritt in den\u00c2\u00a0Hintern\u00c2\u00a0Allerwertesten gegeben. Hier kommt also zum 15. dieses angeblichen Sommermonats ein aktuelles Bild von \u00e2\u20ac\u017emeiner\u00e2\u20ac\u009d S-Bahn-Haltestelle: ~ klick macht gro\u00c3\u0178 ~ \u00c2\u00a0 Es ist noch viel viel gr\u00c3\u00bcner geworden in den vergangenen vier Wochen. :dance: Der Ausschnitt ist mir dieses Mal allerdings leider nicht ganz so perfekt gegl\u00c3\u00bcckt, ich musste mich ein wenig ranhalten am letzten Sonntag. Dieses Foto ist n\u00c3\u00a4mlich zwischen Heimkehr vom Wochenend-Trip und dem Spiel Deutschland-Australien entstanden. Viele andere sch\u00c3\u00b6ne Fotos von weiteren Teilnehmern an dem\u00c2\u00a0interessanten Projekt gibt`s nach wie vor bei Jana. ;) Wer also mal schauen mag&#8230;. \u00c3\u0153bersicht der zweiten 100 Teilnehmer-Bilder Flickr-Foto-Gruppe.<\/p>\n","protected":false},"author":1,"featured_media":0,"comment_status":"open","ping_status":"open","sticky":false,"template":"","format":"standard","meta":{"_jetpack_newsletter_access":"","_jetpack_dont_email_post_to_subs":false,"_jetpack_newsletter_tier_id":0,"_jetpack_memberships_contains_paywalled_content":false,"_jetpack_memberships_contains_paid_content":false,"footnotes":""},"categories":[358],"tags":[957,980],"class_list":["post-3852","post","type-post","status-publish","format-standard","hentry","category-zwoelf2010","tag-foto","tag-zwoelf2010"],"jetpack_sharing_enabled":true,"jetpack_shortlink":"https:\/\/wp.me\/pq7aY-108","jetpack_likes_enabled":true,"jetpack-related-posts":[],"jetpack_featured_media_url":"","_links":{"self":[{"href":"https:\/\/terragina.de\/blog\/wp-json\/wp\/v2\/posts\/3852","targetHints":{"allow":["GET"]}}],"collection":[{"href":"https:\/\/terragina.de\/blog\/wp-json\/wp\/v2\/posts"}],"about":[{"href":"https:\/\/terragina.de\/blog\/wp-json\/wp\/v2\/types\/post"}],"author":[{"embeddable":true,"href":"https:\/\/terragina.de\/blog\/wp-json\/wp\/v2\/users\/1"}],"replies":[{"embeddable":true,"href":"https:\/\/terragina.de\/blog\/wp-json\/wp\/v2\/comments?post=3852"}],"version-history":[{"count":0,"href":"https:\/\/terragina.de\/blog\/wp-json\/wp\/v2\/posts\/3852\/revisions"}],"wp:attachment":[{"href":"https:\/\/terragina.de\/blog\/wp-json\/wp\/v2\/media?parent=3852"}],"wp:term":[{"taxonomy":"category","embeddable":true,"href":"https:\/\/terragina.de\/blog\/wp-json\/wp\/v2\/categories?post=3852"},{"taxonomy":"post_tag","embeddable":true,"href":"https:\/\/terragina.de\/blog\/wp-json\/wp\/v2\/tags?post=3852"}],"curies":[{"name":"wp","href":"https:\/\/api.w.org\/{rel}","templated":true}]}}