{"id":3880,"date":"2010-06-20T20:02:05","date_gmt":"2010-06-20T18:02:05","guid":{"rendered":"http:\/\/terragina.de\/blog\/2010\/06\/20\/ein-ruhiger-sonntag-und-ein-mac-tipp\/"},"modified":"2011-07-09T10:08:03","modified_gmt":"2011-07-09T08:08:03","slug":"ein-ruhiger-sonntag-und-ein-mac-tipp","status":"publish","type":"post","link":"https:\/\/terragina.de\/blog\/2010\/06\/20\/ein-ruhiger-sonntag-und-ein-mac-tipp\/","title":{"rendered":"Ein ruhiger Sonntag und ein Mac-Tipp"},"content":{"rendered":"<p>Was macht man an einem Tag, wo es in weiten Teilen Deutschlands regnet und viel zu kalt ist f\u00c3\u00bcr diese Jahreszeit? Gut, bei uns hat es nicht geregnet, trotzdem war es wirklich nicht besonders angenehm draussen. Ich will jetzt endlich 25\u00c2\u00b0 und Sonnenschein. :yes1:<\/p>\n<p>Also, was macht man an einem solchen Tag? Man widmet sich den Dingen, zu denen man nicht kommt, wenn frau frei hat und das Wetter sch\u00c3\u00b6n ist. Und so habe ich zwischendurch immer mal wieder meinen Macci aufger\u00c3\u00a4umt. Programme installiert und de-installiert, hier ein wenig getestet und dort ein paar Dateien verschoben. Die Gelegenheit war g\u00c3\u00bcnstig.<\/p>\n<p>An dieser Stelle auch mal wieder seit langem ein kleiner Apple-Tipp von mir: Beim Rumsuchen nach Freeware f\u00c3\u00bcr den Macci sind wir gestern \u00c3\u00bcber <a href=\"http:\/\/www.macmagazin.de\/16195\/totalfinder-erweiterter-finder-mit-tabs-wie-im-browser\/\" title=\"Der Totalfinder f\u00c3\u00bcr den Mac\">dieses kleine Proggi<\/a> gestossen. Ein kleines Tool, mit dem sich mehrere Finder-Fenster in Tabs einrichten lassen (\u00c3\u00a4hnlich wie bei Firefox z.B.) und so die Navigation erleichtern sollen. Ich bin noch am Ausprobieren, aber es macht schon mal einen guten Eindruck.<\/p>\n<p>Gekocht hat heute \u00c3\u00bcbrigens der Hobbykoch (endlich geht es ihm wieder besser, er hat die letzten Tage auch ein wenig geschw\u00c3\u00a4chelt): Szegediner Gulasch. Passt nicht wirklich in diese Jahreszeit, war aber angemessen bei diesen so gar nicht sommerlichen Temperaturen. Es war wieder mal sehr lecker!<\/p>\n<p>Nat\u00c3\u00bcrlich lief auch einen gro\u00c3\u0178en Teil des Tages der Fernseher, schlie\u00c3\u0178lich mu\u00c3\u0178 der Hobbykoch ja auch WM-technisch auf dem Laufenden bleiben. Heute abend werden wir \u00c3\u00bcbrigens der Elfenbeink\u00c3\u00bcste feste die Daumen dr\u00c3\u00bccken. Das w\u00c3\u00a4re doch eine Sensation, oder nicht? Schade finde ich das, was heute bei der franz\u00c3\u00b6sischen Mannschaft abgelaufen ist. Es gibt da so einen Songtext, in dem hei\u00c3\u0178t es: \u00e2\u20ac\u017eElf Freunde m\u00c3\u00bcsst ihr sein\u00e2\u20ac\u009d &#8211; wie wahr!<\/p>\n<p>Und Ihr so? Wie habt Ihr den heutigen Tag verbracht? Faul wie Nala herumgel\u00c3\u00bcmmelt?<\/p>\n<div style=\"text-align: center;\">\n  \n<\/div>\n<div style=\"text-align: center;\">\n  <img loading=\"lazy\" decoding=\"async\" src=\"http:\/\/terragina.de\/blog\/wp-content\/uploads\/2010\/06\/Nala_20100620_00.jpg\" width=\"580\" height=\"435\" alt=\"Nala_20100620_00.jpg\" \/>\n<\/div>\n<div style=\"text-align: center;\">\n  \n<\/div>\n<div style=\"text-align: center;\">\n  <img loading=\"lazy\" decoding=\"async\" src=\"http:\/\/terragina.de\/blog\/wp-content\/uploads\/2010\/06\/Nala_20100620_01.jpg\" width=\"580\" height=\"435\" alt=\"Nala_20100620_01.jpg\" \/>\n<\/div>\n<p>Bei ca. 19 Grad hat sie heute die meiste Zeit des Tages draussen im Freigang verbracht. Recht hat sie!<\/p>\n<p>Ich werde mich jetzt auch auf die Couch verziehen und in K\u00c3\u00bcrze das Spiel ansehen. Oder doch lieber die Kocharena? Wir werden sehen&#8230;<\/p>\n<p>Euch allen w\u00c3\u00bcnsche ich einen guten Start in die neue Woche morgen, leider ist das Wochenende schon wieder fast rum&#8230;<\/p>\n","protected":false},"excerpt":{"rendered":"<p>Was macht man an einem Tag, wo es in weiten Teilen Deutschlands regnet und viel zu kalt ist f\u00c3\u00bcr diese Jahreszeit? Gut, bei uns hat es nicht geregnet, trotzdem war es wirklich nicht besonders angenehm draussen. Ich will jetzt endlich 25\u00c2\u00b0 und Sonnenschein. :yes1: Also, was macht man an einem solchen Tag? Man widmet sich den Dingen, zu denen man nicht kommt, wenn frau frei hat und das Wetter sch\u00c3\u00b6n ist. Und so habe ich zwischendurch immer mal wieder meinen Macci aufger\u00c3\u00a4umt. Programme installiert und de-installiert, hier ein wenig getestet und dort ein paar Dateien verschoben. Die Gelegenheit war g\u00c3\u00bcnstig. An dieser Stelle auch mal wieder seit langem ein kleiner Apple-Tipp von mir: Beim Rumsuchen nach Freeware f\u00c3\u00bcr den Macci sind wir gestern \u00c3\u00bcber dieses kleine Proggi gestossen. Ein kleines Tool, mit dem sich mehrere Finder-Fenster in Tabs einrichten lassen (\u00c3\u00a4hnlich wie bei Firefox z.B.) und so die Navigation erleichtern sollen. Ich bin noch am Ausprobieren, aber es macht schon mal einen guten Eindruck. Gekocht hat heute \u00c3\u00bcbrigens der Hobbykoch (endlich geht es ihm wieder &hellip;<\/p>\n","protected":false},"author":1,"featured_media":0,"comment_status":"open","ping_status":"open","sticky":false,"template":"","format":"standard","meta":{"_jetpack_newsletter_access":"","_jetpack_dont_email_post_to_subs":false,"_jetpack_newsletter_tier_id":0,"_jetpack_memberships_contains_paywalled_content":false,"_jetpack_memberships_contains_paid_content":false,"footnotes":""},"categories":[114,70],"tags":[369,973],"class_list":["post-3880","post","type-post","status-publish","format-standard","hentry","category-plauderecke","category-rund_um_den_mac","tag-fussball","tag-plauderecke"],"jetpack_sharing_enabled":true,"jetpack_shortlink":"https:\/\/wp.me\/pq7aY-10A","jetpack_likes_enabled":true,"jetpack-related-posts":[],"jetpack_featured_media_url":"","_links":{"self":[{"href":"https:\/\/terragina.de\/blog\/wp-json\/wp\/v2\/posts\/3880","targetHints":{"allow":["GET"]}}],"collection":[{"href":"https:\/\/terragina.de\/blog\/wp-json\/wp\/v2\/posts"}],"about":[{"href":"https:\/\/terragina.de\/blog\/wp-json\/wp\/v2\/types\/post"}],"author":[{"embeddable":true,"href":"https:\/\/terragina.de\/blog\/wp-json\/wp\/v2\/users\/1"}],"replies":[{"embeddable":true,"href":"https:\/\/terragina.de\/blog\/wp-json\/wp\/v2\/comments?post=3880"}],"version-history":[{"count":0,"href":"https:\/\/terragina.de\/blog\/wp-json\/wp\/v2\/posts\/3880\/revisions"}],"wp:attachment":[{"href":"https:\/\/terragina.de\/blog\/wp-json\/wp\/v2\/media?parent=3880"}],"wp:term":[{"taxonomy":"category","embeddable":true,"href":"https:\/\/terragina.de\/blog\/wp-json\/wp\/v2\/categories?post=3880"},{"taxonomy":"post_tag","embeddable":true,"href":"https:\/\/terragina.de\/blog\/wp-json\/wp\/v2\/tags?post=3880"}],"curies":[{"name":"wp","href":"https:\/\/api.w.org\/{rel}","templated":true}]}}