{"id":3888,"date":"2010-06-21T13:58:54","date_gmt":"2010-06-21T11:58:54","guid":{"rendered":"http:\/\/terragina.de\/blog\/2010\/06\/21\/was-macht-eigentlich-2\/"},"modified":"2011-07-09T10:08:01","modified_gmt":"2011-07-09T08:08:01","slug":"was-macht-eigentlich-2","status":"publish","type":"post","link":"https:\/\/terragina.de\/blog\/2010\/06\/21\/was-macht-eigentlich-2\/","title":{"rendered":"Was macht eigentlich&#8230;"},"content":{"rendered":"<p>&#8230; <a href=\"http:\/\/terragina.de\/blog\/2010\/06\/02\/noch-mehr-pflaenzchen-backofen-ruehrei\/\" title=\"Meine Endless-Summer\">die Hortensie<\/a>?<\/p>\n<div style=\"text-align: center;\">\n  <img loading=\"lazy\" decoding=\"async\" src=\"http:\/\/terragina.de\/blog\/wp-content\/uploads\/2010\/06\/hortensie_01.jpg\" width=\"580\" height=\"435\" alt=\"hortensie_01.jpg\" \/>\n<\/div>\n<p>Sie w\u00c3\u00a4chst und gedeiht. :sing: Ob sie jetzt blau oder rosa werden m\u00c3\u00b6chte, wei\u00c3\u0178 sie wohl noch nicht so ganz genau. Irgendwie ist sie rosa-blau oder blau-rosa. *lol* H\u00c3\u00bcbsch &#8211; ich liebe sie jetzt schon!<\/p>\n<p><\/p>\n<p>&#8230; <a href=\"http:\/\/terragina.de\/blog\/2010\/06\/02\/noch-mehr-pflaenzchen-backofen-ruehrei\/\" title=\"Die Schokoblume\">die Schokoblume<\/a>?<\/p>\n<div style=\"text-align: center;\">\n  <img loading=\"lazy\" decoding=\"async\" src=\"http:\/\/terragina.de\/blog\/wp-content\/uploads\/2010\/06\/schokoblume_01.jpg\" width=\"580\" height=\"435\" alt=\"schokoblume_01.jpg\" \/>\n<\/div>\n<p>Auch sie w\u00c3\u00a4chst und hat sehr viele Knospen. Ich denke, wir werden uns noch lange an ihr erfreuen k\u00c3\u00b6nnen. Leider wurde sie von kleinen schwarzen Bewohnern heimgesucht, so dass der Hobbykoch ein wenig gespr\u00c3\u00bcht hat. Ich hoffe, sie \u00c3\u00bcberstand das Ganze schadlos.<\/p>\n<p><\/p>\n<p>&#8230; das <a href=\"http:\/\/terragina.de\/blog\/2010\/06\/07\/gerade-entdeckt\/\" title=\"Vogelnest im Buchsbaum\">Vogelnest<\/a>?<\/p>\n<p><\/p>\n<p>Hmm, davon gibt\u00c2\u00b4s leider keine guten Nachrichten. :-( Von den vier Eiern ist lediglich eines \u00c3\u00bcbrig geblieben und seit mehreren Tagen schon kommen weder Mutter und Vater zum Nest zur\u00c3\u00bcck. Sehr schade.<\/p>\n<p>An uns kann`s eigentlich nicht gelegen haben, denn wir haben brav die Finger vom Nest weg gelassen und lediglich immer mal vorsichtig hinein gespitzt. Oder war das vielleicht doch schon zu viel?<\/p>\n<p><\/p>\n<p style=\"text-align: center;\">~~~~~~~~~~~~~~~~~~~~~~~~~~~~~~~~~~~~~~~~~<\/p>\n<p><\/p>\n<p><a title=\"Katinkas Sommer-Aktion\" href=\"http:\/\/www.kurzbemerkt.de\/?id=251\"><img loading=\"lazy\" decoding=\"async\" style=\"float: left; margin-right: 10px; margin-bottom: 10px;\" src=\"http:\/\/terragina.de\/blog\/wp-content\/uploads\/2010\/06\/aktionsommer.gif\" width=\"120\" height=\"90\" alt=\"Katinkas Sommer-Aktion\" title=\"Katinkas Wir-locken-den-Fr\u00c3\u00bchling-Aktion\"\/><\/a><\/p>\n<p>Die liebe Katinka hat die Aktion \u00e2\u20ac\u017eWir locken den Sommer\u00e2\u20ac\u009d ins Leben gerufen.In Anbetracht des miesen Wetters eine richtig sch\u00c3\u00b6ne Sache. Ich habe mal ein wenig in meinen Ordnern gest\u00c3\u00b6bert, alldieweil ich heute kurzentschlossen Urlaub genommen habe. Die Gr\u00c3\u00bcnde daf\u00c3\u00bcr sind nicht blog-tauglich, aber ich genie\u00c3\u0178e diesen freien Tag mal einfach nur so. Wenn ich rausschaue, sehe ich einen bew\u00c3\u00b6lkten Himmel. Zwischendurch spitzt immer mal die Sonne raus. Mit 18\u00c2\u00b0C ist`s eindeutig zu kalt f\u00c3\u00bcr diese Jahreszeit.<\/p>\n<p>Zun\u00c3\u00a4chst einmal bin ich ziemlich genau 5 Jahre zur\u00c3\u00bcck gegangen. Dort habe ich eine wundersch\u00c3\u00b6ne Seerose entdeckt, die ich mal bei einem Besuch im <a href=\"http:\/\/www.frankfurt.de\/sixcms\/detail.php?id=2793&amp;_ffmpar[_id_inhalt]=101587\" title=\"Chinesischer Garten Frankfurt\">Chinesischen Garten<\/a> hier in Frankfurt fotografieren konnte:<\/p>\n<div style=\"text-align: center;\">\n  <img loading=\"lazy\" decoding=\"async\" src=\"http:\/\/terragina.de\/blog\/wp-content\/uploads\/2010\/06\/seerose_20050619.jpg\" width=\"580\" height=\"435\" alt=\"seerose_20050619.jpg\" \/>\n<\/div>\n<p><\/p>\n<p>Auch einen kleinen h\u00c3\u00bcbschen Marienk\u00c3\u00a4fer habe ich in meiner Fotosammlung gefunden &#8211; er passt, glaube ich, auch gut in diese Aktion:<\/p>\n<div style=\"text-align: center;\">\n  <img loading=\"lazy\" decoding=\"async\" src=\"http:\/\/terragina.de\/blog\/wp-content\/uploads\/2010\/06\/marienkaefer.jpg\" width=\"580\" height=\"435\" alt=\"marienkaefer.jpg\" \/>\n<\/div>\n<p><\/p>\n<p>Noch ein \u00e2\u20ac\u017esommerliches Tierchen\u00e2\u20ac\u009d gef\u00c3\u00a4llig? Diese Libelle habe ich mal in unserem Urlaub in Polen aufgenommen, das war im August 2005:<\/p>\n<div style=\"text-align: center;\">\n  <img loading=\"lazy\" decoding=\"async\" src=\"http:\/\/terragina.de\/blog\/wp-content\/uploads\/2010\/06\/libelle.jpg\" width=\"580\" height=\"435\" alt=\"libelle.jpg\" \/>\n<\/div>\n<p style=\"text-align: center;\"><b>Sommer<\/b><\/p>\n<div style=\"text-align: center;\">\n  <i>Alter Wettergott,<\/i>\n<\/div>\n<div style=\"text-align: center;\">\n  <i><span style=\"font-style: normal;\"><i>gie\u00c3\u0178e die Wolken aus,<\/i><\/span><br \/><\/i>\n<\/div>\n<div style=\"text-align: center;\">\n  <span style=\"font-style: normal;\"><i>sp\u00c3\u00bcle D\u00c3\u00a4cher und Wege<\/i><\/span>\n<\/div>\n<div style=\"text-align: center;\">\n  <span style=\"font-style: normal;\"><i>und sch\u00c3\u00bctte Hagelk\u00c3\u00b6rner<\/i><\/span>\n<\/div>\n<div style=\"text-align: center;\">\n  <span style=\"font-style: normal;\"><i>\u00c3\u00bcber den Weizen,<\/i><\/span>\n<\/div>\n<div style=\"text-align: center;\">\n  <span style=\"font-style: normal;\"><i>damit wir uns neigen<\/i><\/span>\n<\/div>\n<div style=\"text-align: center;\">\n  <span style=\"font-style: normal;\"><i>und deine Macht<\/i><\/span>\n<\/div>\n<div style=\"text-align: center;\">\n  <span style=\"font-style: normal;\"><i>bewundern.<\/i><\/span>\n<\/div>\n<div style=\"text-align: center;\">\n  <span style=\"font-style: normal;\"><i>Aber dann<\/i><\/span>\n<\/div>\n<div style=\"text-align: center;\">\n  <span style=\"font-style: normal;\"><i>la\u00c3\u0178 uns auch<\/i><\/span>\n<\/div>\n<div style=\"text-align: center;\">\n  <span style=\"font-style: normal;\"><i>die Sonne sehen,<\/i><\/span>\n<\/div>\n<div style=\"text-align: center;\">\n  <span style=\"font-style: normal;\"><i>W\u00c3\u00a4rme und Wollust atmen<\/i><\/span>\n<\/div>\n<div style=\"text-align: center;\">\n  <span style=\"font-style: normal;\"><i>und nach der reifen F\u00c3\u00bclle<\/i><\/span>\n<\/div>\n<div style=\"text-align: center;\">\n  <span style=\"font-style: normal;\"><i>des Tags<\/i><\/span>\n<\/div>\n<div style=\"text-align: center;\">\n  <span style=\"font-style: normal;\"><i>in die Sternennacht<\/i><\/span>\n<\/div>\n<div style=\"text-align: center;\">\n  <span style=\"font-style: normal;\"><i>tr\u00c3\u00a4umen.<\/i><\/span>\n<\/div>\n<div style=\"text-align: center;\">\n  <i><span style=\"font-style: normal;\"><i>(Don Quixote &#8211; <a href=\"http:\/\/www.geburtstagsgedichte-liebesgedichte.de\" title=\"Gedicht gefunden bei Geburtstagsgedichte-Liebesgedichte.de\">Quelle<\/a>)<\/i><\/span><br \/><\/i>\n<\/div>\n<p><i><br \/><\/i>Wir werden sehen, ob ich noch mehr Bilder f\u00c3\u00bcr das Projekt von Katinka zusammen bekomme. ;)<\/p>\n","protected":false},"excerpt":{"rendered":"<p>&#8230; die Hortensie? Sie w\u00c3\u00a4chst und gedeiht. :sing: Ob sie jetzt blau oder rosa werden m\u00c3\u00b6chte, wei\u00c3\u0178 sie wohl noch nicht so ganz genau. Irgendwie ist sie rosa-blau oder blau-rosa. *lol* H\u00c3\u00bcbsch &#8211; ich liebe sie jetzt schon! &#8230; die Schokoblume? Auch sie w\u00c3\u00a4chst und hat sehr viele Knospen. Ich denke, wir werden uns noch lange an ihr erfreuen k\u00c3\u00b6nnen. Leider wurde sie von kleinen schwarzen Bewohnern heimgesucht, so dass der Hobbykoch ein wenig gespr\u00c3\u00bcht hat. Ich hoffe, sie \u00c3\u00bcberstand das Ganze schadlos. &#8230; das Vogelnest? Hmm, davon gibt\u00c2\u00b4s leider keine guten Nachrichten. :-( Von den vier Eiern ist lediglich eines \u00c3\u00bcbrig geblieben und seit mehreren Tagen schon kommen weder Mutter und Vater zum Nest zur\u00c3\u00bcck. Sehr schade. An uns kann`s eigentlich nicht gelegen haben, denn wir haben brav die Finger vom Nest weg gelassen und lediglich immer mal vorsichtig hinein gespitzt. Oder war das vielleicht doch schon zu viel? ~~~~~~~~~~~~~~~~~~~~~~~~~~~~~~~~~~~~~~~~~ Die liebe Katinka hat die Aktion \u00e2\u20ac\u017eWir locken den Sommer\u00e2\u20ac\u009d ins Leben gerufen.In Anbetracht des miesen Wetters eine richtig sch\u00c3\u00b6ne Sache. Ich habe mal &hellip;<\/p>\n","protected":false},"author":1,"featured_media":0,"comment_status":"open","ping_status":"open","sticky":false,"template":"","format":"standard","meta":{"_jetpack_newsletter_access":"","_jetpack_dont_email_post_to_subs":false,"_jetpack_newsletter_tier_id":0,"_jetpack_memberships_contains_paywalled_content":false,"_jetpack_memberships_contains_paid_content":false,"footnotes":""},"categories":[114],"tags":[975,973],"class_list":["post-3888","post","type-post","status-publish","format-standard","hentry","category-plauderecke","tag-blumen","tag-plauderecke"],"jetpack_sharing_enabled":true,"jetpack_shortlink":"https:\/\/wp.me\/pq7aY-10I","jetpack_likes_enabled":true,"jetpack-related-posts":[],"jetpack_featured_media_url":"","_links":{"self":[{"href":"https:\/\/terragina.de\/blog\/wp-json\/wp\/v2\/posts\/3888","targetHints":{"allow":["GET"]}}],"collection":[{"href":"https:\/\/terragina.de\/blog\/wp-json\/wp\/v2\/posts"}],"about":[{"href":"https:\/\/terragina.de\/blog\/wp-json\/wp\/v2\/types\/post"}],"author":[{"embeddable":true,"href":"https:\/\/terragina.de\/blog\/wp-json\/wp\/v2\/users\/1"}],"replies":[{"embeddable":true,"href":"https:\/\/terragina.de\/blog\/wp-json\/wp\/v2\/comments?post=3888"}],"version-history":[{"count":0,"href":"https:\/\/terragina.de\/blog\/wp-json\/wp\/v2\/posts\/3888\/revisions"}],"wp:attachment":[{"href":"https:\/\/terragina.de\/blog\/wp-json\/wp\/v2\/media?parent=3888"}],"wp:term":[{"taxonomy":"category","embeddable":true,"href":"https:\/\/terragina.de\/blog\/wp-json\/wp\/v2\/categories?post=3888"},{"taxonomy":"post_tag","embeddable":true,"href":"https:\/\/terragina.de\/blog\/wp-json\/wp\/v2\/tags?post=3888"}],"curies":[{"name":"wp","href":"https:\/\/api.w.org\/{rel}","templated":true}]}}