{"id":3895,"date":"2010-06-22T16:12:16","date_gmt":"2010-06-22T14:12:16","guid":{"rendered":"http:\/\/terragina.de\/blog\/2010\/06\/22\/ein-paar-nala-impressionen\/"},"modified":"2011-07-09T10:07:59","modified_gmt":"2011-07-09T08:07:59","slug":"ein-paar-nala-impressionen","status":"publish","type":"post","link":"https:\/\/terragina.de\/blog\/2010\/06\/22\/ein-paar-nala-impressionen\/","title":{"rendered":"Ein paar Nala-Impressionen"},"content":{"rendered":"<p>Die Sonne scheint!<\/p>\n<p>20\u00c2\u00b0C &#8211; <span style=\"text-decoration: line-through\">es k\u00c3\u00b6nnte w\u00c3\u00a4rmer sein<\/span> alles ist gut.<\/p>\n<p>Und in den n\u00c3\u00a4chsten Tagen soll es immer ein St\u00c3\u00bcckchen w\u00c3\u00a4rmer werden.<\/p>\n<p>Nala ist bei diesem Wetter fast den ganzen Tag drau\u00c3\u0178en zu finden. Lediglich f\u00c3\u00bcr den \u00e2\u20ac\u017eKlogang\u00e2\u20ac\u009d oder zum Fressen und Trinken kommt sie rein. Gerade eben bin ich mal zu ihr in den Freigang gestiegen, habe die Bretter ein wenig gereinigt und ein paar Schnappsch\u00c3\u00bcsse gemacht, die ich den Katzenfans von Euch gerne zeigen m\u00c3\u00b6chte.<\/p>\n<p>Viel zu sagen gibt es dazu nicht, ich freue mich, dass ich mal nicht nur die \u00e2\u20ac\u017eIch-bin-ja-so-niedlich-Fotos\u00e2\u20ac\u009d gemacht habe. Jaaa, das ist unsere Nala &#8211; und vielleicht erkennt man bzw. frau hier auch, dass die kleine Nalamaus doch von Zeit zu Zeit den Schalk im Nacken sitzen hat. :yes:<\/p>\n<p><\/p>\n<div style=\"text-align: center;\">\n  \n<\/div>\n<div style=\"text-align: center;\">\n  <img loading=\"lazy\" decoding=\"async\" src=\"http:\/\/terragina.de\/blog\/wp-content\/uploads\/2010\/06\/nala_20100622_01.jpg\" width=\"580\" height=\"435\" alt=\"nala_20100622_01.jpg\" \/>\n<\/div>\n<div style=\"text-align: center;\">\n  \n<\/div>\n<div style=\"text-align: center;\">\n  <img loading=\"lazy\" decoding=\"async\" src=\"http:\/\/terragina.de\/blog\/wp-content\/uploads\/2010\/06\/nala_20100622_02.jpg\" width=\"580\" height=\"435\" alt=\"nala_20100622_02.jpg\" \/>\n<\/div>\n<div style=\"text-align: center;\">\n  \n<\/div>\n<div style=\"text-align: center;\">\n  <img loading=\"lazy\" decoding=\"async\" src=\"http:\/\/terragina.de\/blog\/wp-content\/uploads\/2010\/06\/nala_20100622_03.jpg\" width=\"580\" height=\"435\" alt=\"nala_20100622_03.jpg\" \/>\n<\/div>\n<div style=\"text-align: center;\">\n  \n<\/div>\n<div style=\"text-align: center;\">\n  <img loading=\"lazy\" decoding=\"async\" src=\"http:\/\/terragina.de\/blog\/wp-content\/uploads\/2010\/06\/nala_20100622_04.jpg\" width=\"580\" height=\"435\" alt=\"nala_20100622_04.jpg\" \/>\n<\/div>\n<div style=\"text-align: center;\">\n  \n<\/div>\n<div style=\"text-align: center;\">\n  <img loading=\"lazy\" decoding=\"async\" src=\"http:\/\/terragina.de\/blog\/wp-content\/uploads\/2010\/06\/nala_20100622_05.jpg\" width=\"580\" height=\"435\" alt=\"nala_20100622_05.jpg\" \/>\n<\/div>\n<div style=\"text-align: center;\">\n  \n<\/div>\n<div style=\"text-align: center;\">\n  <img loading=\"lazy\" decoding=\"async\" src=\"http:\/\/terragina.de\/blog\/wp-content\/uploads\/2010\/06\/nala_20100622_06.jpg\" width=\"580\" height=\"435\" alt=\"nala_20100622_06.jpg\" \/>\n<\/div>\n<p>Sch\u00c3\u00b6ne Z\u00c3\u00a4hnchen hat sie, nicht wahr? ;-)<\/p>\n","protected":false},"excerpt":{"rendered":"<p>Die Sonne scheint! 20\u00c2\u00b0C &#8211; es k\u00c3\u00b6nnte w\u00c3\u00a4rmer sein alles ist gut. Und in den n\u00c3\u00a4chsten Tagen soll es immer ein St\u00c3\u00bcckchen w\u00c3\u00a4rmer werden. Nala ist bei diesem Wetter fast den ganzen Tag drau\u00c3\u0178en zu finden. Lediglich f\u00c3\u00bcr den \u00e2\u20ac\u017eKlogang\u00e2\u20ac\u009d oder zum Fressen und Trinken kommt sie rein. Gerade eben bin ich mal zu ihr in den Freigang gestiegen, habe die Bretter ein wenig gereinigt und ein paar Schnappsch\u00c3\u00bcsse gemacht, die ich den Katzenfans von Euch gerne zeigen m\u00c3\u00b6chte. Viel zu sagen gibt es dazu nicht, ich freue mich, dass ich mal nicht nur die \u00e2\u20ac\u017eIch-bin-ja-so-niedlich-Fotos\u00e2\u20ac\u009d gemacht habe. Jaaa, das ist unsere Nala &#8211; und vielleicht erkennt man bzw. frau hier auch, dass die kleine Nalamaus doch von Zeit zu Zeit den Schalk im Nacken sitzen hat. :yes: Sch\u00c3\u00b6ne Z\u00c3\u00a4hnchen hat sie, nicht wahr? ;-)<\/p>\n","protected":false},"author":1,"featured_media":0,"comment_status":"open","ping_status":"open","sticky":false,"template":"","format":"standard","meta":{"_jetpack_newsletter_access":"","_jetpack_dont_email_post_to_subs":false,"_jetpack_newsletter_tier_id":0,"_jetpack_memberships_contains_paywalled_content":false,"_jetpack_memberships_contains_paid_content":false,"footnotes":""},"categories":[],"tags":[39,353],"class_list":["post-3895","post","type-post","status-publish","format-standard","hentry","tag-katzen","tag-nala"],"jetpack_sharing_enabled":true,"jetpack_shortlink":"https:\/\/wp.me\/pq7aY-10P","jetpack_likes_enabled":true,"jetpack-related-posts":[],"jetpack_featured_media_url":"","_links":{"self":[{"href":"https:\/\/terragina.de\/blog\/wp-json\/wp\/v2\/posts\/3895","targetHints":{"allow":["GET"]}}],"collection":[{"href":"https:\/\/terragina.de\/blog\/wp-json\/wp\/v2\/posts"}],"about":[{"href":"https:\/\/terragina.de\/blog\/wp-json\/wp\/v2\/types\/post"}],"author":[{"embeddable":true,"href":"https:\/\/terragina.de\/blog\/wp-json\/wp\/v2\/users\/1"}],"replies":[{"embeddable":true,"href":"https:\/\/terragina.de\/blog\/wp-json\/wp\/v2\/comments?post=3895"}],"version-history":[{"count":0,"href":"https:\/\/terragina.de\/blog\/wp-json\/wp\/v2\/posts\/3895\/revisions"}],"wp:attachment":[{"href":"https:\/\/terragina.de\/blog\/wp-json\/wp\/v2\/media?parent=3895"}],"wp:term":[{"taxonomy":"category","embeddable":true,"href":"https:\/\/terragina.de\/blog\/wp-json\/wp\/v2\/categories?post=3895"},{"taxonomy":"post_tag","embeddable":true,"href":"https:\/\/terragina.de\/blog\/wp-json\/wp\/v2\/tags?post=3895"}],"curies":[{"name":"wp","href":"https:\/\/api.w.org\/{rel}","templated":true}]}}