{"id":3912,"date":"2010-06-24T18:30:56","date_gmt":"2010-06-24T16:30:56","guid":{"rendered":"http:\/\/terragina.de\/blog\/2010\/06\/24\/heut-ist-so-ein-schoener-tag\/"},"modified":"2011-07-09T10:07:51","modified_gmt":"2011-07-09T08:07:51","slug":"heut-ist-so-ein-schoener-tag","status":"publish","type":"post","link":"https:\/\/terragina.de\/blog\/2010\/06\/24\/heut-ist-so-ein-schoener-tag\/","title":{"rendered":"Heut` ist so ein sch\u00c3\u00b6ner Tag"},"content":{"rendered":"<p>Traumhaft&#8230; einfach traumhaft war es heute. :dance: Sommerliche Temperaturen, strahlender Sonnenschein &#8211; herrlich!<\/p>\n<p>W\u00c3\u00a4hrend der Hobbykoch sich das Italien-Spiel angesehen hat, war ich mit dem Tochterkind ein wenig shoppen. Sch\u00c3\u00b6n war`s und das Kind hat auch endlich die Sommer-Klamotten gefunden, die sie <s>sich schon seit einem Weilchen gew\u00c3\u00bcnscht hat<\/s> recht n\u00c3\u00b6tig gebraucht hat. Endlich Wetter f\u00c3\u00bcr kurze Hosen und Tops &#8211; ja, das Sommerm\u00c3\u00a4rchen hat nun begonnen (in jeglicher Hinsicht&#8230;). Und auch ich wurde nach l\u00c3\u00a4ngerer Suche f\u00c3\u00bcndig&#8230;.<\/p>\n<div style=\"text-align: center;\">\n  <img loading=\"lazy\" decoding=\"async\" src=\"http:\/\/terragina.de\/blog\/wp-content\/uploads\/2010\/06\/sunglasses.jpg\" width=\"580\" height=\"435\" alt=\"sunglasses.jpg\" \/>\n<\/div>\n<div style=\"text-align: left;\">\n  <br \/>\n  Geht es Euch eigentlich auch so, dass es wahnsinnig schwer ist, ein sch\u00c3\u00b6nes Sonnenbrillenmodell zu finden? Ich gebe ja gerne zu, da\u00c3\u0178 ich (nahezu alle Jahre wieder&#8230; :blush: &#8230;) in dieser Beziehung einen kleinen Feable habe &#8211; aber nur einen gaaanz kleinen. ;-) Und ich mu\u00c3\u0178 immer recht lange suchen, bis ich ein passendes Modell finde, welches wenigstens ann\u00c3\u00a4hernd in (oder zu?) meinem Gesicht passt. Eine schwarze sollte es sein und nicht zu gro\u00c3\u0178 und nicht zu breit. Aber ich hatte ja meine junge Beraterin dabei und schlie\u00c3\u0178lich wurde ich auch im dritten Gesch\u00c3\u00a4ft f\u00c3\u00bcndig.\n<\/div>\n<div style=\"text-align: left;\">\n  \n<\/div>\n<div style=\"text-align: left;\">\n  Bevor wir uns wieder auf den Heimweg machten, g\u00c3\u00b6nnten wir uns das erste italienische Eis des Jahres.. hmmm, das war wirklich lecker. Die Italiener sollten lieber Eis machen als Fu\u00c3\u0178ball spielen, das k\u00c3\u00b6nnen sie in dieser WM definitiv besser. *lol*\n<\/div>\n<p><\/p>\n<div style=\"text-align: center;\">\n  <img loading=\"lazy\" decoding=\"async\" src=\"http:\/\/terragina.de\/blog\/wp-content\/uploads\/2010\/06\/eiscreme.jpg\" width=\"580\" height=\"435\" alt=\"eiscreme.jpg\" \/>\n<\/div>\n<p>Das ist schon fast Urlaubs-Feeling&#8230;<\/p>\n<p>Auch wenn wir in diesem Jahr keinen Urlaub machen werden, so liegen doch bald zwei Wochen Terrassien vor uns. (Bis dahin genie\u00c3\u0178en wir das <s>hoffentlich<\/s> noch andauernde Fu\u00c3\u0178ball-Sommerm\u00c3\u00a4rchen.) Gut, wir m\u00c3\u00bcssen noch ein wenig auf die ersehnten freien Tage warten, aber die Sch\u00c3\u00bcler haben jetzt nur noch 6 Schultage und dann beginnen hier im Hessenland die gro\u00c3\u0178en Ferien. Klar ist die Freude gro\u00c3\u0178! Hoffentlich h\u00c3\u00a4lt das sch\u00c3\u00b6ne Wetter nun auch mal eine Weile an!<\/p>\n<p>Der Hobbykoch und ich m\u00c3\u00bcssen sogar noch ein wenig l\u00c3\u00a4nger warten. Zwei Wochen, um genau zu sein. Das hei\u00c3\u0178t, vor uns liegen noch 8 bzw. 10 Arbeitstage (obwohl, ich glaube, der Hobbykoch hat sogar ein oder zwei Tage fr\u00c3\u00bcher Urlaub als ich).<\/p>\n<p>\u00c3\u0153brigens hatte ich heute den <a href=\"http:\/\/terragina.de\/blog\/2010\/06\/23\/werden-wir-es-schaffen\/\" title=\"zum vorherigen Blogeintrag\">Jubelball<\/a> tats\u00c3\u00a4chlich mit in der Firma und konnte s\u00c3\u00a4mtlichen Kollegen ein L\u00c3\u00a4cheln abringen. Ein Tag, der sich allein deswegen schon gelohnt hat!<\/p>\n<p>Nun werde ich mich noch ein wenig auf die Terrasse setzen und die angenehmen Temperaturen genie\u00c3\u0178en, sp\u00c3\u00a4ter gibt`s dann Fu\u00c3\u0178ball. Ich mu\u00c3\u0178 doch sehen, was die Niederl\u00c3\u00a4nder heute machen&#8230; einen sch\u00c3\u00b6nen Abend allerseits! :sing:<\/p>\n","protected":false},"excerpt":{"rendered":"<p>Traumhaft&#8230; einfach traumhaft war es heute. :dance: Sommerliche Temperaturen, strahlender Sonnenschein &#8211; herrlich! W\u00c3\u00a4hrend der Hobbykoch sich das Italien-Spiel angesehen hat, war ich mit dem Tochterkind ein wenig shoppen. Sch\u00c3\u00b6n war`s und das Kind hat auch endlich die Sommer-Klamotten gefunden, die sie sich schon seit einem Weilchen gew\u00c3\u00bcnscht hat recht n\u00c3\u00b6tig gebraucht hat. Endlich Wetter f\u00c3\u00bcr kurze Hosen und Tops &#8211; ja, das Sommerm\u00c3\u00a4rchen hat nun begonnen (in jeglicher Hinsicht&#8230;). Und auch ich wurde nach l\u00c3\u00a4ngerer Suche f\u00c3\u00bcndig&#8230;. Geht es Euch eigentlich auch so, dass es wahnsinnig schwer ist, ein sch\u00c3\u00b6nes Sonnenbrillenmodell zu finden? Ich gebe ja gerne zu, da\u00c3\u0178 ich (nahezu alle Jahre wieder&#8230; :blush: &#8230;) in dieser Beziehung einen kleinen Feable habe &#8211; aber nur einen gaaanz kleinen. ;-) Und ich mu\u00c3\u0178 immer recht lange suchen, bis ich ein passendes Modell finde, welches wenigstens ann\u00c3\u00a4hernd in (oder zu?) meinem Gesicht passt. Eine schwarze sollte es sein und nicht zu gro\u00c3\u0178 und nicht zu breit. Aber ich hatte ja meine junge Beraterin dabei und schlie\u00c3\u0178lich wurde ich auch im dritten Gesch\u00c3\u00a4ft f\u00c3\u00bcndig. Bevor wir &hellip;<\/p>\n","protected":false},"author":1,"featured_media":0,"comment_status":"open","ping_status":"closed","sticky":false,"template":"","format":"standard","meta":{"_jetpack_newsletter_access":"","_jetpack_dont_email_post_to_subs":false,"_jetpack_newsletter_tier_id":0,"_jetpack_memberships_contains_paywalled_content":false,"_jetpack_memberships_contains_paid_content":false,"footnotes":""},"categories":[2,114],"tags":[957,973],"class_list":["post-3912","post","type-post","status-publish","format-standard","hentry","category-foto","category-plauderecke","tag-foto","tag-plauderecke"],"jetpack_sharing_enabled":true,"jetpack_shortlink":"https:\/\/wp.me\/pq7aY-116","jetpack_likes_enabled":true,"jetpack-related-posts":[],"jetpack_featured_media_url":"","_links":{"self":[{"href":"https:\/\/terragina.de\/blog\/wp-json\/wp\/v2\/posts\/3912","targetHints":{"allow":["GET"]}}],"collection":[{"href":"https:\/\/terragina.de\/blog\/wp-json\/wp\/v2\/posts"}],"about":[{"href":"https:\/\/terragina.de\/blog\/wp-json\/wp\/v2\/types\/post"}],"author":[{"embeddable":true,"href":"https:\/\/terragina.de\/blog\/wp-json\/wp\/v2\/users\/1"}],"replies":[{"embeddable":true,"href":"https:\/\/terragina.de\/blog\/wp-json\/wp\/v2\/comments?post=3912"}],"version-history":[{"count":0,"href":"https:\/\/terragina.de\/blog\/wp-json\/wp\/v2\/posts\/3912\/revisions"}],"wp:attachment":[{"href":"https:\/\/terragina.de\/blog\/wp-json\/wp\/v2\/media?parent=3912"}],"wp:term":[{"taxonomy":"category","embeddable":true,"href":"https:\/\/terragina.de\/blog\/wp-json\/wp\/v2\/categories?post=3912"},{"taxonomy":"post_tag","embeddable":true,"href":"https:\/\/terragina.de\/blog\/wp-json\/wp\/v2\/tags?post=3912"}],"curies":[{"name":"wp","href":"https:\/\/api.w.org\/{rel}","templated":true}]}}