{"id":4019,"date":"2010-07-11T16:27:50","date_gmt":"2010-07-11T14:27:50","guid":{"rendered":"http:\/\/terragina.de\/blog\/2010\/07\/11\/endlich-teenager\/"},"modified":"2011-07-09T10:06:58","modified_gmt":"2011-07-09T08:06:58","slug":"endlich-teenager","status":"publish","type":"post","link":"https:\/\/terragina.de\/blog\/2010\/07\/11\/endlich-teenager\/","title":{"rendered":"Endlich Teenager!"},"content":{"rendered":"<p>Wie hat er sich auf diesen Tag gefreut, der Sohnemann. :sing: Hat schon seit Tagen von nicht viel Anderem gesprochen und gestern war er nun endlich da &#8211; der 13. Geburtstag.<\/p>\n<p>Schon fr\u00c3\u00bch wurde er wach <s style=\"text-decoration: line-through\">und wollte die Mama wecken<\/s> und die Mama war schon seit einer Stunde auf den Beinen. Hatte sie doch den Tisch schon vorbereitet und freute sich auf das Gesicht, wenn er sein P\u00c3\u00a4ckchen auspackt. Einen gro\u00c3\u0178en Wunsch hatte er und in diesem Jahr wollten wir ihn ihm erf\u00c3\u00bcllen. Er ist jetzt gro\u00c3\u0178 genug. Auch wenn der Hersteller meint, dass erst Kinder ab 15 Jahren damit spielen sollten. Wir denken, er ist reif und vern\u00c3\u00bcnftig genug daf\u00c3\u00bcr und wird sie h\u00c3\u00bcten wie seinen Augapfel.<\/p>\n<p>Von was die Rede ist? Von einer klitzekleinen Modelleisenbahn &#8211; der kleinsten von M\u00c3\u00a4r*klin, der Spur Z. Liebevoll gearbeitet bis ins kleinste Detail, so dass man (und frau) nur staunen kann. Der Bub war seelig und h\u00c3\u00a4tte er keine Ohren, h\u00c3\u00a4tte er wohl im Kreis gegrinst.<\/p>\n<div style=\"text-align: center;\">\n  <a href=\"http:\/\/terragina.de\/blog\/wp-content\/uploads\/2010\/07\/collage_sohnemann.jpg\" rel=\"lightbox[4019]\"><img loading=\"lazy\" decoding=\"async\" src=\"http:\/\/terragina.de\/blog\/wp-content\/uploads\/2010\/07\/collage_sohnemann-tm.jpg\" width=\"460\" height=\"345\" title=\"Meine erste eigene Modell-Eisenbahn\" alt=\"collage_sohnemann.jpg\" \/><\/a>\n<\/div>\n<p style=\"text-align: center;\"><i>~klick macht gro\u00c3\u0178 ~<\/i><\/p>\n<p><\/p>\n<p>In diesem Jahr hatte er noch einen au\u00c3\u0178ergew\u00c3\u00b6hnlichen Wunsch. Da war zum einen die Limetten-Rolle, zum anderen ein \u00e2\u20ac\u017eFamilientag\u00e2\u20ac\u009d. Das wollten wir ihm nat\u00c3\u00bcrlich gerne erf\u00c3\u00bcllen und \u00c3\u00bcberlegten, wie wir den Tag sch\u00c3\u00b6n gestalten, was gar nicht so einfach ist bei einer Wettervorhersage von 36\u00c2\u00b0C aufw\u00c3\u00a4rts.<\/p>\n<p>So entf\u00c3\u00bchrten wir den jungen Mann zun\u00c3\u00a4chst in eine sch\u00c3\u00b6ne Eisdiele, wo es lecker Spaghettieis gab. Anschlie\u00c3\u0178end ging es dann weiter ins n\u00c3\u00a4chste \u00c3\u2013rtchen, wo wir die Karten f\u00c3\u00bcr den Kinobesuch am Nachmittag bereits vorbestellt hatten. \u00e2\u20ac\u017eShrek 4\u00e2\u20ac\u009d stand auf dem Plan &#8211; der Name verpflichtet. *lol* Sch\u00c3\u00b6n war er, der Film. Aber wir sind zu dem Schlu\u00c3\u0178 gekommen, dass die ersten beiden Teile noch sch\u00c3\u00b6ner, gelungener und vor allem lustiger waren.<\/p>\n<p>Am fr\u00c3\u00bchen Abend waren wir dann wieder daheim. Grillgut und Salat wurden vorbereitet, wenige geladene G\u00c3\u00a4ste empfangen und vor dem sch\u00c3\u00b6nen kleinen Finale noch lecker gegrillt.<\/p>\n<p>Wer sich jetzt fragt, ob er nicht lieber mit seinen Freunden gefeiert h\u00c3\u00a4tte?!<\/p>\n<p>Nein, wohl nicht zuletzt auch aus dem Grund, dass viele bereits in den Ferien sind. Er w\u00c3\u00bcnschte sich einen Tag mit der Familie &#8211; und den hat er bekommen. Und ich glaube, er hat ihn rundum genossen, denn am Abend nahm er mich in den Arm und sagte: \u00e2\u20ac\u009dMama, das war so ein toller Tag &#8211; vielen Dank!\u00e2\u20ac\u009d :hearts: Der Papa wurde nat\u00c3\u00bcrlich ebenfalls gedr\u00c3\u00bcckt. ;-)<\/p>\n","protected":false},"excerpt":{"rendered":"<p>Wie hat er sich auf diesen Tag gefreut, der Sohnemann. :sing: Hat schon seit Tagen von nicht viel Anderem gesprochen und gestern war er nun endlich da &#8211; der 13. Geburtstag. Schon fr\u00c3\u00bch wurde er wach und wollte die Mama wecken und die Mama war schon seit einer Stunde auf den Beinen. Hatte sie doch den Tisch schon vorbereitet und freute sich auf das Gesicht, wenn er sein P\u00c3\u00a4ckchen auspackt. Einen gro\u00c3\u0178en Wunsch hatte er und in diesem Jahr wollten wir ihn ihm erf\u00c3\u00bcllen. Er ist jetzt gro\u00c3\u0178 genug. Auch wenn der Hersteller meint, dass erst Kinder ab 15 Jahren damit spielen sollten. Wir denken, er ist reif und vern\u00c3\u00bcnftig genug daf\u00c3\u00bcr und wird sie h\u00c3\u00bcten wie seinen Augapfel. Von was die Rede ist? Von einer klitzekleinen Modelleisenbahn &#8211; der kleinsten von M\u00c3\u00a4r*klin, der Spur Z. Liebevoll gearbeitet bis ins kleinste Detail, so dass man (und frau) nur staunen kann. Der Bub war seelig und h\u00c3\u00a4tte er keine Ohren, h\u00c3\u00a4tte er wohl im Kreis gegrinst. ~klick macht gro\u00c3\u0178 ~ In diesem Jahr hatte er noch &hellip;<\/p>\n","protected":false},"author":1,"featured_media":0,"comment_status":"open","ping_status":"open","sticky":false,"template":"","format":"standard","meta":{"_jetpack_newsletter_access":"","_jetpack_dont_email_post_to_subs":false,"_jetpack_newsletter_tier_id":0,"_jetpack_memberships_contains_paywalled_content":false,"_jetpack_memberships_contains_paid_content":false,"footnotes":""},"categories":[114],"tags":[973],"class_list":["post-4019","post","type-post","status-publish","format-standard","hentry","category-plauderecke","tag-plauderecke"],"jetpack_sharing_enabled":true,"jetpack_shortlink":"https:\/\/wp.me\/pq7aY-12P","jetpack_likes_enabled":true,"jetpack-related-posts":[],"jetpack_featured_media_url":"","_links":{"self":[{"href":"https:\/\/terragina.de\/blog\/wp-json\/wp\/v2\/posts\/4019","targetHints":{"allow":["GET"]}}],"collection":[{"href":"https:\/\/terragina.de\/blog\/wp-json\/wp\/v2\/posts"}],"about":[{"href":"https:\/\/terragina.de\/blog\/wp-json\/wp\/v2\/types\/post"}],"author":[{"embeddable":true,"href":"https:\/\/terragina.de\/blog\/wp-json\/wp\/v2\/users\/1"}],"replies":[{"embeddable":true,"href":"https:\/\/terragina.de\/blog\/wp-json\/wp\/v2\/comments?post=4019"}],"version-history":[{"count":0,"href":"https:\/\/terragina.de\/blog\/wp-json\/wp\/v2\/posts\/4019\/revisions"}],"wp:attachment":[{"href":"https:\/\/terragina.de\/blog\/wp-json\/wp\/v2\/media?parent=4019"}],"wp:term":[{"taxonomy":"category","embeddable":true,"href":"https:\/\/terragina.de\/blog\/wp-json\/wp\/v2\/categories?post=4019"},{"taxonomy":"post_tag","embeddable":true,"href":"https:\/\/terragina.de\/blog\/wp-json\/wp\/v2\/tags?post=4019"}],"curies":[{"name":"wp","href":"https:\/\/api.w.org\/{rel}","templated":true}]}}