{"id":4027,"date":"2010-07-12T16:24:13","date_gmt":"2010-07-12T14:24:13","guid":{"rendered":"http:\/\/terragina.de\/blog\/2010\/07\/12\/rien-ne-va-plus\/"},"modified":"2011-07-09T10:06:56","modified_gmt":"2011-07-09T08:06:56","slug":"rien-ne-va-plus","status":"publish","type":"post","link":"https:\/\/terragina.de\/blog\/2010\/07\/12\/rien-ne-va-plus\/","title":{"rendered":"Rien ne va plus"},"content":{"rendered":"<p>Nein, ich m\u00c3\u00b6chte nicht jammern. Aber ich kann das kaum noch mit ansehen, wie die Fellnasen hier den ganzen Tag mehr vor sich hin vegetieren anstatt ihr Leben zu genie\u00c3\u0178en. Aber mit zus\u00c3\u00a4tzlichem Pelzmantel ist es wohl auch unertr\u00c3\u00a4glich.<\/p>\n<p>Nala verkriecht sich die meiste Zeit des Tages unter unserem Bett und schl\u00c3\u00a4ft. Wenn sie denn mal draussen ist (und diese Fotos sind schon ein paar Tage alt. Entstehungsdatum 06. Juli 2010, nachmittags 17:25 Uhr), dann schaut das ungef\u00c3\u00a4hr so aus:<\/p>\n<div style=\"text-align: center;\">\n  <img loading=\"lazy\" decoding=\"async\" src=\"http:\/\/terragina.de\/blog\/wp-content\/uploads\/2010\/07\/nala_2010_07_06_01.jpg\" width=\"580\" height=\"435\" alt=\"nala_2010_07_06_01.jpg\" \/>\n<\/div>\n<div style=\"text-align: center;\">\n  \n<\/div>\n<div style=\"text-align: center;\">\n  <img loading=\"lazy\" decoding=\"async\" src=\"http:\/\/terragina.de\/blog\/wp-content\/uploads\/2010\/07\/nala_2010_07_06_02.jpg\" width=\"580\" height=\"435\" alt=\"nala_2010_07_06_02.jpg\" \/>\n<\/div>\n<div style=\"text-align: center;\">\n  \n<\/div>\n<div style=\"text-align: center;\">\n  <img loading=\"lazy\" decoding=\"async\" src=\"http:\/\/terragina.de\/blog\/wp-content\/uploads\/2010\/07\/nala_2010_07_06_03.jpg\" width=\"580\" height=\"435\" alt=\"nala_2010_07_06_03.jpg\" \/>\n<\/div>\n<p>Dazu kommt noch, dass die Ventilatoren hier bei ca. 28\u00c2\u00b0C Innentemperatur nat\u00c3\u00bcrlich auch brav ihren Dienst verrichten. Dumm nur, dass Nala vor dem einen gro\u00c3\u0178en im Wohnzimmer Angst hat? Hmm, ich stelle das Ding dann immer mal aus, damit sie Richtung Futter und Katzentoilette durchkommt. Und ich hoffe nat\u00c3\u00bcrlich, dass sich diese Angst noch legt.<\/p>\n<p>Beverly geht`s auch nicht besser &#8211; jedoch hat sie schon gemerkt, dass es eigentlich ganz angenehm ist, in der N\u00c3\u00a4he des Ventis zu liegen. Nicht unmittelbar, aber so mit 2 m Abstand.<\/p>\n<div style=\"text-align: center;\">\n  <img loading=\"lazy\" decoding=\"async\" src=\"http:\/\/terragina.de\/blog\/wp-content\/uploads\/2010\/07\/beverly_20100711_01.jpg\" width=\"580\" height=\"435\" alt=\"beverly_20100711_01.jpg\" \/>\n<\/div>\n<p>Tags\u00c3\u00bcber trauen sich beide Miezen eigentlich gar nicht raus, ein kurzes N\u00c3\u00a4schen-Heraus-Strecken und schwupp-di-wupp sind sie wieder drinnen. Ich habe wirklich Mitleid. :-(<\/p>\n<p>Wie geht es Euren Fellnasen? Sicher ganz \u00c3\u00a4hnlich wie unseren und ich w\u00c3\u00bcrde mir f\u00c3\u00bcr die kommende Nacht eine deutliche Abk\u00c3\u00bchlung w\u00c3\u00bcnschen! (Ha ha, da hoffe ich wohl ein wenig zu viel &#8211; wahrscheinlich m\u00c3\u00bcssen wir uns die n\u00c3\u00a4chsten Tag noch mit den ca. 28\u00c2\u00b0C im Haus arrangieren). Auch die Gewitter, die f\u00c3\u00bcr`s vergangene Wochenende angek\u00c3\u00bcndigt waren, haben wieder einmal um unseren kleinen Vorort hier einen Bogen gemacht. :roll1: Nur ein paar wenige Tr\u00c3\u00b6pfchen fielen vom Himmel. :roll:<\/p>\n<p><\/p>\n<p>\u00c3\u0153brigens, was ich noch nicht erz\u00c3\u00a4hlt habe: Eine meiner beiden M\u00c3\u00a4dels (oder beide zusammen?) haben es tats\u00c3\u00a4chlich geschafft, das Katzennetz an zwei Stellen so zu bearbeiten, dass jetzt nur noch der Draht zu sehen ist. Wir haben jetzt doch noch einmal umdisponiert und werden das Katzennetz durch sogenannte Estrich-Matten (das sind Drahtgitter, die es g\u00c3\u00bcnstig im Baumarkt zu kaufen gibt) ersetzen. Dann haben wir hoffentlich entg\u00c3\u00bcltig keine Sorgen mehr!<\/p>\n","protected":false},"excerpt":{"rendered":"<p>Nein, ich m\u00c3\u00b6chte nicht jammern. Aber ich kann das kaum noch mit ansehen, wie die Fellnasen hier den ganzen Tag mehr vor sich hin vegetieren anstatt ihr Leben zu genie\u00c3\u0178en. Aber mit zus\u00c3\u00a4tzlichem Pelzmantel ist es wohl auch unertr\u00c3\u00a4glich. Nala verkriecht sich die meiste Zeit des Tages unter unserem Bett und schl\u00c3\u00a4ft. Wenn sie denn mal draussen ist (und diese Fotos sind schon ein paar Tage alt. Entstehungsdatum 06. Juli 2010, nachmittags 17:25 Uhr), dann schaut das ungef\u00c3\u00a4hr so aus: Dazu kommt noch, dass die Ventilatoren hier bei ca. 28\u00c2\u00b0C Innentemperatur nat\u00c3\u00bcrlich auch brav ihren Dienst verrichten. Dumm nur, dass Nala vor dem einen gro\u00c3\u0178en im Wohnzimmer Angst hat? Hmm, ich stelle das Ding dann immer mal aus, damit sie Richtung Futter und Katzentoilette durchkommt. Und ich hoffe nat\u00c3\u00bcrlich, dass sich diese Angst noch legt. Beverly geht`s auch nicht besser &#8211; jedoch hat sie schon gemerkt, dass es eigentlich ganz angenehm ist, in der N\u00c3\u00a4he des Ventis zu liegen. Nicht unmittelbar, aber so mit 2 m Abstand. Tags\u00c3\u00bcber trauen sich beide Miezen eigentlich gar nicht &hellip;<\/p>\n","protected":false},"author":1,"featured_media":0,"comment_status":"open","ping_status":"open","sticky":false,"template":"","format":"standard","meta":{"_jetpack_newsletter_access":"","_jetpack_dont_email_post_to_subs":false,"_jetpack_newsletter_tier_id":0,"_jetpack_memberships_contains_paywalled_content":false,"_jetpack_memberships_contains_paid_content":false,"footnotes":""},"categories":[],"tags":[965,39,30,353],"class_list":["post-4027","post","type-post","status-publish","format-standard","hentry","tag-beverly","tag-katzen","tag-maine-coon","tag-nala"],"jetpack_sharing_enabled":true,"jetpack_shortlink":"https:\/\/wp.me\/pq7aY-12X","jetpack_likes_enabled":true,"jetpack-related-posts":[],"jetpack_featured_media_url":"","_links":{"self":[{"href":"https:\/\/terragina.de\/blog\/wp-json\/wp\/v2\/posts\/4027","targetHints":{"allow":["GET"]}}],"collection":[{"href":"https:\/\/terragina.de\/blog\/wp-json\/wp\/v2\/posts"}],"about":[{"href":"https:\/\/terragina.de\/blog\/wp-json\/wp\/v2\/types\/post"}],"author":[{"embeddable":true,"href":"https:\/\/terragina.de\/blog\/wp-json\/wp\/v2\/users\/1"}],"replies":[{"embeddable":true,"href":"https:\/\/terragina.de\/blog\/wp-json\/wp\/v2\/comments?post=4027"}],"version-history":[{"count":0,"href":"https:\/\/terragina.de\/blog\/wp-json\/wp\/v2\/posts\/4027\/revisions"}],"wp:attachment":[{"href":"https:\/\/terragina.de\/blog\/wp-json\/wp\/v2\/media?parent=4027"}],"wp:term":[{"taxonomy":"category","embeddable":true,"href":"https:\/\/terragina.de\/blog\/wp-json\/wp\/v2\/categories?post=4027"},{"taxonomy":"post_tag","embeddable":true,"href":"https:\/\/terragina.de\/blog\/wp-json\/wp\/v2\/tags?post=4027"}],"curies":[{"name":"wp","href":"https:\/\/api.w.org\/{rel}","templated":true}]}}