{"id":4049,"date":"2010-07-15T14:49:02","date_gmt":"2010-07-15T12:49:02","guid":{"rendered":"http:\/\/terragina.de\/blog\/2010\/07\/15\/projekt-122010-der-juli\/"},"modified":"2011-07-09T10:06:48","modified_gmt":"2011-07-09T08:06:48","slug":"projekt-122010-der-juli","status":"publish","type":"post","link":"https:\/\/terragina.de\/blog\/2010\/07\/15\/projekt-122010-der-juli\/","title":{"rendered":"Projekt 12\/2010 &#8211; der Juli"},"content":{"rendered":"<p><img loading=\"lazy\" decoding=\"async\" style=\"float: left; margin-right: 10px; margin-bottom: 10px;\" src=\"http:\/\/terragina.de\/blog\/wp-content\/uploads\/2010\/01\/zwoelf2010_klein.png\" alt=\"zwoelf2010_klein.png\" width=\"156\" height=\"28\" \/>Es ist wieder mal kurz vor knapp (war die Deadline eigentlich am 14. oder 15. eines jeden Monats?) &#8211; bitte entschuldigt. Nach der gro\u00c3\u0178en Hitze habe ich mich heute bei etwas angenehmeren Temperaturen aufgemacht zu \u00e2\u20ac\u017emeiner\u00e2\u20ac\u009d S-Bahn-Haltestelle und habe das folgende Foto geschossen. Auf meine <a title=\"Foto-\u00c3\u0153bersicht Projekt zw\u00c3\u00b6lf2010\" href=\"http:\/\/terragina.de\/blog\/zwoelf2010-2\/\">Projektseite<\/a> habe ich es auch schon hochgeladen. <a title=\"Fotoprojekt zw\u00c3\u00b6lf2010 bei Jana\" href=\"http:\/\/www.janasworld.de\/2009\/11\/22\/fotoprojekt-zwoelf2010-2\/\">Janas Projekt<\/a> verdient wirklich Aufmerksamkeit &#8211; so viel M\u00c3\u00bche, wie sich sich immer gibt. Liebe Jana &#8211; es tut mir leid &#8211; aber mir war es wirklich die letzten Tage bei 35\u00c2\u00b0 zu warm, dort runter zu marschieren&#8230; :(<\/p>\n<p>Hier kommt nun also mein Juli-Bildchen (diesmal ist mir der Bildausschnitt wieder etwas besser gelungen *find*). Eigentlich hat sich im Vergleich zum Vormonat nicht wirklich viel getan:<\/p>\n<p><\/p>\n<div style=\"text-align: center;\">\n  <a href=\"http:\/\/terragina.de\/blog\/wp-content\/uploads\/2010\/07\/zwoelf2010_07_900x543.jpg\" rel=\"lightbox[4049]\"><img loading=\"lazy\" decoding=\"async\" src=\"http:\/\/terragina.de\/blog\/wp-content\/uploads\/2010\/07\/zwoelf2010_07_900x543-tm.jpg\" width=\"300\" height=\"181\" title=\"Projekt 12\/2010 - Der Juli\" alt=\"zwoelf2010_07_900x543.jpg\" \/><\/a>\n<\/div>\n<div style=\"text-align: center;\">\n  <em>~ klick macht gro\u00c3\u0178 ~<\/em>\n<\/div>\n<p>Oder f\u00c3\u00a4llt Euch vielleicht eine besondere Ver\u00c3\u00a4nderung auf? Mal schauen, wie es im n\u00c3\u00a4chsten Monat wieder aussieht. ;)<\/p>\n<p><a title=\"Projekt-Teilnehmer 101 bis 200\" href=\"http:\/\/www.janasworld.de\/fotografie\/fotoprojekt-zwoelf2010-2\/fotoprojekt-zwoelf2010-101-150\/\">\u00c3\u0153bersicht der Teilnehmer-Bilder 101-150<\/a><\/p>\n<p><a title=\"Flickr-Gruppe zwoelf2010\" href=\"http:\/\/www.flickr.com\/groups\/1300582@N23\/\">Flickr-Foto-Gruppe<\/a>.<\/p>\n","protected":false},"excerpt":{"rendered":"<p>Es ist wieder mal kurz vor knapp (war die Deadline eigentlich am 14. oder 15. eines jeden Monats?) &#8211; bitte entschuldigt. Nach der gro\u00c3\u0178en Hitze habe ich mich heute bei etwas angenehmeren Temperaturen aufgemacht zu \u00e2\u20ac\u017emeiner\u00e2\u20ac\u009d S-Bahn-Haltestelle und habe das folgende Foto geschossen. Auf meine Projektseite habe ich es auch schon hochgeladen. Janas Projekt verdient wirklich Aufmerksamkeit &#8211; so viel M\u00c3\u00bche, wie sich sich immer gibt. Liebe Jana &#8211; es tut mir leid &#8211; aber mir war es wirklich die letzten Tage bei 35\u00c2\u00b0 zu warm, dort runter zu marschieren&#8230; :( Hier kommt nun also mein Juli-Bildchen (diesmal ist mir der Bildausschnitt wieder etwas besser gelungen *find*). Eigentlich hat sich im Vergleich zum Vormonat nicht wirklich viel getan: ~ klick macht gro\u00c3\u0178 ~ Oder f\u00c3\u00a4llt Euch vielleicht eine besondere Ver\u00c3\u00a4nderung auf? Mal schauen, wie es im n\u00c3\u00a4chsten Monat wieder aussieht. ;) \u00c3\u0153bersicht der Teilnehmer-Bilder 101-150 Flickr-Foto-Gruppe.<\/p>\n","protected":false},"author":1,"featured_media":0,"comment_status":"open","ping_status":"open","sticky":false,"template":"","format":"standard","meta":{"_jetpack_newsletter_access":"","_jetpack_dont_email_post_to_subs":false,"_jetpack_newsletter_tier_id":0,"_jetpack_memberships_contains_paywalled_content":false,"_jetpack_memberships_contains_paid_content":false,"footnotes":""},"categories":[358],"tags":[957,980],"class_list":["post-4049","post","type-post","status-publish","format-standard","hentry","category-zwoelf2010","tag-foto","tag-zwoelf2010"],"jetpack_sharing_enabled":true,"jetpack_shortlink":"https:\/\/wp.me\/pq7aY-13j","jetpack_likes_enabled":true,"jetpack-related-posts":[],"jetpack_featured_media_url":"","_links":{"self":[{"href":"https:\/\/terragina.de\/blog\/wp-json\/wp\/v2\/posts\/4049","targetHints":{"allow":["GET"]}}],"collection":[{"href":"https:\/\/terragina.de\/blog\/wp-json\/wp\/v2\/posts"}],"about":[{"href":"https:\/\/terragina.de\/blog\/wp-json\/wp\/v2\/types\/post"}],"author":[{"embeddable":true,"href":"https:\/\/terragina.de\/blog\/wp-json\/wp\/v2\/users\/1"}],"replies":[{"embeddable":true,"href":"https:\/\/terragina.de\/blog\/wp-json\/wp\/v2\/comments?post=4049"}],"version-history":[{"count":0,"href":"https:\/\/terragina.de\/blog\/wp-json\/wp\/v2\/posts\/4049\/revisions"}],"wp:attachment":[{"href":"https:\/\/terragina.de\/blog\/wp-json\/wp\/v2\/media?parent=4049"}],"wp:term":[{"taxonomy":"category","embeddable":true,"href":"https:\/\/terragina.de\/blog\/wp-json\/wp\/v2\/categories?post=4049"},{"taxonomy":"post_tag","embeddable":true,"href":"https:\/\/terragina.de\/blog\/wp-json\/wp\/v2\/tags?post=4049"}],"curies":[{"name":"wp","href":"https:\/\/api.w.org\/{rel}","templated":true}]}}