{"id":4073,"date":"2010-07-18T15:56:46","date_gmt":"2010-07-18T13:56:46","guid":{"rendered":"http:\/\/terragina.de\/blog\/2010\/07\/18\/ein-unvergessliches-wochenende\/"},"modified":"2011-07-09T10:06:42","modified_gmt":"2011-07-09T08:06:42","slug":"ein-unvergessliches-wochenende","status":"publish","type":"post","link":"https:\/\/terragina.de\/blog\/2010\/07\/18\/ein-unvergessliches-wochenende\/","title":{"rendered":"Ein unvergessliches Wochenende"},"content":{"rendered":"<p>Der vergangene Freitag, der 16. Juli 2010, war ja ein richtig anstrengender \u00e2\u20ac\u017eHibbel-Tag\u00e2\u20ac\u009d. Auch, wenn ich wei\u00c3\u0178, dass das vollkommen unn\u00c3\u00b6tig ist. Aber so bin ich eben. ;) <a href=\"http:\/\/terragina.de\/blog\/2010\/07\/16\/ueberraschungen\/\" title=\"\u00c3\u0153berraschungen\">Hier<\/a> hatte ich meiner innneren Unruhe bereits ein wenig Luft gemacht.<\/p>\n<p>Am Nachmittag ging der Hobbykoch zu einem Kollegentreffen in den benachbarten Stadtteil, w\u00c3\u00a4hrend ich daheim unruhig wartete, was mich am Abend erwartet. Und dann war`s endlich soweit, es war glaube ich so ca. 18:30 Uhr? Ich wei\u00c3\u0178 es gar nicht mehr genau. Ich wei\u00c3\u0178 nur noch, dass ich gerade die T\u00c3\u00bcte mit dem Katzenstreu entsorgen wollte und sowieso auf dem Weg zur T\u00c3\u00bcr war, als es &#8211; nicht vollkommen unerwartet, aber doch in diesem Moment sehr \u00c3\u00bcberraschend &#8211; klingelte.<\/p>\n<div style=\"text-align: center;\">\n  <img loading=\"lazy\" decoding=\"async\" src=\"http:\/\/terragina.de\/blog\/wp-content\/uploads\/2010\/07\/birthday_01.jpg\" width=\"541\" height=\"434\" alt=\"birthday_01.jpg\" \/>\n<\/div>\n<p><\/p>\n<p>Und jetzt wollt Ihr sicher alle wissen, wer dort vor der T\u00c3\u00bcre stand?<\/p>\n<p>Zwei f\u00c3\u00bcr mich sehr wichtig gewordene Menschen standen dort&#8230; und ich hatte im Leben nicht mit ihnen gerechnet. :blush:<\/p>\n<p>Von <a href=\"http:\/\/www.fabella.de\/blog\" title=\"Fabella hat immer sch\u00c3\u00b6ne Geschichten zu erz\u00c3\u00a4hlen.\">ihr<\/a> bekam ich schon kurz nach dem Verschicken der Einladungskarte eine Absage. Ich war sehr traurig dar\u00c3\u00bcber, aber in Anbetracht der Tatsache, dass sie mir einen \u00e2\u20ac\u017eErsatzbesuch\u00e2\u20ac\u009d Ende Juli vorschlug, war ich nicht mehr ganz so traurig.<\/p>\n<p><a href=\"http:\/\/fraeuleinfrieda.wordpress.com\" title=\"Mein liebes Frl. Frieda besuchen\">Sie<\/a> hatte ich erst am Samstag zu meiner kleinen Grillfete im Garten erwartet und staunte nicht schlecht, als sie &#8211; erstmalig &#8211; bei uns auch \u00c3\u00bcbernachtete. Herr Frieda sollte am n\u00c3\u00a4chsten Tag nachkommen. So hatten wir den ganzen Freitag-Abend und noch den ganzen Samstag Zeit f\u00c3\u00bcreinander. Meine Freude war riesig und ich habe quasi das ganze Wochenende irgendwie Geburtstag feiern d\u00c3\u00bcrfen.<\/p>\n<p><i>Aber der Reihe nach.<\/i><\/p>\n<p>Nun hatte ich also Besuch &#8211; und der war hungrig. Der Hobbykoch w\u00c3\u00a4re nicht der Hobbykoch, wenn er nicht in k\u00c3\u00bcrzester Zeit ein sch\u00c3\u00b6nes Abendessen f\u00c3\u00bcr uns gezaubert h\u00c3\u00a4tte.<\/p>\n<div style=\"text-align: center;\">\n  <img loading=\"lazy\" decoding=\"async\" src=\"http:\/\/terragina.de\/blog\/wp-content\/uploads\/2010\/07\/birthday_02.jpg\" width=\"541\" height=\"434\" alt=\"birthday_02.jpg\" \/>\n<\/div>\n<p><\/p>\n<p>Wie zu erwarten war, hatten wir einen wunderbaren Abend mit vielen tollen Gespr\u00c3\u00a4chen, viel Lachen und guter Laune &#8211; und nicht zuletzt <span style=\"text-decoration: underline\">eventuell<\/span> ein bissel zu viel <s style=\"text-decoration: line-through\">Schlampenbrause<\/s> Prosecco bzw. M\u00c3\u00a4dchenbier. Bis 1:30 Uhr morgens sa\u00c3\u0178en wir zusammen &#8211; die Zeit verging mal wieder wie im Fluge.<\/p>\n<p>Eine weitere liebe Freundin konnte leider sehr unerwartet doch nicht kommen, was sehr, sehr schade ist, aber eben leider auch nicht zu \u00c3\u00a4ndern. Liebe <a href=\"http:\/\/scrap-moments.de\/\" title=\"Normis Blog\">Normi<\/a>, sei nicht traurig, wir werden uns wiedersehen und dann ebenso sch\u00c3\u00b6ne Stunden gemeinsam verbringen &#8211; ich wei\u00c3\u0178 das! :yes: Im Laufe des Abends kam \u00c3\u00bcbrigens noch eine weitere befreundete Familie aus dem Stadtteil, die mir leider f\u00c3\u00bcr die Feier am Samstag im Vorfeld aus triftigen Gr\u00c3\u00bcnden abgesagt hatte. Sie stand auf einmal pl\u00c3\u00b6tzlich vor der T\u00c3\u00bcr. Der Hobbykoch hat eben ein wahres Organisationstalent. :yes: Auch dar\u00c3\u00bcber habe ich mich riesig gefreut &#8211; es war toll, so gl\u00c3\u00bccklich mit lieben Menschen in das neue Lebensjahrzehnt zu starten!<\/p>\n<p>Mehr Fotos gibt`s von dem Abend leider nicht, wir hatten keine Zeit. ;)<\/p>\n<p>~~~~~~~~~~~~~~~~~~~~~~~~~~~~~~~<\/p>\n<p>Samstag morgen, nach einem gemeinsamen Fr\u00c3\u00bchst\u00c3\u00bcck, wollten die M\u00c3\u00a4dels noch eine kleine Shoppingtour machen &#8211; gerne fuhren wir noch in einen immer wieder gern besuchten Klamottenladen und Fabella wollte gerne noch in <a href=\"http:\/\/stempelmeer.de\/\" title=\"Das Stempelmeer\">dieses Ladengesch\u00c3\u00a4ft<\/a>, was ich ihr nat\u00c3\u00bcrlich nicht abschlagen konnte. Der kleine schnelle Trip hat sich gelohnt und so fuhren wir z\u00c3\u00bcgig mit T\u00c3\u00bcten bepackt durch den Regen wieder nach Hause (nach so vielen Tagen Sonnenschein und Hitze &#8211; musste das sein?). Wie sch\u00c3\u00b6n, dass zum Nachmittag wieder freundliches Wetter angek\u00c3\u00bcndigt war. So kam es dann auch &#8211; mittags riss der Himmel auf.<\/p>\n<p>Nun blieb uns nicht mehr so viel Zeit f\u00c3\u00bcr die letzten Vorbereitungen f\u00c3\u00bcr die kleine Fete &#8211; aber die beiden M\u00c3\u00a4dels und der Hobbykoch griffen mir sehr, sehr tatkr\u00c3\u00a4ftig unter die Arme:<\/p>\n<div style=\"text-align: center;\">\n  <img loading=\"lazy\" decoding=\"async\" src=\"http:\/\/terragina.de\/blog\/wp-content\/uploads\/2010\/07\/birthday_03.jpg\" width=\"541\" height=\"434\" alt=\"birthday_03.jpg\" \/>\n<\/div>\n<p><\/p>\n<p>Da wurde geschnippelt was das Zeug hielt und ich war mit dem Backen eine<s>r<\/s>s Erdbeer-Zitronen-Bisquit<s style=\"text-decoration: line-through\">-Rolle<\/s> -Umschlags besch\u00c3\u00a4ftigt. Die hatte sich n\u00c3\u00a4mlich das Tochterkind gew\u00c3\u00bcnscht.<\/p>\n<div style=\"text-align: center;\">\n  <img loading=\"lazy\" decoding=\"async\" src=\"http:\/\/terragina.de\/blog\/wp-content\/uploads\/2010\/07\/birthday_04.jpg\" width=\"541\" height=\"434\" alt=\"birthday_04.jpg\" \/>\n<\/div>\n<div style=\"text-align: center;\">\n  <br \/>\n  <img loading=\"lazy\" decoding=\"async\" src=\"http:\/\/terragina.de\/blog\/wp-content\/uploads\/2010\/07\/birthday_05.jpg\" width=\"541\" height=\"434\" alt=\"birthday_05.jpg\" \/>\n<\/div>\n<p><\/p>\n<p>Alles fertig &#8211; nun konnte die Party beginnen und die anderen G\u00c3\u00a4ste kommen. Da aber noch ein wenig Zeit war, machten wir es uns noch ein, zwei St\u00c3\u00bcndchen im Garten bequem. Ihr entschuldigt, dass es davon keine Bilder gibt &#8211; wir haben so nett beieinander gesessen, da haben wir das Fotografieren mal wieder vergessen.<\/p>\n<p>Wir feierten den ganzen Abend, ich glaube, es haben sich alle sehr wohl gef\u00c3\u00bchlt und ich w\u00c3\u00bcnsche mir, dass alle die kleine Grillparty genossen haben. Geschmeckt hat es offensichtlich, denn es blieb kaum noch etwas \u00c3\u00bcbrig.<\/p>\n<p>Und eine weitere \u00c3\u0153berraschung gab es auch noch &#8211; davon aber etwas mehr in einem meiner n\u00c3\u00a4chsten Blogeintr\u00c3\u00a4ge. ;-)<\/p>\n<p><\/p>\n<p>Zum Schlu\u00c3\u0178 dieses Blogeintrages m\u00c3\u00b6chte ich mich <b>BEI ALLEN<\/b> bedanken! :hearts:<\/p>\n<ul>\n<li><font color=\"#FE3B84\">F\u00c3\u00bcr den super-super-tollen \u00c3\u0153berraschungsbesuch am Freitag abend. \u00e2\u2122\u00a5<\/font><\/li>\n<li><font color=\"#FE3B84\">F\u00c3\u00bcr die tatkr\u00c3\u00a4ftige Unterst\u00c3\u00bctzung bei den Vorbereitungen. \u00e2\u2122\u00a5<\/font><\/li>\n<li><font color=\"#FE3B84\">F\u00c3\u00bcr das tolle Dessert in \u00e2\u20ac\u017eSchwarz-Rot-Gold\u00e2\u20ac\u009d \u00e2\u2122\u00a5 von <a href=\"http:\/\/rotkraut.blogspot.com\" title=\"Die liebe Frau Rotkraut besuchen\">ihr<\/a>.<\/font><\/li>\n<li><font color=\"#FE3B84\">F\u00c3\u00bcr einen weiteren sehr leckeren Nachtisch. \u00e2\u2122\u00a5<\/font><\/li>\n<li><font color=\"#FE3B84\">F\u00c3\u00bcr alle Telefonate, Pings, SMS und Emails, P\u00c3\u00a4ckchen und Karten, die mich den ganzen Tag \u00c3\u00bcber erreichten. <span style=\"text-decoration: underline\">HABT VIELEN DANK!!<\/span> Ich habe mich \u00c3\u00bcber alle riesig gefreut, die an mich gedacht haben. Besonders \u00c3\u00bcber ein Ping aus Singapur und einen Anruf aus Kroatien! \u00e2\u2122\u00a5<\/font><\/li>\n<li><font color=\"#FE3B84\">F\u00c3\u00bcr den Besuch von sehr lieben Menschen, sei es bereits am Freitag oder am Samstag. \u00e2\u2122\u00a5<\/font><\/li>\n<li><font color=\"#FE3B84\">F\u00c3\u00bcr die vielen sch\u00c3\u00b6nen Gespr\u00c3\u00a4che und das herzliche Lachen. \u00e2\u2122\u00a5<\/font><\/li>\n<li><font color=\"#FE3B84\">F\u00c3\u00bcr die vielen lieben Worte, die Ihr mir gesagt habt! \u00e2\u2122\u00a5<\/font><\/li>\n<li><font color=\"#FE3B84\">Und nat\u00c3\u00bcrlich f\u00c3\u00bcr die tollen Geschenke, ich werde bei jedem einzelnen St\u00c3\u00bcck an Euch denken und habe mich \u00c3\u00bcber ALLES total gefreut!! \u00e2\u2122\u00a5<\/font><\/li>\n<\/ul>\n<p><\/p>\n<p>Ein Foto von den ganzen sch\u00c3\u00b6nen Dingen habe ich zu einer kleinen Collage verbastelt&#8230;<\/p>\n<p><\/p>\n<div style=\"text-align: center;\">\n  <a href=\"http:\/\/terragina.de\/blog\/wp-content\/uploads\/2010\/07\/birthday_collage.jpg\" rel=\"lightbox[4073]\"><img loading=\"lazy\" decoding=\"async\" src=\"http:\/\/terragina.de\/blog\/wp-content\/uploads\/2010\/07\/birthday_collage-tm.jpg\" width=\"540\" height=\"288\" title=\"Vielen vielen Dank f\u00c3\u00bcr all die tollen Geschenke!\" alt=\"birthday_collage.jpg\" \/><\/a>\n<\/div>\n<p style=\"text-align: center;\"><i>~ klick macht gro\u00c3\u0178 ~<\/i><\/p>\n<p style=\"text-align: center;\"><big><b><font color=\"#FD8309\">DANKE<\/font> &#8211; <font color=\"#3D59AB\">DANKE<\/font> &#8211; <font color=\"#810A81\">DANKE<\/font> &#8211; <font color=\"#6BD877\">DANKE<\/font> &#8211; <font color=\"#FFA0CE\">DANKE<\/font> &#8211; <font color=\"#F3FF42\">DANKE<\/font> &#8211; <font color=\"#FD2726\">DANKE<\/font> &#8211; <font color=\"#4D9F91\">DANKE<\/font> &#8211; <font color=\"#FE3B84\">DANKE<\/font><\/b><\/big><\/p>\n<p style=\"text-align: center;\"><font color=\"#FE3B84\" size=\"4\"><span style=\"font-size: 14px;\"><b><br \/><\/b><\/span><\/font><\/p>\n","protected":false},"excerpt":{"rendered":"<p>Der vergangene Freitag, der 16. Juli 2010, war ja ein richtig anstrengender \u00e2\u20ac\u017eHibbel-Tag\u00e2\u20ac\u009d. Auch, wenn ich wei\u00c3\u0178, dass das vollkommen unn\u00c3\u00b6tig ist. Aber so bin ich eben. ;) Hier hatte ich meiner innneren Unruhe bereits ein wenig Luft gemacht. Am Nachmittag ging der Hobbykoch zu einem Kollegentreffen in den benachbarten Stadtteil, w\u00c3\u00a4hrend ich daheim unruhig wartete, was mich am Abend erwartet. Und dann war`s endlich soweit, es war glaube ich so ca. 18:30 Uhr? Ich wei\u00c3\u0178 es gar nicht mehr genau. Ich wei\u00c3\u0178 nur noch, dass ich gerade die T\u00c3\u00bcte mit dem Katzenstreu entsorgen wollte und sowieso auf dem Weg zur T\u00c3\u00bcr war, als es &#8211; nicht vollkommen unerwartet, aber doch in diesem Moment sehr \u00c3\u00bcberraschend &#8211; klingelte. Und jetzt wollt Ihr sicher alle wissen, wer dort vor der T\u00c3\u00bcre stand? Zwei f\u00c3\u00bcr mich sehr wichtig gewordene Menschen standen dort&#8230; und ich hatte im Leben nicht mit ihnen gerechnet. :blush: Von ihr bekam ich schon kurz nach dem Verschicken der Einladungskarte eine Absage. Ich war sehr traurig dar\u00c3\u00bcber, aber in Anbetracht der Tatsache, dass sie &hellip;<\/p>\n","protected":false},"author":1,"featured_media":0,"comment_status":"open","ping_status":"open","sticky":false,"template":"","format":"standard","meta":{"_jetpack_newsletter_access":"","_jetpack_dont_email_post_to_subs":false,"_jetpack_newsletter_tier_id":0,"_jetpack_memberships_contains_paywalled_content":false,"_jetpack_memberships_contains_paid_content":false,"footnotes":""},"categories":[2,114],"tags":[957,96,973],"class_list":["post-4073","post","type-post","status-publish","format-standard","hentry","category-foto","category-plauderecke","tag-foto","tag-freunde","tag-plauderecke"],"jetpack_sharing_enabled":true,"jetpack_shortlink":"https:\/\/wp.me\/pq7aY-13H","jetpack_likes_enabled":true,"jetpack-related-posts":[],"jetpack_featured_media_url":"","_links":{"self":[{"href":"https:\/\/terragina.de\/blog\/wp-json\/wp\/v2\/posts\/4073","targetHints":{"allow":["GET"]}}],"collection":[{"href":"https:\/\/terragina.de\/blog\/wp-json\/wp\/v2\/posts"}],"about":[{"href":"https:\/\/terragina.de\/blog\/wp-json\/wp\/v2\/types\/post"}],"author":[{"embeddable":true,"href":"https:\/\/terragina.de\/blog\/wp-json\/wp\/v2\/users\/1"}],"replies":[{"embeddable":true,"href":"https:\/\/terragina.de\/blog\/wp-json\/wp\/v2\/comments?post=4073"}],"version-history":[{"count":0,"href":"https:\/\/terragina.de\/blog\/wp-json\/wp\/v2\/posts\/4073\/revisions"}],"wp:attachment":[{"href":"https:\/\/terragina.de\/blog\/wp-json\/wp\/v2\/media?parent=4073"}],"wp:term":[{"taxonomy":"category","embeddable":true,"href":"https:\/\/terragina.de\/blog\/wp-json\/wp\/v2\/categories?post=4073"},{"taxonomy":"post_tag","embeddable":true,"href":"https:\/\/terragina.de\/blog\/wp-json\/wp\/v2\/tags?post=4073"}],"curies":[{"name":"wp","href":"https:\/\/api.w.org\/{rel}","templated":true}]}}