{"id":4155,"date":"2010-07-25T15:09:28","date_gmt":"2010-07-25T13:09:28","guid":{"rendered":"http:\/\/terragina.de\/blog\/2010\/07\/25\/von-bluemchen-und-bienchen\/"},"modified":"2011-07-09T10:06:26","modified_gmt":"2011-07-09T08:06:26","slug":"von-bluemchen-und-bienchen","status":"publish","type":"post","link":"https:\/\/terragina.de\/blog\/2010\/07\/25\/von-bluemchen-und-bienchen\/","title":{"rendered":"Von Bl\u00c3\u00bcmchen und Bienchen"},"content":{"rendered":"<p>Gestern vormitag, als ich den Garten betrat, sah ich sie! :yes: Meine erste, ureigene Hibiskusbl\u00c3\u00bcte.<\/p>\n<p>Im letzten Jahr haben wir ihn in unserem <a href=\"http:\/\/www.sunflower-gartencenter.de\/\" title=\"Sunflower\">Lieblings-Gartencenter<\/a> gekauft und eingebuddelt. Gebl\u00c3\u00bcht hat er da leider nicht mehr. Umso gr\u00c3\u00b6\u00c3\u0178er war also die Freude.<\/p>\n<div style=\"text-align: center;\">\n  <img loading=\"lazy\" decoding=\"async\" src=\"http:\/\/terragina.de\/blog\/wp-content\/uploads\/2010\/07\/hibiskus.jpg\" width=\"580\" height=\"435\" alt=\"hibiskus.jpg\" \/>\n<\/div>\n<p>F\u00c3\u00bcr mich und f\u00c3\u00bcr alle Hibiskus-Freunde habe ich <a href=\"http:\/\/www.gartendatenbank.de\/wiki\/hibiscus-syriacus\" title=\"Hibiskus (Eibisch)\">hier<\/a> eine sch\u00c3\u00b6ne Seite mit Informationen gefunden. <i>Ist es eigentlich normal, dass diese Bl\u00c3\u00bcten sich an nur einem Tag \u00c3\u00b6ffnen? Heute blieb sie n\u00c3\u00a4mlich geschlossen &#8211; es ist aber auch sehr wenig Sonne da.<\/i> :noidea:<\/p>\n<p>Gestern mittag waren wir ein weiteres Mal in eben diesem Gartencenter, erstmalig nach dem Umbau wollte auch der Hobbykoch mit und ich musste nicht alleine fahren. Projekt: Die L\u00c3\u00bccken im Garten sollen geschlossen werden. ;-)<\/p>\n<p>Ganz gem\u00c3\u00bctlich schlenderten wir durch die Halle und sp\u00c3\u00a4ter dann durch den Garten, wo wir einige sch\u00c3\u00b6ne Pfl\u00c3\u00a4nzchen ergattern konnten. So zum Beispiel zwei Gr\u00c3\u00a4ser, um endlich die L\u00c3\u00bccke zwischen dem gro\u00c3\u0178en kugeligen Buchsbaum und unserer \u00e2\u20ac\u017eBl\u00c3\u00bch-Pflanzen-Schale\u00e2\u20ac\u009d zu schlie\u00c3\u0178en:<\/p>\n<div style=\"text-align: center;\">\n  <img loading=\"lazy\" decoding=\"async\" src=\"http:\/\/terragina.de\/blog\/wp-content\/uploads\/2010\/07\/graeser.jpg\" width=\"580\" height=\"435\" alt=\"graeser.jpg\" \/>\n<\/div>\n<p>Im Vordergrund ein h\u00c3\u00bcbsches Gras mit hellen Streifen, dahinter eine <a href=\"http:\/\/www.pflanzen-vielfalt.de\/product.php?products_id=910696\" title=\"Morgenstern-Segge\">Morgenstern-Segge<\/a> (Carex grayi). Von letzterer haben wir bereits seit Jahren ein &#8211; sehr dankbares &#8211; Exemplar im Garten. H\u00c3\u00bcbsch anzuschauen und absolut pflegeleicht. So wie ich es mag! :blush1:<\/p>\n<p>Weiter ging`s durch`s Gartencenter. <a href=\"http:\/\/taytom.wordpress.com\/2010\/07\/22\/die-schonste-blume-der-welt\/\" title=\"F\u00c3\u00bcr Taytom die sch\u00c3\u00b6nste Blume der Welt\">Hier<\/a> darauf aufmerksam geworden, fiel mir als n\u00c3\u00a4chstes der <a href=\"http:\/\/www.bio-gaertner.de\/Articles\/I.Pflanzen-dieDatenbank\/Stauden-Sommerblumen_L-R\/Purpursonnenhut.html\" title=\"Echinacea Purpurea\">Purpursonnenhut<\/a> sofort ins Auge. Wirklich wundersch\u00c3\u00b6n und wahre Prachtexemplare standen dort. Ich konnte nicht widerstehen, warf dem Hobbykoch einen flehenden Blick zu und einer der K\u00c3\u00bcbel wanderte auf unseren Wagen. Nachdem <s>mein Besch\u00c3\u00bctzer<\/s> mein Hobbykoch erfolgreich etliche dicke Brummseln auf die anderen Stauden umlenkte.<\/p>\n<p>Zum Schlu\u00c3\u0178 fand noch ein <a href=\"http:\/\/salzburg.orf.at\/magazin\/leben\/hausundgarten\/stories\/17884\/\" title=\"Hibiscus Luna Rose\">Hibiscus Luna Rose<\/a> den Weg auf den Einkaufswagen. Eine andere Eibisch-Sorte als die, die ich oben fotografiert habe. Mit wundersch\u00c3\u00b6nen, dunklen Bl\u00c3\u00bcten. Wir suchten uns eine Staude aus, die besonders viele, aber noch geschlossene Knospen hat. Dann ging\u00c2\u00b4s nach Hause.<\/p>\n<p>Sofort machte ich mich ans Werk und fing an zu buddeln. Allerdings kam ich nicht allzu weit, denn bald stie\u00c3\u0178 ich mit dem Spaten auf eine dicke fette Wurzel (wohl noch ein \u00c3\u0153berbleibsel von dem Lavendelstrauch, der dort fr\u00c3\u00bcher mal gestanden hat). Da musste M\u00c3\u00a4nnerkraft ran und gemeinsam schafften wir es dann und bef\u00c3\u00b6rderten eine M\u00c3\u00b6rderwurzel ans Tageslicht. Nun war dort Platz genug f\u00c3\u00bcr den Sonnenhut. *lol*<\/p>\n<div style=\"text-align: center;\">\n  <img loading=\"lazy\" decoding=\"async\" src=\"http:\/\/terragina.de\/blog\/wp-content\/uploads\/2010\/07\/sonnenhut_hibiscus_luna_rose.jpg\" width=\"580\" height=\"435\" alt=\"sonnenhut_hibiscus_luna_rose.jpg\" \/>\n<\/div>\n<p>Rechts die Endless Summer &#8211; hinten der Sonnenhut und vorne der Hibiscus. Sobald eine Bl\u00c3\u00bcte offen ist, werde ich ein Foto nachreichen.<\/p>\n<p>Hier der Sonnenhut in seiner vollen Pracht:<\/p>\n<div style=\"text-align: center;\">\n  <img loading=\"lazy\" decoding=\"async\" src=\"http:\/\/terragina.de\/blog\/wp-content\/uploads\/2010\/07\/sonnenhut_01.jpg\" width=\"580\" height=\"435\" alt=\"sonnenhut_01.jpg\" \/>\n<\/div>\n<p>Kaum \u00e2\u20ac\u017esa\u00c3\u0178en\u00e2\u20ac\u009d die Pflanzen im Beet und waren gut gew\u00c3\u00a4ssert, ging es auch schon los: Reger Flugverkehr bei uns im Garten. Ob die Hummeln uns aus dem Gartencenter bis nach Hause verfolgt hatten?<\/p>\n<p>Und habe ich schon mal erw\u00c3\u00a4hnt, dass ich Bl\u00c3\u00bcmchenmakros liebe? Und Brummselmakros?<\/p>\n<div style=\"text-align: center;\">\n  <img loading=\"lazy\" decoding=\"async\" src=\"http:\/\/terragina.de\/blog\/wp-content\/uploads\/2010\/07\/sonnenhut_02.jpg\" width=\"580\" height=\"435\" alt=\"sonnenhut_02.jpg\" \/>\n<\/div>\n<div style=\"text-align: center;\">\n  <br \/>\n  <img loading=\"lazy\" decoding=\"async\" src=\"http:\/\/terragina.de\/blog\/wp-content\/uploads\/2010\/07\/sonnenhut_03.jpg\" width=\"580\" height=\"435\" alt=\"sonnenhut_03.jpg\" \/>\n<\/div>\n<div style=\"text-align: center;\">\n  <br \/>\n  <img loading=\"lazy\" decoding=\"async\" src=\"http:\/\/terragina.de\/blog\/wp-content\/uploads\/2010\/07\/sonnenhut_04.jpg\" width=\"580\" height=\"435\" alt=\"sonnenhut_04.jpg\" \/>\n<\/div>\n<div style=\"text-align: center;\">\n  <br \/>\n  <img loading=\"lazy\" decoding=\"async\" src=\"http:\/\/terragina.de\/blog\/wp-content\/uploads\/2010\/07\/sonnenhut_05.jpg\" width=\"580\" height=\"435\" alt=\"sonnenhut_05.jpg\" \/><img loading=\"lazy\" decoding=\"async\" src=\"http:\/\/terragina.de\/blog\/wp-content\/uploads\/2010\/07\/sonnenhut_06.jpg\" width=\"580\" height=\"435\" alt=\"sonnenhut_06.jpg\" \/>&nbsp;&nbsp;\n<\/div>\n<p><\/p>\n<div style=\"text-align: left;\">\n  Spitzen-Flugverkehrs-Zahlen: 2 gleichzeitig auf einer Bl\u00c3\u00bcte, 4 gleichzeitig auf der Pflanze. Ob das noch zu toppen ist? Ich werde berichten!\n<\/div>\n<div style=\"text-align: center;\">\n  \n<\/div>\n","protected":false},"excerpt":{"rendered":"<p>Gestern vormitag, als ich den Garten betrat, sah ich sie! :yes: Meine erste, ureigene Hibiskusbl\u00c3\u00bcte. Im letzten Jahr haben wir ihn in unserem Lieblings-Gartencenter gekauft und eingebuddelt. Gebl\u00c3\u00bcht hat er da leider nicht mehr. Umso gr\u00c3\u00b6\u00c3\u0178er war also die Freude. F\u00c3\u00bcr mich und f\u00c3\u00bcr alle Hibiskus-Freunde habe ich hier eine sch\u00c3\u00b6ne Seite mit Informationen gefunden. Ist es eigentlich normal, dass diese Bl\u00c3\u00bcten sich an nur einem Tag \u00c3\u00b6ffnen? Heute blieb sie n\u00c3\u00a4mlich geschlossen &#8211; es ist aber auch sehr wenig Sonne da. :noidea: Gestern mittag waren wir ein weiteres Mal in eben diesem Gartencenter, erstmalig nach dem Umbau wollte auch der Hobbykoch mit und ich musste nicht alleine fahren. Projekt: Die L\u00c3\u00bccken im Garten sollen geschlossen werden. ;-) Ganz gem\u00c3\u00bctlich schlenderten wir durch die Halle und sp\u00c3\u00a4ter dann durch den Garten, wo wir einige sch\u00c3\u00b6ne Pfl\u00c3\u00a4nzchen ergattern konnten. So zum Beispiel zwei Gr\u00c3\u00a4ser, um endlich die L\u00c3\u00bccke zwischen dem gro\u00c3\u0178en kugeligen Buchsbaum und unserer \u00e2\u20ac\u017eBl\u00c3\u00bch-Pflanzen-Schale\u00e2\u20ac\u009d zu schlie\u00c3\u0178en: Im Vordergrund ein h\u00c3\u00bcbsches Gras mit hellen Streifen, dahinter eine Morgenstern-Segge (Carex grayi). Von letzterer haben wir bereits &hellip;<\/p>\n","protected":false},"author":1,"featured_media":0,"comment_status":"open","ping_status":"closed","sticky":false,"template":"","format":"standard","meta":{"_jetpack_newsletter_access":"","_jetpack_dont_email_post_to_subs":false,"_jetpack_newsletter_tier_id":0,"_jetpack_memberships_contains_paywalled_content":false,"_jetpack_memberships_contains_paid_content":false,"footnotes":""},"categories":[2],"tags":[975,957,69,78,226,60],"class_list":["post-4155","post","type-post","status-publish","format-standard","hentry","category-foto","tag-blumen","tag-foto","tag-makro","tag-natur","tag-pflanzen","tag-sommer"],"jetpack_sharing_enabled":true,"jetpack_shortlink":"https:\/\/wp.me\/pq7aY-151","jetpack_likes_enabled":true,"jetpack-related-posts":[],"jetpack_featured_media_url":"","_links":{"self":[{"href":"https:\/\/terragina.de\/blog\/wp-json\/wp\/v2\/posts\/4155","targetHints":{"allow":["GET"]}}],"collection":[{"href":"https:\/\/terragina.de\/blog\/wp-json\/wp\/v2\/posts"}],"about":[{"href":"https:\/\/terragina.de\/blog\/wp-json\/wp\/v2\/types\/post"}],"author":[{"embeddable":true,"href":"https:\/\/terragina.de\/blog\/wp-json\/wp\/v2\/users\/1"}],"replies":[{"embeddable":true,"href":"https:\/\/terragina.de\/blog\/wp-json\/wp\/v2\/comments?post=4155"}],"version-history":[{"count":0,"href":"https:\/\/terragina.de\/blog\/wp-json\/wp\/v2\/posts\/4155\/revisions"}],"wp:attachment":[{"href":"https:\/\/terragina.de\/blog\/wp-json\/wp\/v2\/media?parent=4155"}],"wp:term":[{"taxonomy":"category","embeddable":true,"href":"https:\/\/terragina.de\/blog\/wp-json\/wp\/v2\/categories?post=4155"},{"taxonomy":"post_tag","embeddable":true,"href":"https:\/\/terragina.de\/blog\/wp-json\/wp\/v2\/tags?post=4155"}],"curies":[{"name":"wp","href":"https:\/\/api.w.org\/{rel}","templated":true}]}}