{"id":4234,"date":"2010-08-06T08:41:38","date_gmt":"2010-08-06T06:41:38","guid":{"rendered":"http:\/\/terragina.de\/blog\/2010\/08\/06\/freitags-fueller-71\/"},"modified":"2011-07-09T10:05:53","modified_gmt":"2011-07-09T08:05:53","slug":"freitags-fueller-71","status":"publish","type":"post","link":"https:\/\/terragina.de\/blog\/2010\/08\/06\/freitags-fueller-71\/","title":{"rendered":"Freitags-F\u00c3\u00bcller #71"},"content":{"rendered":"<p>Ja ist denn schon wieder Freitag? Kann mir mal jemand sagen, warum die Zeit so rennt?<\/p>\n<p>Ich kann mich noch gut daran erinnern, als ich Teenager war. Wie sehns\u00c3\u00bcchtig habe ich darauf gewartet, erst 16 und zwei Jahre sp\u00c3\u00a4ter dann &#8211; endlich &#8211; 18 zu sein. Auch der 21. Geburtstag war noch etwas Besonderes.<\/p>\n<p>Dann kamen irgendwann die Kinder auf die Welt (p\u00c3\u00bcnktlich zum 24. Geburtstag &#8211; also Nummer 1 meine ich&#8230;) und seitdem rast die Zeit nur so dahin. Aber darum soll es hier und heute gar nicht gehen &#8211; es ist wieder ein Freitag und somit Zeit f\u00c3\u00bcr Barbaras<\/p>\n<div style=\"text-align: center;\">\n  <a title=\"Barbara`s Scrap-Impulse mitnehmen\" href=\"http:\/\/scrap-impulse.typepad.com\/scrapimpulse\/2010\/08\/freitagsf%C3%BCller-71.html\"><img loading=\"lazy\" decoding=\"async\" src=\"http:\/\/terragina.de\/blog\/images\/freitags_fueller.jpg\" alt=\"freitags_fueller.jpg\" width=\"400\" height=\"87\" \/><\/a>\n<\/div>\n<div style=\"text-align: left;\">\n  Ein Klick auf den roten Schriftzug bringt Dich zum L\u00c3\u00bcckentext , solltest auch Du den unwiderstehlichen Drang versp\u00c3\u00bcren, die L\u00c3\u00bccken auszuf\u00c3\u00bcllen.\n<\/div>\n<div style=\"text-align: left;\">\n  \n<\/div>\n<div style=\"text-align: left;\">\n  Meine \u00e2\u20ac\u017eAusf\u00c3\u00bcller\u00e2\u20ac\u009d heute mal in \u00e2\u20ac\u017ebold\u00e2\u20ac\u009d und orange:\n<\/div>\n<p><\/p>\n<div style=\"text-align: left;\">\n  \n<\/div>\n<div style=\"text-align: left;\">\n<div style=\"text-align: left;\">\n    1. Ich werde <b><font color=\"#D37728\">in K\u00c3\u00bcrze zusehen, dass ich in die P\u00c3\u00b6tte komme. Es mu\u00c3\u0178 dringend noch eine zweite k\u00c3\u00bcrzere Fitnesshose her<\/font><\/b>.\n  <\/div>\n<div style=\"text-align: left;\">\n    \n  <\/div>\n<p><\/p>\n<div style=\"text-align: left;\">\n    2. <b><font color=\"#D37728\">\u00e2\u20ac\u017eDolce&amp;Gabbana &#8211; The One\u00e2\u20ac\u009d<\/font><\/b> ist zur Zeit mein Lieblingsduft. <b><font color=\"#D37728\">Aber die Sommermonate \u00c3\u00bcberstehe ich auch selten ohne Jil Sanders \u00e2\u20ac\u017eSun\u00e2\u20ac\u009d.<\/font><\/b>\n  <\/div>\n<div style=\"text-align: left;\">\n    \n  <\/div>\n<p><\/p>\n<div style=\"text-align: left;\">\n    3. Leidenschaft i<b><font color=\"#D37728\">st eine das Gem\u00c3\u00bct v\u00c3\u00b6llig ergreifende Emotion &#8211; laut Wikipedia<\/font><\/b>.\n  <\/div>\n<div style=\"text-align: left;\">\n    \n  <\/div>\n<p><\/p>\n<div style=\"text-align: left;\">\n    4. Im August wird <b><font color=\"#D37728\">viel gefeiert, viele Freunde und Bekannte haben Geburtstag. Es gibt sie halt, die geburtenstarken Monate&#8230;<\/font><\/b>\n  <\/div>\n<div style=\"text-align: left;\">\n    \n  <\/div>\n<p><\/p>\n<div style=\"text-align: left;\">\n    5. Irgendwann wacht man auf <b><font color=\"#D37728\">und dann hat sie einen wieder &#8211; die Realit\u00c3\u00a4t<\/font><\/b>.\n  <\/div>\n<div style=\"text-align: left;\">\n    \n  <\/div>\n<p><\/p>\n<div style=\"text-align: left;\">\n    6. <b><font color=\"#D37728\">Manche Dinge mu\u00c3\u0178 man einfach tun. Augen zu und durch &#8211;<\/font><\/b> egal wie schwierig es ist . <b><font color=\"#D37728\">Hinterher ist man dann vielleicht froh, es geschafft zu haben.<\/font><\/b>\n  <\/div>\n<div style=\"text-align: left;\">\n    \n  <\/div>\n<p><\/p>\n<div style=\"text-align: left;\">\n    7. Was das Wochenende angeht, heute Abend freue ich mich auf <b><font color=\"#D37728\">einen ruhigen Abend in trauter Zweisamkeit<\/font><\/b> , morgen habe ich <b><font color=\"#D37728\">tags\u00c3\u00bcber ein wenig Haushalt machen und am Nachmittag und Abend eine Garten-Grillfeier mit einigen sehr lieben Menschen<\/font><\/b> geplant und Sonntag m\u00c3\u00b6chte ich <b><font color=\"#D37728\">vielleicht ins Fitness-Studio, oder vielleicht doch lieber erst Montag?<\/font><\/b>\n  <\/div>\n<\/div>\n<div style=\"text-align: left;\">\n  \n<\/div>\n<p><\/p>\n<div style=\"text-align: left;\">\n  Das war`s von mir f\u00c3\u00bcr heute &#8211; ich w\u00c3\u00bcnsche all meinen Leserinnen und Lesern ein wundersch\u00c3\u00b6nes Wochenende. Wenn die Wetterfr\u00c3\u00b6sche Recht behalten, dann wird es wieder sommerlich &#8211; das w\u00c3\u00a4re zu sch\u00c3\u00b6n!\n<\/div>\n<div style=\"text-align: left;\">\n  \n<\/div>\n","protected":false},"excerpt":{"rendered":"<p>Ja ist denn schon wieder Freitag? Kann mir mal jemand sagen, warum die Zeit so rennt? Ich kann mich noch gut daran erinnern, als ich Teenager war. Wie sehns\u00c3\u00bcchtig habe ich darauf gewartet, erst 16 und zwei Jahre sp\u00c3\u00a4ter dann &#8211; endlich &#8211; 18 zu sein. Auch der 21. Geburtstag war noch etwas Besonderes. Dann kamen irgendwann die Kinder auf die Welt (p\u00c3\u00bcnktlich zum 24. Geburtstag &#8211; also Nummer 1 meine ich&#8230;) und seitdem rast die Zeit nur so dahin. Aber darum soll es hier und heute gar nicht gehen &#8211; es ist wieder ein Freitag und somit Zeit f\u00c3\u00bcr Barbaras Ein Klick auf den roten Schriftzug bringt Dich zum L\u00c3\u00bcckentext , solltest auch Du den unwiderstehlichen Drang versp\u00c3\u00bcren, die L\u00c3\u00bccken auszuf\u00c3\u00bcllen. Meine \u00e2\u20ac\u017eAusf\u00c3\u00bcller\u00e2\u20ac\u009d heute mal in \u00e2\u20ac\u017ebold\u00e2\u20ac\u009d und orange: 1. Ich werde in K\u00c3\u00bcrze zusehen, dass ich in die P\u00c3\u00b6tte komme. Es mu\u00c3\u0178 dringend noch eine zweite k\u00c3\u00bcrzere Fitnesshose her. 2. \u00e2\u20ac\u017eDolce&amp;Gabbana &#8211; The One\u00e2\u20ac\u009d ist zur Zeit mein Lieblingsduft. Aber die Sommermonate \u00c3\u00bcberstehe ich auch selten ohne Jil Sanders \u00e2\u20ac\u017eSun\u00e2\u20ac\u009d. 3. Leidenschaft ist &hellip;<\/p>\n","protected":false},"author":1,"featured_media":0,"comment_status":"open","ping_status":"open","sticky":false,"template":"","format":"standard","meta":{"_jetpack_newsletter_access":"","_jetpack_dont_email_post_to_subs":false,"_jetpack_newsletter_tier_id":0,"_jetpack_memberships_contains_paywalled_content":false,"_jetpack_memberships_contains_paid_content":false,"footnotes":""},"categories":[114],"tags":[973],"class_list":["post-4234","post","type-post","status-publish","format-standard","hentry","category-plauderecke","tag-plauderecke"],"jetpack_sharing_enabled":true,"jetpack_shortlink":"https:\/\/wp.me\/pq7aY-16i","jetpack_likes_enabled":true,"jetpack-related-posts":[],"jetpack_featured_media_url":"","_links":{"self":[{"href":"https:\/\/terragina.de\/blog\/wp-json\/wp\/v2\/posts\/4234","targetHints":{"allow":["GET"]}}],"collection":[{"href":"https:\/\/terragina.de\/blog\/wp-json\/wp\/v2\/posts"}],"about":[{"href":"https:\/\/terragina.de\/blog\/wp-json\/wp\/v2\/types\/post"}],"author":[{"embeddable":true,"href":"https:\/\/terragina.de\/blog\/wp-json\/wp\/v2\/users\/1"}],"replies":[{"embeddable":true,"href":"https:\/\/terragina.de\/blog\/wp-json\/wp\/v2\/comments?post=4234"}],"version-history":[{"count":0,"href":"https:\/\/terragina.de\/blog\/wp-json\/wp\/v2\/posts\/4234\/revisions"}],"wp:attachment":[{"href":"https:\/\/terragina.de\/blog\/wp-json\/wp\/v2\/media?parent=4234"}],"wp:term":[{"taxonomy":"category","embeddable":true,"href":"https:\/\/terragina.de\/blog\/wp-json\/wp\/v2\/categories?post=4234"},{"taxonomy":"post_tag","embeddable":true,"href":"https:\/\/terragina.de\/blog\/wp-json\/wp\/v2\/tags?post=4234"}],"curies":[{"name":"wp","href":"https:\/\/api.w.org\/{rel}","templated":true}]}}