{"id":4293,"date":"2010-08-14T19:28:40","date_gmt":"2010-08-14T17:28:40","guid":{"rendered":"http:\/\/terragina.de\/blog\/2010\/08\/14\/projekt-122010-der-august\/"},"modified":"2011-07-09T10:05:31","modified_gmt":"2011-07-09T08:05:31","slug":"projekt-122010-der-august","status":"publish","type":"post","link":"https:\/\/terragina.de\/blog\/2010\/08\/14\/projekt-122010-der-august\/","title":{"rendered":"Projekt 12\/2010 &#8211; der August"},"content":{"rendered":"<p><img loading=\"lazy\" decoding=\"async\" style=\"float: left; margin-right: 10px; margin-bottom: 10px;\" src=\"http:\/\/terragina.de\/blog\/wp-content\/uploads\/2010\/01\/zwoelf2010_klein.png\" alt=\"zwoelf2010_klein.png\" width=\"156\" height=\"28\" \/>Warum ich es immer erst auf den letzten Dr\u00c3\u00bccker schaffe, ist mir selber ein R\u00c3\u00a4tsel. :blush1: Andererseits wird so das Foto auch wirklich fast immer am gleichen Tag eines jeden Monats geknipst. Viel hat sich vom Juli bis jetzt Mitte August nicht getan &#8211; sch\u00c3\u00b6n sieht man das auch auf meiner <a title=\"Foto-\u00c3\u0153bersicht Projekt zw\u00c3\u00b6lf2010\" href=\"http:\/\/terragina.de\/blog\/zwoelf2010-2\/\">Projektseite<\/a>. Wie ich bei Jana gelesen habe, sind mittlerweile die Teilnehmer um die H\u00c3\u00a4lfte geschrumpft, was ich pers\u00c3\u00b6nlich sehr schade finde. So richtig stolz ist man doch erst, wenn das Projekt rum ist und man dann wirklich einen kompletten Kalender voll hat.<\/p>\n<p><a title=\"Fotoprojekt zw\u00c3\u00b6lf2010 bei Jana\" href=\"http:\/\/www.janasworld.de\/2009\/11\/22\/fotoprojekt-zwoelf2010-2\/\">Janas Projekt<\/a> ist eine gro\u00c3\u0178artige Sache und ich schaue mir gerne die Fotos der Landschaften und Bauwerke auf ihrer \u00c3\u0153bersicht an, auch wenn oft die Zeit zum Kommentieren nicht reicht.<\/p>\n<p>Hier nun also kommt es &#8211; mein August-Bild, entstanden am fr\u00c3\u00bchen Abend des heutigen Tages:<\/p>\n<div style=\"text-align: left;\">\n  <\/p>\n<div style=\"text-align: center;\">\n    <img loading=\"lazy\" decoding=\"async\" src=\"http:\/\/terragina.de\/blog\/wp-content\/uploads\/2010\/08\/zwoelf2010_08_900x543.jpg\" width=\"480\" height=\"289\" alt=\"zwoelf2010_08_900x543.jpg\" \/>\n  <\/div>\n<\/div>\n<p><\/p>\n<div style=\"text-align: center;\">\n  <em>~ klick macht gro\u00c3\u0178 ~<\/em>\n<\/div>\n<p><\/p>\n<p>In den Sommermonaten tut sich nicht so viel. Mir ist aufgefallen, dass das Stoppelfeld rechts jetzt nur noch ein Acker ist und das Gr\u00c3\u00bcnzeug am Bahnsteigrand nochmal deutlich zugenommen hat &#8211; aber sonst?<\/p>\n<p><a title=\"Projekt-Teilnehmer 101 bis 200\" href=\"http:\/\/www.janasworld.de\/fotografie\/fotoprojekt-zwoelf2010-2\/fotoprojekt-zwoelf2010-101-150\/\">\u00c3\u0153bersicht der Teilnehmer-Bilder 101-150<\/a> <i>(Meine Teilnehmer-Nr. ist die 110)<\/i><\/p>\n<p><a title=\"Flickr-Gruppe zwoelf2010\" href=\"http:\/\/www.flickr.com\/groups\/1300582@N23\/\">Flickr-Foto-Gruppe<\/a>.<\/p>\n","protected":false},"excerpt":{"rendered":"<p>Warum ich es immer erst auf den letzten Dr\u00c3\u00bccker schaffe, ist mir selber ein R\u00c3\u00a4tsel. :blush1: Andererseits wird so das Foto auch wirklich fast immer am gleichen Tag eines jeden Monats geknipst. Viel hat sich vom Juli bis jetzt Mitte August nicht getan &#8211; sch\u00c3\u00b6n sieht man das auch auf meiner Projektseite. Wie ich bei Jana gelesen habe, sind mittlerweile die Teilnehmer um die H\u00c3\u00a4lfte geschrumpft, was ich pers\u00c3\u00b6nlich sehr schade finde. So richtig stolz ist man doch erst, wenn das Projekt rum ist und man dann wirklich einen kompletten Kalender voll hat. Janas Projekt ist eine gro\u00c3\u0178artige Sache und ich schaue mir gerne die Fotos der Landschaften und Bauwerke auf ihrer \u00c3\u0153bersicht an, auch wenn oft die Zeit zum Kommentieren nicht reicht. Hier nun also kommt es &#8211; mein August-Bild, entstanden am fr\u00c3\u00bchen Abend des heutigen Tages: ~ klick macht gro\u00c3\u0178 ~ In den Sommermonaten tut sich nicht so viel. Mir ist aufgefallen, dass das Stoppelfeld rechts jetzt nur noch ein Acker ist und das Gr\u00c3\u00bcnzeug am Bahnsteigrand nochmal deutlich zugenommen hat &#8211; aber &hellip;<\/p>\n","protected":false},"author":1,"featured_media":0,"comment_status":"open","ping_status":"open","sticky":false,"template":"","format":"standard","meta":{"_jetpack_newsletter_access":"","_jetpack_dont_email_post_to_subs":false,"_jetpack_newsletter_tier_id":0,"_jetpack_memberships_contains_paywalled_content":false,"_jetpack_memberships_contains_paid_content":false,"footnotes":""},"categories":[358],"tags":[957,980],"class_list":["post-4293","post","type-post","status-publish","format-standard","hentry","category-zwoelf2010","tag-foto","tag-zwoelf2010"],"jetpack_sharing_enabled":true,"jetpack_shortlink":"https:\/\/wp.me\/pq7aY-17f","jetpack_likes_enabled":true,"jetpack-related-posts":[],"jetpack_featured_media_url":"","_links":{"self":[{"href":"https:\/\/terragina.de\/blog\/wp-json\/wp\/v2\/posts\/4293","targetHints":{"allow":["GET"]}}],"collection":[{"href":"https:\/\/terragina.de\/blog\/wp-json\/wp\/v2\/posts"}],"about":[{"href":"https:\/\/terragina.de\/blog\/wp-json\/wp\/v2\/types\/post"}],"author":[{"embeddable":true,"href":"https:\/\/terragina.de\/blog\/wp-json\/wp\/v2\/users\/1"}],"replies":[{"embeddable":true,"href":"https:\/\/terragina.de\/blog\/wp-json\/wp\/v2\/comments?post=4293"}],"version-history":[{"count":0,"href":"https:\/\/terragina.de\/blog\/wp-json\/wp\/v2\/posts\/4293\/revisions"}],"wp:attachment":[{"href":"https:\/\/terragina.de\/blog\/wp-json\/wp\/v2\/media?parent=4293"}],"wp:term":[{"taxonomy":"category","embeddable":true,"href":"https:\/\/terragina.de\/blog\/wp-json\/wp\/v2\/categories?post=4293"},{"taxonomy":"post_tag","embeddable":true,"href":"https:\/\/terragina.de\/blog\/wp-json\/wp\/v2\/tags?post=4293"}],"curies":[{"name":"wp","href":"https:\/\/api.w.org\/{rel}","templated":true}]}}