{"id":4310,"date":"2010-08-18T18:08:36","date_gmt":"2010-08-18T16:08:36","guid":{"rendered":"http:\/\/terragina.de\/blog\/2010\/08\/18\/blog-katzen-news-sommer-rezepte\/"},"modified":"2011-07-09T10:05:25","modified_gmt":"2011-07-09T08:05:25","slug":"blog-katzen-news-sommer-rezepte","status":"publish","type":"post","link":"https:\/\/terragina.de\/blog\/2010\/08\/18\/blog-katzen-news-sommer-rezepte\/","title":{"rendered":"Blog- &#038; Katzen-News \/ Sommer-Rezepte"},"content":{"rendered":"<p>Seit ein paar Tagen halte ich den Atem an, wusste ich doch, dass meine Domain von den Servern in USA nach Berlin umziehen w\u00c3\u00bcrde. Heute nacht scheint alles \u00e2\u20ac\u017e\u00c3\u00bcber die B\u00c3\u00bchne\u00e2\u20ac\u009d gegangen zu sein und wie man sieht &#8211; Terragina gibt`s noch! Und wisst Ihr was? Ab sofort reicht es, im Browser nur noch Terragina.de einzugeben und schwupps, sind meine Besucher und ich selbst auf meinem Blog. ;)<\/p>\n<p>Ich m\u00c3\u00b6chte mich f\u00c3\u00bcr Eure Gute-Besserungs-W\u00c3\u00bcnsche bedanken. Es geht mir immer noch nicht 100%ig und ich bin ein wenig ko, aber es ist auch nicht wirklich schlimm. Nur f\u00c3\u00bcr meine Blogrunde habe ich derzeit nicht wirklich Muse, man\/frau sehe mir das bitte im Moment nach, es gibt auch noch diverse Dinge zu erledigen&#8230;.<\/p>\n<p>Was es hier Neues gibt?<\/p>\n<p>Aaalso, vorgestern (ja, eigentlich wollte ich es schon vorgestern bloggen&#8230;) brachte mir der Hobbykoch vom Lebensmittel-Einkauf das hier mit:<\/p>\n<div style=\"text-align: center;\">\n  <img loading=\"lazy\" decoding=\"async\" src=\"http:\/\/terragina.de\/blog\/wp-content\/uploads\/2010\/08\/sturbucks_coffee.jpg\" width=\"580\" height=\"435\" alt=\"sturbucks_coffee.jpg\" \/>\n<\/div>\n<p><\/p>\n<p>Star*bucks nun auch im Supermarkt meines Vertrauens? Schon jemand Erfahrung mit dem Kaffee aus dem K\u00c3\u00bchlschrank? Das vordere Getr\u00c3\u00a4nk geh\u00c3\u00b6rte der Tochter &#8211; der Becher ist leer. Lecker war`s (ich durfte probieren), aber auch recht s\u00c3\u00bc\u00c3\u0178. Ich hoffe, ich vergesse morgen nicht wieder, den Becher &#8211; den vollen, hinteren &#8211; in die Tasche zu stecken, wenn ich zur Arbeit fahre. ;) Denkt morgen fr\u00c3\u00bch mal jemand um kurz nach F\u00c3\u00bcnf an mich? Ich bin sehr gespannt &#8211; aber an den Caramel Macchiato <i>(low fat)<\/i> kommt der Inhalt ganz bestimmt nicht ran&#8230;<\/p>\n<p>Dann habe ich ein paar neue Bilder von der Katzenfront &#8211; wie oben in der \u00c3\u0153berschrift bereits erw\u00c3\u00a4hnt. :yes1: Da das Wetter noch immer recht dunkel und feucht draussen ist, musste ich leider eine kurze Belichtungszeit w\u00c3\u00a4hlen&#8230; aber mir gefallen die Bilder trotzdem:<\/p>\n<div style=\"text-align: center;\">\n  <img loading=\"lazy\" decoding=\"async\" src=\"http:\/\/terragina.de\/blog\/wp-content\/uploads\/2010\/08\/bev_nala_20100818_01.jpg\" width=\"580\" height=\"435\" alt=\"bev_nala_20100818_01.jpg\" \/>\n<\/div>\n<div style=\"text-align: center;\">\n  \n<\/div>\n<div style=\"text-align: center;\">\n  <img loading=\"lazy\" decoding=\"async\" src=\"http:\/\/terragina.de\/blog\/wp-content\/uploads\/2010\/08\/bev_nala_20100818_02.jpg\" width=\"580\" height=\"435\" alt=\"bev_nala_20100818_02.jpg\" \/>\n<\/div>\n<div style=\"text-align: center;\">\n  \n<\/div>\n<div style=\"text-align: center;\">\n  <img loading=\"lazy\" decoding=\"async\" src=\"http:\/\/terragina.de\/blog\/wp-content\/uploads\/2010\/08\/bev_nala_20100818_03.jpg\" width=\"580\" height=\"435\" alt=\"bev_nala_20100818_03.jpg\" \/>\n<\/div>\n<p><\/p>\n<p>Im Moment lassen wir die beiden nur wenig raus, weil ich nicht wirklich Lust darauf habe, dass ein nasses Katzentier einmal quer \u00c3\u00bcber unser Bett springt. Dann m\u00c3\u00bcssen die beiden H\u00c3\u00bcbschen es sich eben \u00e2\u20ac\u017eindoor\u00e2\u20ac\u009d gem\u00c3\u00bctlich machen. Aber wie es aussieht, l\u00c3\u00a4sst sich das auch ganz gut aushalten, oder?<\/p>\n<p><\/p>\n<div style=\"text-align: center\">\n  ~~~~~~~~~~~~~~~~~~~~~~~~~~~~~~~~~~~~~~~~\n<\/div>\n<p>\n<a href=\"http:\/\/terragina.de\/blog\/2010\/06\/28\/blogaktion-sommer-lieblings-rezepte\/\" target=\"blank\"><img loading=\"lazy\" decoding=\"async\" src=\"http:\/\/terragina.de\/blog\/wp-content\/uploads\/2010\/06\/sommer-lieblings-rezepte.jpg\" width=\"130\" height=\"130\" alt=\"sommer-lieblings-rezepte.jpg\" style=\"float:right; margin-bottom:10px; margin-left:10px;\" \/><\/a><\/p>\n<p>Zum Schlu\u00c3\u0178 meines heutigen Blog-Eintrages habe ich noch eine kleine Info, eine kleine Bitte bzw. Frage: Meine <a href=\"http:\/\/terragina.de\/blog\/2010\/06\/28\/blogaktion-sommer-lieblings-rezepte\/\" title=\"Sommer-Rezepte bei Terragina\">Sommer-Rezepte-Aktion<\/a> neigt sich ganz langsam dem Ende zu &#8211; aber es w\u00c3\u00a4re bzw. ist noch reichlich Platz f\u00c3\u00bcr leckere Rezepte. Wer also Lust hat, schaut doch mal vorbei und vielleicht hat ja auch die ein oder andere noch eine sch\u00c3\u00b6ne Idee?<\/p>\n<p>\u00c3\u0153brigens &#8211; im <a href=\"http:\/\/terragina.de\/blog\/2010\/07\/14\/der-immis-rezepte-artikel\/\" title=\"Rote Spaghetti in Immi`s-Rezepte-Artikel\">Immis Rezepte-Artikel<\/a> gibt`s seit wenigen Minuten auch etwas Neues&#8230;. :)<\/p>\n","protected":false},"excerpt":{"rendered":"<p>Seit ein paar Tagen halte ich den Atem an, wusste ich doch, dass meine Domain von den Servern in USA nach Berlin umziehen w\u00c3\u00bcrde. Heute nacht scheint alles \u00e2\u20ac\u017e\u00c3\u00bcber die B\u00c3\u00bchne\u00e2\u20ac\u009d gegangen zu sein und wie man sieht &#8211; Terragina gibt`s noch! Und wisst Ihr was? Ab sofort reicht es, im Browser nur noch Terragina.de einzugeben und schwupps, sind meine Besucher und ich selbst auf meinem Blog. ;) Ich m\u00c3\u00b6chte mich f\u00c3\u00bcr Eure Gute-Besserungs-W\u00c3\u00bcnsche bedanken. Es geht mir immer noch nicht 100%ig und ich bin ein wenig ko, aber es ist auch nicht wirklich schlimm. Nur f\u00c3\u00bcr meine Blogrunde habe ich derzeit nicht wirklich Muse, man\/frau sehe mir das bitte im Moment nach, es gibt auch noch diverse Dinge zu erledigen&#8230;. Was es hier Neues gibt? Aaalso, vorgestern (ja, eigentlich wollte ich es schon vorgestern bloggen&#8230;) brachte mir der Hobbykoch vom Lebensmittel-Einkauf das hier mit: Star*bucks nun auch im Supermarkt meines Vertrauens? Schon jemand Erfahrung mit dem Kaffee aus dem K\u00c3\u00bchlschrank? Das vordere Getr\u00c3\u00a4nk geh\u00c3\u00b6rte der Tochter &#8211; der Becher ist leer. Lecker war`s (ich &hellip;<\/p>\n","protected":false},"author":1,"featured_media":0,"comment_status":"open","ping_status":"open","sticky":false,"template":"","format":"standard","meta":{"_jetpack_newsletter_access":"","_jetpack_dont_email_post_to_subs":false,"_jetpack_newsletter_tier_id":0,"_jetpack_memberships_contains_paywalled_content":false,"_jetpack_memberships_contains_paid_content":false,"footnotes":""},"categories":[114],"tags":[965,25,30,353,973],"class_list":["post-4310","post","type-post","status-publish","format-standard","hentry","category-plauderecke","tag-beverly","tag-cats","tag-maine-coon","tag-nala","tag-plauderecke"],"jetpack_sharing_enabled":true,"jetpack_shortlink":"https:\/\/wp.me\/pq7aY-17w","jetpack_likes_enabled":true,"jetpack-related-posts":[],"jetpack_featured_media_url":"","_links":{"self":[{"href":"https:\/\/terragina.de\/blog\/wp-json\/wp\/v2\/posts\/4310","targetHints":{"allow":["GET"]}}],"collection":[{"href":"https:\/\/terragina.de\/blog\/wp-json\/wp\/v2\/posts"}],"about":[{"href":"https:\/\/terragina.de\/blog\/wp-json\/wp\/v2\/types\/post"}],"author":[{"embeddable":true,"href":"https:\/\/terragina.de\/blog\/wp-json\/wp\/v2\/users\/1"}],"replies":[{"embeddable":true,"href":"https:\/\/terragina.de\/blog\/wp-json\/wp\/v2\/comments?post=4310"}],"version-history":[{"count":0,"href":"https:\/\/terragina.de\/blog\/wp-json\/wp\/v2\/posts\/4310\/revisions"}],"wp:attachment":[{"href":"https:\/\/terragina.de\/blog\/wp-json\/wp\/v2\/media?parent=4310"}],"wp:term":[{"taxonomy":"category","embeddable":true,"href":"https:\/\/terragina.de\/blog\/wp-json\/wp\/v2\/categories?post=4310"},{"taxonomy":"post_tag","embeddable":true,"href":"https:\/\/terragina.de\/blog\/wp-json\/wp\/v2\/tags?post=4310"}],"curies":[{"name":"wp","href":"https:\/\/api.w.org\/{rel}","templated":true}]}}